{"id":15087,"date":"2022-03-14T14:56:54","date_gmt":"2022-03-14T14:56:54","guid":{"rendered":"http:\/\/www.pasadenahoy.com\/primero\/?p=15087"},"modified":"2022-03-14T14:56:56","modified_gmt":"2022-03-14T14:56:56","slug":"el-uso-de-mascaras-ya-no-es-obligatorio-en-las-escuelas-de-pasadena-a-partir-del-lunes-pero-algunos-tienen-dudas","status":"publish","type":"post","link":"http:\/\/www.pasadenahoy.com\/primero\/la-comunidad\/el-uso-de-mascaras-ya-no-es-obligatorio-en-las-escuelas-de-pasadena-a-partir-del-lunes-pero-algunos-tienen-dudas\/","title":{"rendered":"El uso de m\u00e1scaras ya no es obligatorio en las escuelas de Pasadena a partir del lunes, pero algunos tienen dudas"},"content":{"rendered":"\n<figure class=\"wp-block-image alignnone size-large\"><figure class=\"alignnone\"><img loading=\"lazy\" width=\"700\" height=\"378\" src=\"http:\/\/www.pasadenahoy.com\/primero\/wp-content\/uploads\/2022\/03\/pic-1-8.jpg\" alt=\"\" class=\"wp-image-15088\" srcset=\"http:\/\/www.pasadenahoy.com\/primero\/wp-content\/uploads\/2022\/03\/pic-1-8.jpg 700w, http:\/\/www.pasadenahoy.com\/primero\/wp-content\/uploads\/2022\/03\/pic-1-8-300x162.jpg 300w, http:\/\/www.pasadenahoy.com\/primero\/wp-content\/uploads\/2022\/03\/pic-1-8-241x130.jpg 241w, http:\/\/www.pasadenahoy.com\/primero\/wp-content\/uploads\/2022\/03\/pic-1-8-333x180.jpg 333w, http:\/\/www.pasadenahoy.com\/primero\/wp-content\/uploads\/2022\/03\/pic-1-8-360x194.jpg 360w\" sizes=\"100vw\" \/><figcaption><span class=\"caption-text\">En la reuni\u00f3n de la Junta Escolar del jueves pasado: Allison Steppes, Presidenta de United Teachers of Pasadena, Patrick Cahalan, miembro de la Junta Escolar, y Tina Fredericks, miembro de la Junta Escolar. [Im\u00e1genes cortes\u00eda de KPAS]<\/span><\/figcaption><\/figure><\/figure>\n\n\n\n<p>Los maestros y estudiantes de Pasadena no tienen que usar m\u00e1scaras en el interior de la escuela a partir del lunes como resultado de las pautas estatales y locales recientemente relajadas, pero el sindicato de maestros de Pasadena y varios miembros de la Junta Escolar no estaban completamente de acuerdo con la decisi\u00f3n.<\/p>\n\n\n\n<p>En la reuni\u00f3n de la junta del jueves pasado, la presidenta de United Teachers of Pasadena, Allison Steppes, le dijo a la junta que el sindicato abogaba por una pausa antes de que el distrito se retirara del mandato del uso de mascarillas.<\/p>\n\n\n\n<p>\u201cComo trabajadores esenciales en las aulas y en las escuelas, UTP pedir\u00eda un movimiento gradual hacia el levantamiento de las restricciones\u201d, dijo Steppes. \u201cNo todos, no todos los miembros est\u00e1n completamente a favor de quitarse las m\u00e1scaras, o mantenerlas puestas, no todos est\u00e1n en la misma p\u00e1gina\u201d.<\/p>\n\n\n\n<p>El miembro de la junta, Patrick Cahalan, estuvo de acuerdo con los maestros.<\/p>\n\n\n\n<p>\u201cEstoy con Allison en esto\u201d, dijo Cahalan. \u201cCreo que lo m\u00e1s prudente en esta etapa del juego es esperar hasta las vacaciones de primavera\u201d.<\/p>\n\n\n\n<p>La miembro de la junta Tina Fredericks dijo que el Distrito debe basar su decisi\u00f3n \u00fanicamente en lo que sucede dentro del Distrito Unificado de Pasadena, no en la ciudad o el condado en general.<\/p>\n\n\n\n<p>\u201cLo que deber\u00eda importarle al PUSD son los n\u00fameros del distrito que representan las condiciones reales de seguridad en el sal\u00f3n de clases para nuestros estudiantes y personal\u201d, dijo Fredericks.<\/p>\n\n\n\n<p>\u201cLevantemos el mandato de la m\u00e1scara cuando se cumplan ciertas condiciones. Sugerir\u00e9 una idea que surgi\u00f3 de un estudiante de PUSD que dijo que se debe permitir que una escuela levante el mandato de misa en interiores si alcanza un nivel m\u00ednimo de vacunaci\u00f3n\u201d.<\/p>\n\n\n\n<p>Fredericks dijo que apoyaba ese enfoque porque esa estrategia incentivar\u00eda a los estudiantes y las familias a vacunar a los estudiantes.<\/p>\n\n\n\n<p>La mayor\u00eda de la Junta apoy\u00f3 al superintendente Brian McDonald, quien recomend\u00f3 que el distrito alineara sus medidas de enmascaramiento \u201ca las de las autoridades de salud p\u00fablica a partir del lunes 14 de marzo\u201d.<\/p>\n\n\n\n<p>Las m\u00e1scaras no ser\u00e1n obligatorias, pero se recomiendan encarecidamente en el interior de las escuelas y guarder\u00edas del Distrito Unificado de Pasadena, dijo el distrito.<\/p>\n\n\n\n<p>Las reglas relajadas surgen en respuesta a la disminuci\u00f3n de los casos de COVID-19, menos hospitalizaciones y el aumento de las tasas de vacunaci\u00f3n.<\/p>\n\n\n\n<p>\u201cNuestras decisiones est\u00e1n guiadas por la ciencia e influenciadas por los padres, maestros, personal y, sobre todo, nuestros estudiantes\u201d, dijo McDonald el viernes en un correo electr\u00f3nico comunitario.<\/p>\n\n\n\n<p>McDonald dijo que los mandatos de enmascaramiento del PUSD siguen vigentes en las siguientes circunstancias:<\/p>\n\n\n\n<p>Los estudiantes expuestos, identificados como contactos cercanos, deben usar m\u00e1scaras durante 10 d\u00edas despu\u00e9s de la exposici\u00f3n.<\/p>\n\n\n\n<p>Los estudiantes expuestos que no est\u00e9n vacunados o que no est\u00e9n completamente vacunados deben usar m\u00e1scaras al regresar a la escuela despu\u00e9s de la cuarentena desde el d\u00eda 6 hasta el d\u00eda 10.<\/p>\n\n\n\n<p>Los estudiantes y miembros del personal en un autob\u00fas u otro transporte del PUSD deben usar m\u00e1scaras en todo momento.<\/p>\n\n\n\n<p>Los estudiantes y el personal en una excursi\u00f3n en una instalaci\u00f3n p\u00fablica deben usar m\u00e1scaras mientras est\u00e9n en el interior.<\/p>\n\n\n\n<p>Los estudiantes, el personal y los miembros de la comunidad en una cl\u00ednica de pruebas o vacunaci\u00f3n del PUSD deben usar m\u00e1scaras.<\/p>\n\n\n\n<p>Tambi\u00e9n se requerir\u00e1n m\u00e1scaras en las oficinas de salud de la escuela y en la cl\u00ednica primaria del PUSD, ya que estas oficinas brindan atenci\u00f3n m\u00e9dica.<\/p>\n\n\n\n<p>McDonald tambi\u00e9n inst\u00f3 a los padres\/tutores a que vacunen a sus hijos lo antes posible y dijo que la Cl\u00ednica de Vacunas del PUSD se lleva a cabo los lunes de 8:30 a. m. a 3:00 p. m. en el Centro de Educaci\u00f3n del PUSD (351 S. Hudson Ave., Pasadena). Para registrarse, <a href=\"https:\/\/streaklinks.com\/A-B8XyaCwqa5V3gn8ArUZ68r\/https%3A%2F%2Ft.sidekickopen90.com%2Fs3t%2Fc%2F5%2Ff18dQhb0S7kv8cp85kW21GymG59hl3kW7_k2847sCHKtMtftXPvM6wGW1Hnf132bzNKBf9hCY6701%3Fte%3DW3R5hFj26QkHmW4mKDt34rFBhdW41ppYt1Jz9RP1V3%26si%3D6034060113739776%26pi%3D688107eb-392e-4c11-c94b-717c306c62a6\">visite myturn.ca.gov<\/a><\/p>\n","protected":false},"excerpt":{"rendered":"<p>Los maestros y estudiantes de Pasadena no tienen que usar m\u00e1scaras en el interior de la escuela a partir del lunes como resultado de las pautas estatales y locales recientemente relajadas, pero el sindicato de maestros de Pasadena y varios miembros de la Junta Escolar no estaban completamente de acuerdo con la decisi\u00f3n. En la reuni\u00f3n de la junta del jueves pasado, la presidenta de United Teachers of Pasadena, Allison Steppes, le dijo a la junta que el sindicato abogaba [&hellip;]<\/p>\n","protected":false},"author":4,"featured_media":15088,"comment_status":"open","ping_status":"closed","sticky":false,"template":"","format":"standard","meta":[],"categories":[4],"tags":[],"acf":[],"_links":{"self":[{"href":"http:\/\/www.pasadenahoy.com\/primero\/wp-json\/wp\/v2\/posts\/15087"}],"collection":[{"href":"http:\/\/www.pasadenahoy.com\/primero\/wp-json\/wp\/v2\/posts"}],"about":[{"href":"http:\/\/www.pasadenahoy.com\/primero\/wp-json\/wp\/v2\/types\/post"}],"author":[{"embeddable":true,"href":"http:\/\/www.pasadenahoy.com\/primero\/wp-json\/wp\/v2\/users\/4"}],"replies":[{"embeddable":true,"href":"http:\/\/www.pasadenahoy.com\/primero\/wp-json\/wp\/v2\/comments?post=15087"}],"version-history":[{"count":2,"href":"http:\/\/www.pasadenahoy.com\/primero\/wp-json\/wp\/v2\/posts\/15087\/revisions"}],"predecessor-version":[{"id":15090,"href":"http:\/\/www.pasadenahoy.com\/primero\/wp-json\/wp\/v2\/posts\/15087\/revisions\/15090"}],"wp:featuredmedia":[{"embeddable":true,"href":"http:\/\/www.pasadenahoy.com\/primero\/wp-json\/wp\/v2\/media\/15088"}],"wp:attachment":[{"href":"http:\/\/www.pasadenahoy.com\/primero\/wp-json\/wp\/v2\/media?parent=15087"}],"wp:term":[{"taxonomy":"category","embeddable":true,"href":"http:\/\/www.pasadenahoy.com\/primero\/wp-json\/wp\/v2\/categories?post=15087"},{"taxonomy":"post_tag","embeddable":true,"href":"http:\/\/www.pasadenahoy.com\/primero\/wp-json\/wp\/v2\/tags?post=15087"}],"curies":[{"name":"wp","href":"https:\/\/api.w.org\/{rel}","templated":true}]}}