{"id":15091,"date":"2022-03-14T15:05:15","date_gmt":"2022-03-14T15:05:15","guid":{"rendered":"http:\/\/www.pasadenahoy.com\/primero\/?p=15091"},"modified":"2022-03-14T15:05:17","modified_gmt":"2022-03-14T15:05:17","slug":"el-campo-de-golf-arroyo-seco-de-south-pasadena-cerro-indefinidamente-debido-a-danos","status":"publish","type":"post","link":"http:\/\/www.pasadenahoy.com\/primero\/la-comunidad\/el-campo-de-golf-arroyo-seco-de-south-pasadena-cerro-indefinidamente-debido-a-danos\/","title":{"rendered":"El campo de golf Arroyo Seco de South Pasadena cerr\u00f3 indefinidamente debido a da\u00f1os"},"content":{"rendered":"\n<figure class=\"wp-block-image alignnone size-large\"><figure class=\"alignnone\"><img loading=\"lazy\" width=\"700\" height=\"378\" src=\"http:\/\/www.pasadenahoy.com\/primero\/wp-content\/uploads\/2022\/03\/pic-2-2.png\" alt=\"\" class=\"wp-image-15092\" srcset=\"http:\/\/www.pasadenahoy.com\/primero\/wp-content\/uploads\/2022\/03\/pic-2-2.png 700w, http:\/\/www.pasadenahoy.com\/primero\/wp-content\/uploads\/2022\/03\/pic-2-2-300x162.png 300w, http:\/\/www.pasadenahoy.com\/primero\/wp-content\/uploads\/2022\/03\/pic-2-2-241x130.png 241w, http:\/\/www.pasadenahoy.com\/primero\/wp-content\/uploads\/2022\/03\/pic-2-2-333x180.png 333w, http:\/\/www.pasadenahoy.com\/primero\/wp-content\/uploads\/2022\/03\/pic-2-2-360x194.png 360w\" sizes=\"100vw\" \/><figcaption><span class=\"caption-text\">[Foto de Tina Kistinger \/ South Pasadenan.com. Usado con permiso]<\/span><\/figcaption><\/figure><\/figure>\n\n\n\n<p>Los trabajadores contin\u00faan reparando las \u00e1reas da\u00f1adas en el campo de golf Arroyo Seco en South Pasadena despu\u00e9s de que los fuertes vientos causaran estragos recientemente en las instalaciones.<br>El alcalde de South Pasadena, Michael Cacciotti, dijo que el campo de 18 hoyos, el campo de pr\u00e1cticas y el campo de golf en miniatura permanecer\u00e1n cerrados indefinidamente mientras se llevan a cabo los esfuerzos de reconstrucci\u00f3n.<\/p>\n\n\n\n<p>Los vientos de Santa Ana alcanzaron de 50 a 60 mph en algunas partes del sur de California del 20 al 21 de enero, dicen los funcionarios meteorol\u00f3gicos, derribando \u00e1rboles y l\u00edneas el\u00e9ctricas.<\/p>\n\n\n\n<p>\u201cPerdimos un par de postes en el campo de pr\u00e1cticas que sosten\u00edan la pantalla de un lado\u201d, dijo Cacciotti. \u201cEsperamos que el campo y el campo de pr\u00e1cticas vuelvan a abrir pronto\u201d.<\/p>\n\n\n\n<p>El 20 de enero, fuertes vientos azotaron partes de Southland, lo que dificult\u00f3 los viajes en las carreteras, ya que las cuadrillas de Southern California Edison se vieron obligadas a restaurar la energ\u00eda a miles de clientes en Los \u00c1ngeles y las \u00e1reas circundantes.<\/p>\n\n\n\n<figure class=\"wp-block-image alignnone size-large\"><figure class=\"alignnone\"><img loading=\"lazy\" width=\"694\" height=\"349\" src=\"http:\/\/www.pasadenahoy.com\/primero\/wp-content\/uploads\/2022\/03\/pic-2a.png\" alt=\"\" class=\"wp-image-15093\" srcset=\"http:\/\/www.pasadenahoy.com\/primero\/wp-content\/uploads\/2022\/03\/pic-2a.png 694w, http:\/\/www.pasadenahoy.com\/primero\/wp-content\/uploads\/2022\/03\/pic-2a-300x151.png 300w, http:\/\/www.pasadenahoy.com\/primero\/wp-content\/uploads\/2022\/03\/pic-2a-259x130.png 259w, http:\/\/www.pasadenahoy.com\/primero\/wp-content\/uploads\/2022\/03\/pic-2a-358x180.png 358w, http:\/\/www.pasadenahoy.com\/primero\/wp-content\/uploads\/2022\/03\/pic-2a-360x181.png 360w\" sizes=\"100vw\" \/><figcaption><span class=\"caption-text\">FOTO: Tina Kistinger | Noticias del sur de Pasadenan.com | Campo de Golf Arroyo Seco<\/span><\/figcaption><\/figure><\/figure>\n\n\n\n<p>Durante el per\u00edodo de r\u00e1fagas, se vieron tejas sueltas, juguetes, equipo deportivo y hojas de palma ca\u00eddas esparcidas en las calles de South Pasadena y frente a las residencias.<\/p>\n\n\n\n<p>\u201cFue una tormenta de viento bastante poderosa\u201d, dijo Cacciotti. \u201cNo hemos tenido uno de esos en mucho tiempo\u201d.<\/p>\n","protected":false},"excerpt":{"rendered":"<p>Los trabajadores contin\u00faan reparando las \u00e1reas da\u00f1adas en el campo de golf Arroyo Seco en South Pasadena despu\u00e9s de que los fuertes vientos causaran estragos recientemente en las instalaciones.El alcalde de South Pasadena, Michael Cacciotti, dijo que el campo de 18 hoyos, el campo de pr\u00e1cticas y el campo de golf en miniatura permanecer\u00e1n cerrados indefinidamente mientras se llevan a cabo los esfuerzos de reconstrucci\u00f3n. Los vientos de Santa Ana alcanzaron de 50 a 60 mph en algunas partes del [&hellip;]<\/p>\n","protected":false},"author":4,"featured_media":15092,"comment_status":"open","ping_status":"closed","sticky":false,"template":"","format":"standard","meta":[],"categories":[4],"tags":[],"acf":[],"_links":{"self":[{"href":"http:\/\/www.pasadenahoy.com\/primero\/wp-json\/wp\/v2\/posts\/15091"}],"collection":[{"href":"http:\/\/www.pasadenahoy.com\/primero\/wp-json\/wp\/v2\/posts"}],"about":[{"href":"http:\/\/www.pasadenahoy.com\/primero\/wp-json\/wp\/v2\/types\/post"}],"author":[{"embeddable":true,"href":"http:\/\/www.pasadenahoy.com\/primero\/wp-json\/wp\/v2\/users\/4"}],"replies":[{"embeddable":true,"href":"http:\/\/www.pasadenahoy.com\/primero\/wp-json\/wp\/v2\/comments?post=15091"}],"version-history":[{"count":2,"href":"http:\/\/www.pasadenahoy.com\/primero\/wp-json\/wp\/v2\/posts\/15091\/revisions"}],"predecessor-version":[{"id":15095,"href":"http:\/\/www.pasadenahoy.com\/primero\/wp-json\/wp\/v2\/posts\/15091\/revisions\/15095"}],"wp:featuredmedia":[{"embeddable":true,"href":"http:\/\/www.pasadenahoy.com\/primero\/wp-json\/wp\/v2\/media\/15092"}],"wp:attachment":[{"href":"http:\/\/www.pasadenahoy.com\/primero\/wp-json\/wp\/v2\/media?parent=15091"}],"wp:term":[{"taxonomy":"category","embeddable":true,"href":"http:\/\/www.pasadenahoy.com\/primero\/wp-json\/wp\/v2\/categories?post=15091"},{"taxonomy":"post_tag","embeddable":true,"href":"http:\/\/www.pasadenahoy.com\/primero\/wp-json\/wp\/v2\/tags?post=15091"}],"curies":[{"name":"wp","href":"https:\/\/api.w.org\/{rel}","templated":true}]}}