{"id":15096,"date":"2022-03-14T15:09:15","date_gmt":"2022-03-14T15:09:15","guid":{"rendered":"http:\/\/www.pasadenahoy.com\/primero\/?p=15096"},"modified":"2022-03-14T15:09:16","modified_gmt":"2022-03-14T15:09:16","slug":"aumenta-la-tasa-de-desempleo-del-condado-de-los-angeles","status":"publish","type":"post","link":"http:\/\/www.pasadenahoy.com\/primero\/la-comunidad\/aumenta-la-tasa-de-desempleo-del-condado-de-los-angeles\/","title":{"rendered":"Aumenta la tasa de desempleo del condado de Los \u00c1ngeles"},"content":{"rendered":"\n<figure class=\"wp-block-image alignnone size-large\"><figure class=\"alignnone\"><img loading=\"lazy\" width=\"740\" height=\"400\" src=\"http:\/\/www.pasadenahoy.com\/primero\/wp-content\/uploads\/2022\/03\/pic-3-5.jpg\" alt=\"\" class=\"wp-image-15097\" srcset=\"http:\/\/www.pasadenahoy.com\/primero\/wp-content\/uploads\/2022\/03\/pic-3-5.jpg 740w, http:\/\/www.pasadenahoy.com\/primero\/wp-content\/uploads\/2022\/03\/pic-3-5-300x162.jpg 300w, http:\/\/www.pasadenahoy.com\/primero\/wp-content\/uploads\/2022\/03\/pic-3-5-241x130.jpg 241w, http:\/\/www.pasadenahoy.com\/primero\/wp-content\/uploads\/2022\/03\/pic-3-5-333x180.jpg 333w, http:\/\/www.pasadenahoy.com\/primero\/wp-content\/uploads\/2022\/03\/pic-3-5-700x378.jpg 700w, http:\/\/www.pasadenahoy.com\/primero\/wp-content\/uploads\/2022\/03\/pic-3-5-360x195.jpg 360w, http:\/\/www.pasadenahoy.com\/primero\/wp-content\/uploads\/2022\/03\/pic-3-5-720x389.jpg 720w\" sizes=\"100vw\" \/><\/figure><\/figure>\n\n\n\n<p>La tasa de desempleo ajustada estacionalmente del condado de Los \u00c1ngeles aument\u00f3 al 7 % en enero, frente al 6,8 % revisado en diciembre de 2021, seg\u00fan cifras publicadas el viernes por el Departamento de Desarrollo del Empleo del estado.<\/p>\n\n\n\n<p>El 7% estuvo por debajo de la tasa del 10,9% durante la pandemia de COVID-19 en enero de 2021.<\/p>\n\n\n\n<p>En todo el estado, la tasa de desempleo ajustada estacionalmente fue del 5,8 % en enero, por debajo de la tasa del 8,8 % de enero de 2021. Las estimaciones comparables para la naci\u00f3n fueron del 4 % durante el pasado mes de enero.<\/p>\n\n\n\n<p>Seg\u00fan el EDD, el empleo no agr\u00edcola total en el condado de Los \u00c1ngeles disminuy\u00f3 en 75.100 puestos de trabajo entre diciembre de 2021 y enero para llegar a unos 4,40 millones.<\/p>\n\n\n\n<p>El empleo en los servicios profesionales y empresariales se redujo en 19 000, lo que representa m\u00e1s del 25 % de las p\u00e9rdidas totales de empleos no agr\u00edcolas.<\/p>\n\n\n\n<p>Los servicios administrativos y de apoyo y residuos registraron 14.800 de esas p\u00e9rdidas, principalmente en los servicios de empleo (descienden 11.400), industria que provee a los empleadores de empleados temporales o estacionales.<\/p>\n","protected":false},"excerpt":{"rendered":"<p>La tasa de desempleo ajustada estacionalmente del condado de Los \u00c1ngeles aument\u00f3 al 7 % en enero, frente al 6,8 % revisado en diciembre de 2021, seg\u00fan cifras publicadas el viernes por el Departamento de Desarrollo del Empleo del estado. El 7% estuvo por debajo de la tasa del 10,9% durante la pandemia de COVID-19 en enero de 2021. En todo el estado, la tasa de desempleo ajustada estacionalmente fue del 5,8 % en enero, por debajo de la tasa [&hellip;]<\/p>\n","protected":false},"author":4,"featured_media":15097,"comment_status":"open","ping_status":"closed","sticky":false,"template":"","format":"standard","meta":[],"categories":[4],"tags":[],"acf":[],"_links":{"self":[{"href":"http:\/\/www.pasadenahoy.com\/primero\/wp-json\/wp\/v2\/posts\/15096"}],"collection":[{"href":"http:\/\/www.pasadenahoy.com\/primero\/wp-json\/wp\/v2\/posts"}],"about":[{"href":"http:\/\/www.pasadenahoy.com\/primero\/wp-json\/wp\/v2\/types\/post"}],"author":[{"embeddable":true,"href":"http:\/\/www.pasadenahoy.com\/primero\/wp-json\/wp\/v2\/users\/4"}],"replies":[{"embeddable":true,"href":"http:\/\/www.pasadenahoy.com\/primero\/wp-json\/wp\/v2\/comments?post=15096"}],"version-history":[{"count":2,"href":"http:\/\/www.pasadenahoy.com\/primero\/wp-json\/wp\/v2\/posts\/15096\/revisions"}],"predecessor-version":[{"id":15099,"href":"http:\/\/www.pasadenahoy.com\/primero\/wp-json\/wp\/v2\/posts\/15096\/revisions\/15099"}],"wp:featuredmedia":[{"embeddable":true,"href":"http:\/\/www.pasadenahoy.com\/primero\/wp-json\/wp\/v2\/media\/15097"}],"wp:attachment":[{"href":"http:\/\/www.pasadenahoy.com\/primero\/wp-json\/wp\/v2\/media?parent=15096"}],"wp:term":[{"taxonomy":"category","embeddable":true,"href":"http:\/\/www.pasadenahoy.com\/primero\/wp-json\/wp\/v2\/categories?post=15096"},{"taxonomy":"post_tag","embeddable":true,"href":"http:\/\/www.pasadenahoy.com\/primero\/wp-json\/wp\/v2\/tags?post=15096"}],"curies":[{"name":"wp","href":"https:\/\/api.w.org\/{rel}","templated":true}]}}