{"id":15112,"date":"2022-03-14T15:27:01","date_gmt":"2022-03-14T15:27:01","guid":{"rendered":"http:\/\/www.pasadenahoy.com\/primero\/?p=15112"},"modified":"2022-03-14T15:27:02","modified_gmt":"2022-03-14T15:27:02","slug":"audiencia-publica-sobre-aumentos-de-tarifas-de-agua-programada-para-la-reunion-del-concejo-municipal-del-lunes","status":"publish","type":"post","link":"http:\/\/www.pasadenahoy.com\/primero\/el-gobierno-local\/audiencia-publica-sobre-aumentos-de-tarifas-de-agua-programada-para-la-reunion-del-concejo-municipal-del-lunes\/","title":{"rendered":"Audiencia p\u00fablica sobre aumentos de tarifas de agua programada para la reuni\u00f3n del Concejo Municipal del lunes"},"content":{"rendered":"\n<figure class=\"wp-block-image alignnone size-large\"><figure class=\"alignnone\"><img loading=\"lazy\" width=\"700\" height=\"378\" src=\"http:\/\/www.pasadenahoy.com\/primero\/wp-content\/uploads\/2022\/03\/pic-7.jpg\" alt=\"\" class=\"wp-image-15113\" srcset=\"http:\/\/www.pasadenahoy.com\/primero\/wp-content\/uploads\/2022\/03\/pic-7.jpg 700w, http:\/\/www.pasadenahoy.com\/primero\/wp-content\/uploads\/2022\/03\/pic-7-300x162.jpg 300w, http:\/\/www.pasadenahoy.com\/primero\/wp-content\/uploads\/2022\/03\/pic-7-241x130.jpg 241w, http:\/\/www.pasadenahoy.com\/primero\/wp-content\/uploads\/2022\/03\/pic-7-333x180.jpg 333w, http:\/\/www.pasadenahoy.com\/primero\/wp-content\/uploads\/2022\/03\/pic-7-360x194.jpg 360w\" sizes=\"100vw\" \/><\/figure><\/figure>\n\n\n\n<p>El Concejo Municipal tiene programado celebrar una audiencia p\u00fablica sobre los aumentos en las tarifas del agua el lunes.<\/p>\n\n\n\n<p>Seg\u00fan la informaci\u00f3n publicada por la ciudad durante los \u00faltimos meses, los clientes de PWP podr\u00edan ver un aumento del 13 al 17 % en sus facturas de agua durante el pr\u00f3ximo a\u00f1o, ya que las nuevas tarifas entrar\u00e1n en vigencia el pr\u00f3ximo mes.<\/p>\n\n\n\n<p>El personal de la ciudad recomienda dos aumentos. El primer aumento de 7,1% tendr\u00eda lugar el 1 de abril y un aumento de 7,2% entrar\u00eda en vigor a principios de a\u00f1o.<\/p>\n\n\n\n<p>PWP tiene un \u00e1rea de servicio de 26 millas, sirviendo a una poblaci\u00f3n de 172,000, con m\u00e1s de 38,000 cuentas de agua. El sistema de agua en s\u00ed consta de 520 millas de tuber\u00edas principales de agua, siete pozos activos, 14 embalses y 19 estaciones de refuerzo. Muchas de las tuber\u00edas principales de agua originales en realidad datan de hace casi 100 a\u00f1os, dijo Chris Ojeda, ingeniero de PWP, en una reuni\u00f3n la semana pasada.<\/p>\n\n\n\n<p>La ciudad opera el sistema de agua como una empresa autosuficiente. Para garantizar la estabilidad financiera, PWP prepara un plan financiero de cinco a\u00f1os que se actualiza anualmente e incluye requisitos de ingresos para cubrir todos los gastos de operaci\u00f3n y mantenimiento, requisitos de servicio de la deuda, mejoras anuales del sistema, reemplazos de infraestructura de capital y otros costos. El plan de cinco a\u00f1os es un componente cr\u00edtico de la preparaci\u00f3n de los presupuestos operativos y de capital anuales para el Sistema de Agua. El plan financiero de cinco a\u00f1os preparado para el a\u00f1o fiscal 2022 hasta el a\u00f1o fiscal 2026 determin\u00f3 que los ingresos de las ventas proyectadas y las tarifas existentes son insuficientes para recuperar los gastos proyectados.<\/p>\n\n\n\n<p>En correspondencia al Ayuntamiento, muchos vecinos de la localidad ped\u00edan que no se subieran las tarifas.<\/p>\n\n\n\n<p>&#8220;\u00bfC\u00f3mo se puede justificar la construcci\u00f3n de miles y miles y miles de nuevos condominios y unidades de apartamentos en esta ciudad (arruin\u00e1ndola) cuando no tenemos suficiente agua en primer lugar?!?&#8221;, Dijo Joyce Graham. \u201c\u00a1Muchos habitantes de Pasadena quieren una respuesta a esta pregunta! \u00a1\u00bfY luego vas y tratas de aumentar las tarifas tambi\u00e9n?! \u00a1Esto est\u00e1 mal y es una decisi\u00f3n muy escandalosa! Es obvio que Pasadena est\u00e1 siendo codicioso y quieren que entre m\u00e1s y m\u00e1s dinero a la Ciudad para poner en sus propios bolsillos [es decir, salarios y jubilaci\u00f3n]\u201d.<\/p>\n\n\n\n<p>El Concejo Municipal tambi\u00e9n votar\u00e1 sobre la modificaci\u00f3n de la ordenanza de tarifas de agua de la ciudad.<\/p>\n\n\n\n<p>La Ordenanza de tarifas de agua establece las tarifas de agua y servicio de agua que cobrar\u00e1 y recaudar\u00e1 la Divisi\u00f3n de Agua de la ciudad, seg\u00fan un informe del personal de la ciudad.<\/p>\n\n\n\n<p>Los aumentos de tarifas son necesarios debido a los aumentos en el costo del agua comprada del Distrito Metropolitano de Agua (MWD), as\u00ed como a los mayores costos de operaci\u00f3n y mantenimiento departamentales.<\/p>\n\n\n\n<p>El aumento en el cargo por productos b\u00e1sicos de la ciudad proporcionar\u00e1 un ingreso anual adicional de aproximadamente $1.5 a $2 millones, mientras que el aumento en el Cargo por Distribuci\u00f3n y Clientes (D&amp;C) proporcionar\u00e1 un ingreso anual adicional de $1 mill\u00f3n.<\/p>\n","protected":false},"excerpt":{"rendered":"<p>El Concejo Municipal tiene programado celebrar una audiencia p\u00fablica sobre los aumentos en las tarifas del agua el lunes. Seg\u00fan la informaci\u00f3n publicada por la ciudad durante los \u00faltimos meses, los clientes de PWP podr\u00edan ver un aumento del 13 al 17 % en sus facturas de agua durante el pr\u00f3ximo a\u00f1o, ya que las nuevas tarifas entrar\u00e1n en vigencia el pr\u00f3ximo mes. El personal de la ciudad recomienda dos aumentos. El primer aumento de 7,1% tendr\u00eda lugar el 1 [&hellip;]<\/p>\n","protected":false},"author":4,"featured_media":0,"comment_status":"open","ping_status":"closed","sticky":false,"template":"","format":"standard","meta":[],"categories":[6],"tags":[],"acf":[],"_links":{"self":[{"href":"http:\/\/www.pasadenahoy.com\/primero\/wp-json\/wp\/v2\/posts\/15112"}],"collection":[{"href":"http:\/\/www.pasadenahoy.com\/primero\/wp-json\/wp\/v2\/posts"}],"about":[{"href":"http:\/\/www.pasadenahoy.com\/primero\/wp-json\/wp\/v2\/types\/post"}],"author":[{"embeddable":true,"href":"http:\/\/www.pasadenahoy.com\/primero\/wp-json\/wp\/v2\/users\/4"}],"replies":[{"embeddable":true,"href":"http:\/\/www.pasadenahoy.com\/primero\/wp-json\/wp\/v2\/comments?post=15112"}],"version-history":[{"count":2,"href":"http:\/\/www.pasadenahoy.com\/primero\/wp-json\/wp\/v2\/posts\/15112\/revisions"}],"predecessor-version":[{"id":15115,"href":"http:\/\/www.pasadenahoy.com\/primero\/wp-json\/wp\/v2\/posts\/15112\/revisions\/15115"}],"wp:attachment":[{"href":"http:\/\/www.pasadenahoy.com\/primero\/wp-json\/wp\/v2\/media?parent=15112"}],"wp:term":[{"taxonomy":"category","embeddable":true,"href":"http:\/\/www.pasadenahoy.com\/primero\/wp-json\/wp\/v2\/categories?post=15112"},{"taxonomy":"post_tag","embeddable":true,"href":"http:\/\/www.pasadenahoy.com\/primero\/wp-json\/wp\/v2\/tags?post=15112"}],"curies":[{"name":"wp","href":"https:\/\/api.w.org\/{rel}","templated":true}]}}