{"id":15116,"date":"2022-03-14T15:32:08","date_gmt":"2022-03-14T15:32:08","guid":{"rendered":"http:\/\/www.pasadenahoy.com\/primero\/?p=15116"},"modified":"2022-03-14T15:32:09","modified_gmt":"2022-03-14T15:32:09","slug":"lunes-por-la-manana-bullpen-hora-de-las-obras-hidraulicas","status":"publish","type":"post","link":"http:\/\/www.pasadenahoy.com\/primero\/la-comunidad\/lunes-por-la-manana-bullpen-hora-de-las-obras-hidraulicas\/","title":{"rendered":"Lunes por la ma\u00f1ana Bullpen: hora de las obras hidr\u00e1ulicas"},"content":{"rendered":"\n<figure class=\"wp-block-image alignnone size-large\"><figure class=\"alignnone\"><img loading=\"lazy\" width=\"700\" height=\"378\" src=\"http:\/\/www.pasadenahoy.com\/primero\/wp-content\/uploads\/2022\/03\/pic-8-1.jpg\" alt=\"\" class=\"wp-image-15117\" srcset=\"http:\/\/www.pasadenahoy.com\/primero\/wp-content\/uploads\/2022\/03\/pic-8-1.jpg 700w, http:\/\/www.pasadenahoy.com\/primero\/wp-content\/uploads\/2022\/03\/pic-8-1-300x162.jpg 300w, http:\/\/www.pasadenahoy.com\/primero\/wp-content\/uploads\/2022\/03\/pic-8-1-241x130.jpg 241w, http:\/\/www.pasadenahoy.com\/primero\/wp-content\/uploads\/2022\/03\/pic-8-1-333x180.jpg 333w, http:\/\/www.pasadenahoy.com\/primero\/wp-content\/uploads\/2022\/03\/pic-8-1-360x194.jpg 360w\" sizes=\"100vw\" \/><\/figure><\/figure>\n\n\n\n<p>El tema principal en la agenda de la reuni\u00f3n especial del lunes es el aumento de las tarifas de agua.<\/p>\n\n\n\n<p>Primero, s\u00ed, esta reuni\u00f3n tambi\u00e9n es una reuni\u00f3n especial y eso significa que no hay comentarios p\u00fablicos sobre asuntos que no est\u00e1n en la agenda.<\/p>\n\n\n\n<p>La hora de inicio es a las 4 p.m.<\/p>\n\n\n\n<p>Sin embargo, un consejo, usar el tiempo para quejarse del tiempo no logra nada. El secretario de la ciudad, Mark Jomsky, todav\u00eda va a tocar el timbre con 30 segundos restantes y te van a interrumpir cuando te pases del tiempo.<\/p>\n\n\n\n<p>Hablemos de agua.<\/p>\n\n\n\n<p>Pasadena Water and Power quiere aumentar las tarifas una vez en abril y contra a principios de a\u00f1o.<\/p>\n\n\n\n<p>Los impactos variar\u00e1n seg\u00fan el tama\u00f1o del medidor de agua y la cantidad de agua utilizada, las estimaciones de costos proyectadas muestran que la mayor\u00eda de los clientes residenciales probablemente ver\u00e1n un aumento de $3 a partir de abril y un aumento mensual adicional de $4 a partir del pr\u00f3ximo a\u00f1o.<\/p>\n\n\n\n<p>Es probable que los clientes comerciales vean un aumento de $19 y $20, respectivamente.<\/p>\n\n\n\n<p>Los avisos se enviaron en enero a los clientes de PWP.<\/p>\n\n\n\n<p>Seg\u00fan PWP, el aumento es necesario para aumentar los ingresos en medio de costos m\u00e1s altos por el agua comprada del Distrito Metropolitano de Agua, ventas reducidas debido a los objetivos de conservaci\u00f3n asertivos de Pasadena y los costos m\u00e1s altos para operar y mantener los sistemas de suministro de agua de la Ciudad. .<\/p>\n\n\n\n<p>Dichos costos adicionales incluyen el bombeo y tratamiento del agua subterr\u00e1nea local y un mayor nivel de inversi\u00f3n de capital en proyectos de infraestructura, dijo PWP.<\/p>\n\n\n\n<p>Por supuesto, la mayor\u00eda de las personas no consideran la infraestructura y el costo de traer el agua cuando abren el grifo.<\/p>\n\n\n\n<p>Como yo, solo quieren que el agua fluya y que la ducha est\u00e9 caliente.<\/p>\n\n\n\n<p>Este deber\u00eda generar muchos comentarios y, con raz\u00f3n, las personas tienen derecho no solo a saber, sino a responder cuando aumentan sus facturas de servicios p\u00fablicos.<\/p>\n\n\n\n<p>A\u00fan as\u00ed, apostar\u00eda d\u00f3lares a donas que alguien acusar\u00e1 a la ciudad de ocultar el aumento hasta el \u00faltimo minuto.<\/p>\n\n\n\n<p>Esa no es la verdad, la ciudad ha realizado al menos tres audiencias p\u00fablicas sobre el asunto que se anunci\u00f3 en enero.<\/p>\n\n\n\n<p>Ha habido m\u00faltiples oportunidades para obtener informaci\u00f3n sobre el aumento.<\/p>\n\n\n\n<p>Incluso en la correspondencia, un par de lugare\u00f1os afirman que la ciudad no les dice para qu\u00e9 se utilizar\u00e1 el aumento de los ingresos.<\/p>\n\n\n\n<p>Una vez m\u00e1s, esa informaci\u00f3n est\u00e1 disponible y lo ha estado durante alg\u00fan tiempo.<\/p>\n\n\n\n<p>Inf\u00f3rmate primero y luego toma decisiones.<\/p>\n\n\n\n<p>Pero para comenzar con la conspiraci\u00f3n, como un tipo que afirm\u00f3 que los ingresos adicionales se usar\u00edan para salarios y jubilaciones, eso significa que ni siquiera lo est\u00e1 intentando.<\/p>\n\n\n\n<p>Espere una reuni\u00f3n larga el lunes, hay bastantes puntos en la agenda, incluida una audiencia p\u00fablica sobre la hierba, disculpe el cannabis.<\/p>\n\n\n\n<p>Integral y Harvest no est\u00e1n contentos con los cambios para medir CC. No puedo culparlos.<\/p>\n\n\n\n<p>Jugaron seg\u00fan las reglas al comienzo del juego y luego se cambiaron las reglas para permitir que otros jugadores subieran al tablero.<\/p>\n\n\n\n<p>A\u00fan as\u00ed, el consejo se reserv\u00f3 el derecho de cambiar la Medida CC sin enviarla de vuelta a los votantes, por supuesto, la mayor\u00eda de los votantes no conoc\u00edan esa parte.<\/p>\n\n\n\n<p>Lea lo anterior sobre c\u00f3mo informarse, s\u00ed, incluso cuando se trata de marihuana.<\/p>\n","protected":false},"excerpt":{"rendered":"<p>El tema principal en la agenda de la reuni\u00f3n especial del lunes es el aumento de las tarifas de agua. Primero, s\u00ed, esta reuni\u00f3n tambi\u00e9n es una reuni\u00f3n especial y eso significa que no hay comentarios p\u00fablicos sobre asuntos que no est\u00e1n en la agenda. La hora de inicio es a las 4 p.m. Sin embargo, un consejo, usar el tiempo para quejarse del tiempo no logra nada. El secretario de la ciudad, Mark Jomsky, todav\u00eda va a tocar el [&hellip;]<\/p>\n","protected":false},"author":4,"featured_media":0,"comment_status":"open","ping_status":"closed","sticky":false,"template":"","format":"standard","meta":[],"categories":[4],"tags":[],"acf":[],"_links":{"self":[{"href":"http:\/\/www.pasadenahoy.com\/primero\/wp-json\/wp\/v2\/posts\/15116"}],"collection":[{"href":"http:\/\/www.pasadenahoy.com\/primero\/wp-json\/wp\/v2\/posts"}],"about":[{"href":"http:\/\/www.pasadenahoy.com\/primero\/wp-json\/wp\/v2\/types\/post"}],"author":[{"embeddable":true,"href":"http:\/\/www.pasadenahoy.com\/primero\/wp-json\/wp\/v2\/users\/4"}],"replies":[{"embeddable":true,"href":"http:\/\/www.pasadenahoy.com\/primero\/wp-json\/wp\/v2\/comments?post=15116"}],"version-history":[{"count":2,"href":"http:\/\/www.pasadenahoy.com\/primero\/wp-json\/wp\/v2\/posts\/15116\/revisions"}],"predecessor-version":[{"id":15119,"href":"http:\/\/www.pasadenahoy.com\/primero\/wp-json\/wp\/v2\/posts\/15116\/revisions\/15119"}],"wp:attachment":[{"href":"http:\/\/www.pasadenahoy.com\/primero\/wp-json\/wp\/v2\/media?parent=15116"}],"wp:term":[{"taxonomy":"category","embeddable":true,"href":"http:\/\/www.pasadenahoy.com\/primero\/wp-json\/wp\/v2\/categories?post=15116"},{"taxonomy":"post_tag","embeddable":true,"href":"http:\/\/www.pasadenahoy.com\/primero\/wp-json\/wp\/v2\/tags?post=15116"}],"curies":[{"name":"wp","href":"https:\/\/api.w.org\/{rel}","templated":true}]}}