{"id":15120,"date":"2022-03-14T15:36:46","date_gmt":"2022-03-14T15:36:46","guid":{"rendered":"http:\/\/www.pasadenahoy.com\/primero\/?p=15120"},"modified":"2022-03-14T15:36:46","modified_gmt":"2022-03-14T15:36:46","slug":"el-comite-de-seguridad-publica-considerara-el-acuerdo-de-ayuda-mutua-de-pasadena-con-el-departamento-de-bomberos-de-la-ciudad-de-los-angeles","status":"publish","type":"post","link":"http:\/\/www.pasadenahoy.com\/primero\/la-comunidad\/el-comite-de-seguridad-publica-considerara-el-acuerdo-de-ayuda-mutua-de-pasadena-con-el-departamento-de-bomberos-de-la-ciudad-de-los-angeles\/","title":{"rendered":"El Comit\u00e9 de Seguridad P\u00fablica considerar\u00e1 el Acuerdo de Ayuda Mutua de Pasadena con el Departamento de Bomberos de la Ciudad de Los \u00c1ngeles"},"content":{"rendered":"\n<figure class=\"wp-block-image alignnone size-large\"><figure class=\"alignnone\"><img loading=\"lazy\" width=\"700\" height=\"378\" src=\"http:\/\/www.pasadenahoy.com\/primero\/wp-content\/uploads\/2022\/03\/pic-9.jpg\" alt=\"\" class=\"wp-image-15121\" srcset=\"http:\/\/www.pasadenahoy.com\/primero\/wp-content\/uploads\/2022\/03\/pic-9.jpg 700w, http:\/\/www.pasadenahoy.com\/primero\/wp-content\/uploads\/2022\/03\/pic-9-300x162.jpg 300w, http:\/\/www.pasadenahoy.com\/primero\/wp-content\/uploads\/2022\/03\/pic-9-241x130.jpg 241w, http:\/\/www.pasadenahoy.com\/primero\/wp-content\/uploads\/2022\/03\/pic-9-333x180.jpg 333w, http:\/\/www.pasadenahoy.com\/primero\/wp-content\/uploads\/2022\/03\/pic-9-360x194.jpg 360w\" sizes=\"100vw\" \/><\/figure><\/figure>\n\n\n\n<p>El Comit\u00e9 de Seguridad P\u00fablica revisar\u00e1 y votar\u00e1 si contin\u00faa el Acuerdo de Ayuda Autom\u00e1tica de Pasadena con el Departamento de Bomberos de la Ciudad de Los \u00c1ngeles (LFD) con respecto a los servicios de bomberos y rescate.<\/p>\n\n\n\n<p>La reuni\u00f3n se llevar\u00e1 a cabo el mi\u00e9rcoles 16 de marzo a las 4:00 p.m.<\/p>\n\n\n\n<p>Los miembros del p\u00fablico pueden unirse a la reuni\u00f3n virtual haciendo clic en este enlace: https:\/\/us02web.zoom.us\/j\/161482446<\/p>\n\n\n\n<p>Seg\u00fan el informe presentado por el departamento de bomberos de la ciudad al comit\u00e9, adem\u00e1s de Pasadena, Burbank y Glendale tambi\u00e9n son partes del acuerdo de ayuda mutua.<\/p>\n\n\n\n<p>Seg\u00fan el acuerdo, las llamadas tri-ciudades y la LFD deben apoyarse mutuamente cuando lo soliciten durante incidentes de emergencia.<\/p>\n\n\n\n<p>El Acuerdo Autom\u00e1tico de Ayudas propuesto reemplaza el acuerdo anterior entre las tri-ciudades y LFD firmado en 2019.<\/p>\n\n\n\n<p>Seg\u00fan el cuerpo de bomberos, la cantidad y el tipo de asistencia indicados en el acuerdo anterior y el nuevo acuerdo son los mismos.<\/p>\n\n\n\n<p>Seg\u00fan el acuerdo, las tri-ciudades proporcionar\u00e1n recursos a la LFD para combatir incidentes de emergencia en las \u00e1reas identificadas en el acuerdo. Las respuestas de las tri-ciudades incluyen Respuesta de Servicios M\u00e9dicos de Emergencia y de Incendios Estructurales (EMS), Incendio en Autopistas, EMS y Rescate T\u00e9cnico, Respuesta de Cepillo y Rescate de Agua R\u00e1pida.<\/p>\n\n\n\n<p>Rec\u00edprocamente, la LFD tambi\u00e9n prestar\u00e1 los mismos servicios a las triciudades cuando as\u00ed lo soliciten. Adem\u00e1s de los servicios mencionados, la LFD tambi\u00e9n proporcionar\u00e1 recursos adicionales, incluida la respuesta de helic\u00f3pteros cuando se solicite, sujeto a aprobaci\u00f3n.<\/p>\n\n\n\n<p>Seg\u00fan el Departamento de Bomberos de Pasadena, se desconoce el impacto fiscal de la ayuda autom\u00e1tica, pero tambi\u00e9n dijo que el acuerdo no aumentar\u00e1 ni disminuir\u00e1 los costos de la ciudad.<\/p>\n\n\n\n<p>\u201cSi bien puede haber aumentos peri\u00f3dicos de costos durante incidentes de emergencia, tambi\u00e9n puede haber ahorros adicionales en vidas y\/o propiedades en Pasadena y la comunidad circundante\u201d.<\/p>\n\n\n\n<p>El nuevo acuerdo, si es aprobado y una vez ejecutado por todas las partes, comenzar\u00eda el 1 de abril de 2022. Estar\u00eda vigente hasta el 31 de marzo de 2025.<\/p>\n","protected":false},"excerpt":{"rendered":"<p>El Comit\u00e9 de Seguridad P\u00fablica revisar\u00e1 y votar\u00e1 si contin\u00faa el Acuerdo de Ayuda Autom\u00e1tica de Pasadena con el Departamento de Bomberos de la Ciudad de Los \u00c1ngeles (LFD) con respecto a los servicios de bomberos y rescate. La reuni\u00f3n se llevar\u00e1 a cabo el mi\u00e9rcoles 16 de marzo a las 4:00 p.m. Los miembros del p\u00fablico pueden unirse a la reuni\u00f3n virtual haciendo clic en este enlace: https:\/\/us02web.zoom.us\/j\/161482446 Seg\u00fan el informe presentado por el departamento de bomberos de la [&hellip;]<\/p>\n","protected":false},"author":4,"featured_media":0,"comment_status":"open","ping_status":"closed","sticky":false,"template":"","format":"standard","meta":[],"categories":[4],"tags":[],"acf":[],"_links":{"self":[{"href":"http:\/\/www.pasadenahoy.com\/primero\/wp-json\/wp\/v2\/posts\/15120"}],"collection":[{"href":"http:\/\/www.pasadenahoy.com\/primero\/wp-json\/wp\/v2\/posts"}],"about":[{"href":"http:\/\/www.pasadenahoy.com\/primero\/wp-json\/wp\/v2\/types\/post"}],"author":[{"embeddable":true,"href":"http:\/\/www.pasadenahoy.com\/primero\/wp-json\/wp\/v2\/users\/4"}],"replies":[{"embeddable":true,"href":"http:\/\/www.pasadenahoy.com\/primero\/wp-json\/wp\/v2\/comments?post=15120"}],"version-history":[{"count":2,"href":"http:\/\/www.pasadenahoy.com\/primero\/wp-json\/wp\/v2\/posts\/15120\/revisions"}],"predecessor-version":[{"id":15123,"href":"http:\/\/www.pasadenahoy.com\/primero\/wp-json\/wp\/v2\/posts\/15120\/revisions\/15123"}],"wp:attachment":[{"href":"http:\/\/www.pasadenahoy.com\/primero\/wp-json\/wp\/v2\/media?parent=15120"}],"wp:term":[{"taxonomy":"category","embeddable":true,"href":"http:\/\/www.pasadenahoy.com\/primero\/wp-json\/wp\/v2\/categories?post=15120"},{"taxonomy":"post_tag","embeddable":true,"href":"http:\/\/www.pasadenahoy.com\/primero\/wp-json\/wp\/v2\/tags?post=15120"}],"curies":[{"name":"wp","href":"https:\/\/api.w.org\/{rel}","templated":true}]}}