{"id":15140,"date":"2022-03-15T15:17:32","date_gmt":"2022-03-15T15:17:32","guid":{"rendered":"http:\/\/www.pasadenahoy.com\/primero\/?p=15140"},"modified":"2022-03-15T15:17:33","modified_gmt":"2022-03-15T15:17:33","slug":"hoffman-nombrada-primera-mujer-presidenta-en-artcenter","status":"publish","type":"post","link":"http:\/\/www.pasadenahoy.com\/primero\/la-comunidad\/hoffman-nombrada-primera-mujer-presidenta-en-artcenter\/","title":{"rendered":"Hoffman nombrada primera mujer presidenta en ArtCenter"},"content":{"rendered":"\n<div class=\"wp-block-image alignright\"><figure class=\"alignright size-large\"><img loading=\"lazy\" width=\"306\" height=\"400\" src=\"http:\/\/www.pasadenahoy.com\/primero\/wp-content\/uploads\/2022\/03\/pic-3-2.png\" alt=\"\" class=\"wp-image-15141\" srcset=\"http:\/\/www.pasadenahoy.com\/primero\/wp-content\/uploads\/2022\/03\/pic-3-2.png 306w, http:\/\/www.pasadenahoy.com\/primero\/wp-content\/uploads\/2022\/03\/pic-3-2-230x300.png 230w, http:\/\/www.pasadenahoy.com\/primero\/wp-content\/uploads\/2022\/03\/pic-3-2-99x130.png 99w, http:\/\/www.pasadenahoy.com\/primero\/wp-content\/uploads\/2022\/03\/pic-3-2-138x180.png 138w\" sizes=\"100vw\" \/><figcaption><span class=\"caption-text\">La educadora y dise\u00f1adora industrial Karen Hofmann ha sido nombrada presidenta y directora ejecutiva de ArtCenter College of Design. Hofmann, exalumna de ArtCenter, es la sexta presidenta y la primera mujer en ocupar el cargo en los m\u00e1s de 90 a\u00f1os de historia de la universidad.<\/span><\/figcaption><\/figure><\/div>\n\n\n\n<p>Despu\u00e9s de una b\u00fasqueda exhaustiva y una votaci\u00f3n un\u00e1nime, la Junta Directiva de ArtCenter College of Design nombr\u00f3 a la educadora y dise\u00f1adora industrial Karen Hofmann como su pr\u00f3xima presidenta y directora ejecutiva. Hofmann, exalumna de ArtCenter, es la sexta presidenta y la primera mujer en ocupar el cargo en los m\u00e1s de 90 a\u00f1os de historia de la universidad.<\/p>\n\n\n\n<p>Despu\u00e9s de una carrera en dise\u00f1o de productos, dise\u00f1o automotriz e investigaci\u00f3n de consumidores y dise\u00f1o, Hofmann regres\u00f3 a la universidad en 2002, primero como instructor y luego como presidente del departamento de Dise\u00f1o de productos a partir de 2010.<\/p>\n\n\n\n<p>\u201cEstos son tiempos sin precedentes no solo para los estudiantes, la facultad, el personal y el liderazgo de ArtCenter, sino tambi\u00e9n para los artistas y dise\u00f1adores\u201d, dijo Hofmann. \u201cSin embargo, hay aspectos positivos e incre\u00edbles oportunidades para reevaluar, repensar y reconstruir experiencias acad\u00e9micas significativas para empoderar a la futura generaci\u00f3n de creativos que dar\u00e1n forma a nuestro mundo.<\/p>\n\n\n\n<p>\u201cArtCenter es la instituci\u00f3n ideal para hacer ese trabajo, y me siento profundamente honrada de desempe\u00f1ar este papel y ayudar a la universidad a hacer precisamente eso\u201d, concluy\u00f3.<\/p>\n\n\n\n<p>Hofmann&#8217;s asumir\u00e1 el cargo de presidente el 1 de julio. Trabajar\u00e1 en estrecha colaboraci\u00f3n con el actual presidente de ArtCenter, el Dr. Lorne M. Buchman, en un plan de transici\u00f3n, que incluye una estrategia provisional para cumplir con las responsabilidades del rector e iniciar una b\u00fasqueda integral de un nuevo rector en el pr\u00f3ximo unos meses.<\/p>\n\n\n\n<p>Hofmann fue nombrado rector de ArtCenter en 2018 y, durante los \u00faltimos cuatro a\u00f1os, ha ayudado a liderar la universidad a trav\u00e9s de importantes cambios culturales y operativos.<\/p>\n\n\n\n<p>&#8220;A lo largo del proceso de b\u00fasqueda, la junta qued\u00f3 impresionada con la visi\u00f3n de Karen de equilibrar el legado de ArtCenter con el compromiso de redefinir la educaci\u00f3n en arte y dise\u00f1o para nuestros estudiantes y profesores, y las industrias profesionales que emplean a nuestros graduados&#8221;, dijo Su Hale, presidente de la junta. de Fideicomisarios.<\/p>\n\n\n\n<p>\u201cEra fundamental para la Junta que nuestro pr\u00f3ximo presidente comprendiera la importancia de la diversidad, la equidad y la inclusi\u00f3n para liderar a los estudiantes y profesores de ArtCenter, as\u00ed como seguir siendo relevante en un mundo global\u201d, continu\u00f3 Hale. \u201cDada la experiencia de Karen como nuestra rectora actual, y tambi\u00e9n como miembro de la comunidad LGBTQIA+, muestra un profundo conocimiento del compromiso de ArtCenter para lograr avances en el acceso, la asequibilidad y la inclusi\u00f3n como se describe en la agenda estrat\u00e9gica de la universidad\u201d.<\/p>\n\n\n\n<p>El comit\u00e9 de b\u00fasqueda presidencial, compuesto por siete fideicomisarios y representantes de los grupos de gobierno compartido basados \u200b\u200ben constituyentes de ArtCenter, contrat\u00f3 a la firma de b\u00fasqueda de ejecutivos Isaacson, Miller para realizar una b\u00fasqueda internacional del pr\u00f3ximo presidente de la universidad. Se consideraron m\u00e1s de 100 candidatos en un amplio espectro, desde la academia hasta la industria, instituciones p\u00fablicas y el sector privado, con una representaci\u00f3n significativa de mujeres y minor\u00edas subrepresentadas.<\/p>\n","protected":false},"excerpt":{"rendered":"<p>Despu\u00e9s de una b\u00fasqueda exhaustiva y una votaci\u00f3n un\u00e1nime, la Junta Directiva de ArtCenter College of Design nombr\u00f3 a la educadora y dise\u00f1adora industrial Karen Hofmann como su pr\u00f3xima presidenta y directora ejecutiva. Hofmann, exalumna de ArtCenter, es la sexta presidenta y la primera mujer en ocupar el cargo en los m\u00e1s de 90 a\u00f1os de historia de la universidad. Despu\u00e9s de una carrera en dise\u00f1o de productos, dise\u00f1o automotriz e investigaci\u00f3n de consumidores y dise\u00f1o, Hofmann regres\u00f3 a la [&hellip;]<\/p>\n","protected":false},"author":4,"featured_media":15141,"comment_status":"open","ping_status":"closed","sticky":false,"template":"","format":"standard","meta":[],"categories":[4],"tags":[],"acf":[],"_links":{"self":[{"href":"http:\/\/www.pasadenahoy.com\/primero\/wp-json\/wp\/v2\/posts\/15140"}],"collection":[{"href":"http:\/\/www.pasadenahoy.com\/primero\/wp-json\/wp\/v2\/posts"}],"about":[{"href":"http:\/\/www.pasadenahoy.com\/primero\/wp-json\/wp\/v2\/types\/post"}],"author":[{"embeddable":true,"href":"http:\/\/www.pasadenahoy.com\/primero\/wp-json\/wp\/v2\/users\/4"}],"replies":[{"embeddable":true,"href":"http:\/\/www.pasadenahoy.com\/primero\/wp-json\/wp\/v2\/comments?post=15140"}],"version-history":[{"count":2,"href":"http:\/\/www.pasadenahoy.com\/primero\/wp-json\/wp\/v2\/posts\/15140\/revisions"}],"predecessor-version":[{"id":15143,"href":"http:\/\/www.pasadenahoy.com\/primero\/wp-json\/wp\/v2\/posts\/15140\/revisions\/15143"}],"wp:featuredmedia":[{"embeddable":true,"href":"http:\/\/www.pasadenahoy.com\/primero\/wp-json\/wp\/v2\/media\/15141"}],"wp:attachment":[{"href":"http:\/\/www.pasadenahoy.com\/primero\/wp-json\/wp\/v2\/media?parent=15140"}],"wp:term":[{"taxonomy":"category","embeddable":true,"href":"http:\/\/www.pasadenahoy.com\/primero\/wp-json\/wp\/v2\/categories?post=15140"},{"taxonomy":"post_tag","embeddable":true,"href":"http:\/\/www.pasadenahoy.com\/primero\/wp-json\/wp\/v2\/tags?post=15140"}],"curies":[{"name":"wp","href":"https:\/\/api.w.org\/{rel}","templated":true}]}}