{"id":15144,"date":"2022-03-15T15:22:27","date_gmt":"2022-03-15T15:22:27","guid":{"rendered":"http:\/\/www.pasadenahoy.com\/primero\/?p=15144"},"modified":"2022-03-15T15:22:28","modified_gmt":"2022-03-15T15:22:28","slug":"mujer-73-reportada-como-desaparecida-en-pasadena","status":"publish","type":"post","link":"http:\/\/www.pasadenahoy.com\/primero\/la-comunidad\/mujer-73-reportada-como-desaparecida-en-pasadena\/","title":{"rendered":"Mujer, 73, reportada como desaparecida en Pasadena"},"content":{"rendered":"\n<figure class=\"wp-block-image alignnone size-large\"><figure class=\"alignnone\"><img loading=\"lazy\" width=\"700\" height=\"378\" src=\"http:\/\/www.pasadenahoy.com\/primero\/wp-content\/uploads\/2022\/03\/pic-4-6.jpg\" alt=\"\" class=\"wp-image-15145\" srcset=\"http:\/\/www.pasadenahoy.com\/primero\/wp-content\/uploads\/2022\/03\/pic-4-6.jpg 700w, http:\/\/www.pasadenahoy.com\/primero\/wp-content\/uploads\/2022\/03\/pic-4-6-300x162.jpg 300w, http:\/\/www.pasadenahoy.com\/primero\/wp-content\/uploads\/2022\/03\/pic-4-6-241x130.jpg 241w, http:\/\/www.pasadenahoy.com\/primero\/wp-content\/uploads\/2022\/03\/pic-4-6-333x180.jpg 333w, http:\/\/www.pasadenahoy.com\/primero\/wp-content\/uploads\/2022\/03\/pic-4-6-360x194.jpg 360w\" sizes=\"100vw\" \/><figcaption><span class=\"caption-text\">Mar\u00eda Ba\u00f1uelos [Imagen cortes\u00eda del Departamento del Sheriff del Condado de Los \u00c1ngeles]<\/span><\/figcaption><\/figure><\/figure>\n\n\n\n<p>El lunes, las autoridades buscaron la ayuda del p\u00fablico para localizar a una mujer de 73 a\u00f1os que fue vista por \u00faltima vez en Pasadena.<br>Mar\u00eda Ba\u00f1uelos fue vista por \u00faltima vez el viernes en la cuadra 3600 de Colorado Boulevard, cerca de la autopista Foothill (210), seg\u00fan el Departamento del Sheriff del condado de Los \u00c1ngeles.<\/p>\n\n\n\n<p>Ba\u00f1uelos es hispano, mide 5 pies y 3 pulgadas y pesa 160 libras, tiene cabello gris y ojos marrones. Fue vista por \u00faltima vez con un vestido negro y una chaqueta negra.<\/p>\n\n\n\n<p>Cualquier persona con informaci\u00f3n sobre el paradero de Ba\u00f1uelos debe comunicarse con la Unidad de Personas Desaparecidas de LASD al 323-890-5500. Se pueden llamar denuncias an\u00f3nimas a Crime Stoppers al 800-222-8477 o enviarlas en l\u00ednea en <a href=\"http:\/\/lacrimestoppers.org\/\">lacrimestoppers.org.<\/a><\/p>\n","protected":false},"excerpt":{"rendered":"<p>El lunes, las autoridades buscaron la ayuda del p\u00fablico para localizar a una mujer de 73 a\u00f1os que fue vista por \u00faltima vez en Pasadena.Mar\u00eda Ba\u00f1uelos fue vista por \u00faltima vez el viernes en la cuadra 3600 de Colorado Boulevard, cerca de la autopista Foothill (210), seg\u00fan el Departamento del Sheriff del condado de Los \u00c1ngeles. Ba\u00f1uelos es hispano, mide 5 pies y 3 pulgadas y pesa 160 libras, tiene cabello gris y ojos marrones. Fue vista por \u00faltima vez [&hellip;]<\/p>\n","protected":false},"author":4,"featured_media":0,"comment_status":"open","ping_status":"closed","sticky":false,"template":"","format":"standard","meta":[],"categories":[4],"tags":[],"acf":[],"_links":{"self":[{"href":"http:\/\/www.pasadenahoy.com\/primero\/wp-json\/wp\/v2\/posts\/15144"}],"collection":[{"href":"http:\/\/www.pasadenahoy.com\/primero\/wp-json\/wp\/v2\/posts"}],"about":[{"href":"http:\/\/www.pasadenahoy.com\/primero\/wp-json\/wp\/v2\/types\/post"}],"author":[{"embeddable":true,"href":"http:\/\/www.pasadenahoy.com\/primero\/wp-json\/wp\/v2\/users\/4"}],"replies":[{"embeddable":true,"href":"http:\/\/www.pasadenahoy.com\/primero\/wp-json\/wp\/v2\/comments?post=15144"}],"version-history":[{"count":2,"href":"http:\/\/www.pasadenahoy.com\/primero\/wp-json\/wp\/v2\/posts\/15144\/revisions"}],"predecessor-version":[{"id":15147,"href":"http:\/\/www.pasadenahoy.com\/primero\/wp-json\/wp\/v2\/posts\/15144\/revisions\/15147"}],"wp:attachment":[{"href":"http:\/\/www.pasadenahoy.com\/primero\/wp-json\/wp\/v2\/media?parent=15144"}],"wp:term":[{"taxonomy":"category","embeddable":true,"href":"http:\/\/www.pasadenahoy.com\/primero\/wp-json\/wp\/v2\/categories?post=15144"},{"taxonomy":"post_tag","embeddable":true,"href":"http:\/\/www.pasadenahoy.com\/primero\/wp-json\/wp\/v2\/tags?post=15144"}],"curies":[{"name":"wp","href":"https:\/\/api.w.org\/{rel}","templated":true}]}}