{"id":15164,"date":"2022-03-16T15:01:25","date_gmt":"2022-03-16T15:01:25","guid":{"rendered":"http:\/\/www.pasadenahoy.com\/primero\/?p=15164"},"modified":"2022-03-16T15:01:26","modified_gmt":"2022-03-16T15:01:26","slug":"articulo-de-consentimiento-podria-poner-a-la-ciudad-en-el-camino-hacia-el-programa-de-equidad-social-del-cannabis","status":"publish","type":"post","link":"http:\/\/www.pasadenahoy.com\/primero\/el-gobierno-local\/articulo-de-consentimiento-podria-poner-a-la-ciudad-en-el-camino-hacia-el-programa-de-equidad-social-del-cannabis\/","title":{"rendered":"Art\u00edculo de consentimiento podr\u00eda poner a la ciudad en el camino hacia el programa de equidad social del cannabis"},"content":{"rendered":"\n<figure class=\"wp-block-image alignnone size-large\"><figure class=\"alignnone\"><img loading=\"lazy\" width=\"700\" height=\"378\" src=\"http:\/\/www.pasadenahoy.com\/primero\/wp-content\/uploads\/2022\/03\/pic-2-7.jpg\" alt=\"\" class=\"wp-image-15165\" srcset=\"http:\/\/www.pasadenahoy.com\/primero\/wp-content\/uploads\/2022\/03\/pic-2-7.jpg 700w, http:\/\/www.pasadenahoy.com\/primero\/wp-content\/uploads\/2022\/03\/pic-2-7-300x162.jpg 300w, http:\/\/www.pasadenahoy.com\/primero\/wp-content\/uploads\/2022\/03\/pic-2-7-241x130.jpg 241w, http:\/\/www.pasadenahoy.com\/primero\/wp-content\/uploads\/2022\/03\/pic-2-7-333x180.jpg 333w, http:\/\/www.pasadenahoy.com\/primero\/wp-content\/uploads\/2022\/03\/pic-2-7-360x194.jpg 360w\" sizes=\"100vw\" \/><\/figure><\/figure>\n\n\n\n<p>Un elemento de la agenda del consejo del lunes es un primer paso en los esfuerzos de la ciudad para establecer un programa de equidad social del cannabis.<\/p>\n\n\n\n<p>La ciudad es una de las cinco jurisdicciones que recibi\u00f3 una subvenci\u00f3n de $ 75,000 de la oficina del gobernador de Desarrollo Econ\u00f3mico y Comercial (GO-Biz) para realizar una evaluaci\u00f3n de equidad social del cannabis y \/ o desarrollo de programas.<\/p>\n\n\n\n<p>El prop\u00f3sito del programa es promover la justicia econ\u00f3mica para las poblaciones y comunidades perjudicadas por la prohibici\u00f3n del cannabis al brindar apoyo a las jurisdicciones locales a medida que promueven la equidad y eliminan las barreras de entrada en la industria regulada del cannabis para los solicitantes y licenciatarios de sus programas de equidad.<\/p>\n\n\n\n<p>En enero, se organiz\u00f3 una incubadora de negocios de cannabis en previsi\u00f3n de que la ciudad implementara un programa de equidad social para las licencias de cannabis.<\/p>\n\n\n\n<p>La Incubadora de Pasadena proporcionar\u00eda fondos a los solicitantes de equidad social a los que se les conceda que la ciudad inicie su programa de equidad social.<\/p>\n\n\n\n<p>\u201cLa ciudad dijo que en abril crear\u00edan un programa de equidad social\u201d, dijo Shaun Szameit, \u201cAs\u00ed que este es el precursor, obtuvieron los fondos del estado para crear el programa. As\u00ed que ahora espero que tengan reuniones municipales para analizar y adoptar una pr\u00f3xima ordenanza de equidad social\u201d.<\/p>\n\n\n\n<p>La ciudad comenz\u00f3 su programa de cannabis hace varios a\u00f1os y, como muchas otras jurisdicciones, no contaba con un programa de equidad social.<\/p>\n\n\n\n<p>A pesar de la falta de un programa de equidad social, la ciudad ya modific\u00f3 su ordenanza sobre el cannabis para permitir m\u00e1s negocios en el Distrito 3.<\/p>\n\n\n\n<p>En enero, la ciudad seleccion\u00f3 a un consultor para completar el estudio de equidad social del cannabis. Botec Analysis, cuyo personal ha completado evaluaciones de equidad social de cannabis para varias otras jurisdicciones en todo el estado, regresar\u00e1 al Concejo Municipal con los resultados de una evaluaci\u00f3n a fines de la primavera.<\/p>\n\n\n\n<p>Szameit dijo que los operadores locales de cannabis esperan un programa de equidad social.<\/p>\n\n\n\n<p>\u201cEstamos muy entusiasmados con la anticipaci\u00f3n de un programa social. Y esperamos que la ciudad, ya sabes, corrija sus errores anteriores y elabore un programa que realmente se otorgue a los locales y sea sensato\u201d, dijo Szameit a Pasadena Now.<\/p>\n\n\n\n<p>La ciudad ya ha tomado algunas medidas.<\/p>\n\n\n\n<p>Cuando el exfiscal de distrito del condado de Los \u00c1ngeles, Jackie Lacey, asegur\u00f3 la desestimaci\u00f3n de 66,000 condenas relacionadas con la marihuana en 2020, la oficina del fiscal de la ciudad autoriz\u00f3 al fiscal de distrito a desestimar 250 casos locales.<\/p>\n\n\n\n<p>Los afroamericanos y los latinos fueron los m\u00e1s afectados por las acciones policiales por actividades relacionadas con el cannabis durante d\u00e9cadas y en muchas comunidades se les est\u00e1 quitando las ventajas econ\u00f3micas de vender cannabis legalmente.<\/p>\n\n\n\n<p>El presidente Richard Nixon us\u00f3 la llamada guerra contra las drogas para vilipendiar a los defensores contra la guerra y a los j\u00f3venes negros, dos grupos que se opon\u00edan firmemente a \u00e9l, seg\u00fan John Ehrlichman, quien se desempe\u00f1\u00f3 como abogado de Nixon y fue asistente del presidente en asuntos internos.<\/p>\n\n\n\n<p>A principios de la d\u00e9cada de 1980, el presidente Ronald Reagan firm\u00f3 la Ley de Control Integral del Crimen en 1984, que estableci\u00f3 sentencias m\u00ednimas obligatorias y ampli\u00f3 otras penas cuando su esposa adopt\u00f3 la pol\u00edtica como un proyecto favorito.<\/p>\n\n\n\n<p>\u201cExigimos equidad social desde el principio en el proceso de la industria del cannabis en Pasadena porque era la \u00fanica forma de garantizar cierta apariencia de justicia para las pol\u00edticas draconianas y las malas decisiones que se hab\u00edan impuesto a los vecindarios y comunidades marrones y negros bajo el paraguas de la guerra contra las drogas. Nunca hubo una guerra contra las drogas. Hab\u00eda guerra contra la gente de color y los pobres\u201d, dijo el concejal John Kennedy.<\/p>\n\n\n\n<p>\u201cNo importa cu\u00e1n articulados o justificables sean nuestros argumentos, el personal de la ciudad no estar\u00eda convencido de que la legalizaci\u00f3n del cannabis presentara una oportunidad para que algunos peque\u00f1os operadores\/minoristas de cannabis propiedad de afroamericanos o latinos tuvieran la oportunidad de unirse al negocio principal y convertirse en titanes empresariales de la industria. en nuestro sistema empresarial capitalista.\u201d<\/p>\n\n\n\n<p>Kennedy dijo que las empresas propiedad de negros y morenos han sido excluidas de la oportunidad del cannabis en Pasadena por la creencia o el temor de que no podr\u00edan realizar o manejar el negocio sin seguir participando en alg\u00fan tipo de actividad cuasi criminal o que simplemente no estaban listo o preparado.<\/p>\n\n\n\n<p>\u201cEl hecho es que los equipos de negocios negros y morenos est\u00e1n m\u00e1s listos que nunca para volar cuando se eliminen de la ecuaci\u00f3n los grilletes de los pr\u00e9stamos bancarios ilegales, la ignorancia, los prejuicios y la injusticia\u201d, dijo.<\/p>\n\n\n\n<p>\u201cEsto es cierto en la industria legal del cannabis, pero tambi\u00e9n en todas las industrias donde las mujeres, las minor\u00edas y los pobres encuentran barreras de entrada, obst\u00e1culos para el Sue\u00f1o Americano\u201d.<\/p>\n","protected":false},"excerpt":{"rendered":"<p>Un elemento de la agenda del consejo del lunes es un primer paso en los esfuerzos de la ciudad para establecer un programa de equidad social del cannabis. La ciudad es una de las cinco jurisdicciones que recibi\u00f3 una subvenci\u00f3n de $ 75,000 de la oficina del gobernador de Desarrollo Econ\u00f3mico y Comercial (GO-Biz) para realizar una evaluaci\u00f3n de equidad social del cannabis y \/ o desarrollo de programas. El prop\u00f3sito del programa es promover la justicia econ\u00f3mica para las [&hellip;]<\/p>\n","protected":false},"author":4,"featured_media":15165,"comment_status":"open","ping_status":"closed","sticky":false,"template":"","format":"standard","meta":[],"categories":[6],"tags":[],"acf":[],"_links":{"self":[{"href":"http:\/\/www.pasadenahoy.com\/primero\/wp-json\/wp\/v2\/posts\/15164"}],"collection":[{"href":"http:\/\/www.pasadenahoy.com\/primero\/wp-json\/wp\/v2\/posts"}],"about":[{"href":"http:\/\/www.pasadenahoy.com\/primero\/wp-json\/wp\/v2\/types\/post"}],"author":[{"embeddable":true,"href":"http:\/\/www.pasadenahoy.com\/primero\/wp-json\/wp\/v2\/users\/4"}],"replies":[{"embeddable":true,"href":"http:\/\/www.pasadenahoy.com\/primero\/wp-json\/wp\/v2\/comments?post=15164"}],"version-history":[{"count":2,"href":"http:\/\/www.pasadenahoy.com\/primero\/wp-json\/wp\/v2\/posts\/15164\/revisions"}],"predecessor-version":[{"id":15167,"href":"http:\/\/www.pasadenahoy.com\/primero\/wp-json\/wp\/v2\/posts\/15164\/revisions\/15167"}],"wp:featuredmedia":[{"embeddable":true,"href":"http:\/\/www.pasadenahoy.com\/primero\/wp-json\/wp\/v2\/media\/15165"}],"wp:attachment":[{"href":"http:\/\/www.pasadenahoy.com\/primero\/wp-json\/wp\/v2\/media?parent=15164"}],"wp:term":[{"taxonomy":"category","embeddable":true,"href":"http:\/\/www.pasadenahoy.com\/primero\/wp-json\/wp\/v2\/categories?post=15164"},{"taxonomy":"post_tag","embeddable":true,"href":"http:\/\/www.pasadenahoy.com\/primero\/wp-json\/wp\/v2\/tags?post=15164"}],"curies":[{"name":"wp","href":"https:\/\/api.w.org\/{rel}","templated":true}]}}