{"id":15168,"date":"2022-03-16T15:05:04","date_gmt":"2022-03-16T15:05:04","guid":{"rendered":"http:\/\/www.pasadenahoy.com\/primero\/?p=15168"},"modified":"2022-03-16T15:05:05","modified_gmt":"2022-03-16T15:05:05","slug":"la-ciudad-realizara-una-reunion-para-obtener-la-opinion-del-publico-sobre-el-proximo-administrador-de-la-ciudad","status":"publish","type":"post","link":"http:\/\/www.pasadenahoy.com\/primero\/el-gobierno-local\/la-ciudad-realizara-una-reunion-para-obtener-la-opinion-del-publico-sobre-el-proximo-administrador-de-la-ciudad\/","title":{"rendered":"La ciudad realizar\u00e1 una reuni\u00f3n para obtener la opini\u00f3n del p\u00fablico sobre el pr\u00f3ximo administrador de la ciudad"},"content":{"rendered":"\n<figure class=\"wp-block-image alignnone size-large\"><figure class=\"alignnone\"><img loading=\"lazy\" width=\"700\" height=\"378\" src=\"http:\/\/www.pasadenahoy.com\/primero\/wp-content\/uploads\/2022\/03\/pic-3-6.jpg\" alt=\"\" class=\"wp-image-15169\" srcset=\"http:\/\/www.pasadenahoy.com\/primero\/wp-content\/uploads\/2022\/03\/pic-3-6.jpg 700w, http:\/\/www.pasadenahoy.com\/primero\/wp-content\/uploads\/2022\/03\/pic-3-6-300x162.jpg 300w, http:\/\/www.pasadenahoy.com\/primero\/wp-content\/uploads\/2022\/03\/pic-3-6-241x130.jpg 241w, http:\/\/www.pasadenahoy.com\/primero\/wp-content\/uploads\/2022\/03\/pic-3-6-333x180.jpg 333w, http:\/\/www.pasadenahoy.com\/primero\/wp-content\/uploads\/2022\/03\/pic-3-6-360x194.jpg 360w\" sizes=\"100vw\" \/><\/figure><\/figure>\n\n\n\n<p>La ciudad llevar\u00e1 a cabo una reuni\u00f3n p\u00fablica para escuchar las opiniones de la comunidad sobre el pr\u00f3ximo administrador de la ciudad.<\/p>\n\n\n\n<p>El cabildo comunitario tendr\u00e1 lugar a las 18.00 horas. el 24 de marzo en Creveling Lounge en Pasadena City College.<\/p>\n\n\n\n<p>Wendi Brown de Brown Creative Partners, la firma que realizar\u00e1 el reclutamiento, facilitar\u00e1 la reuni\u00f3n.<\/p>\n\n\n\n<p>Se requieren m\u00e1scaras.<\/p>\n\n\n\n<p>El administrador de la ciudad, Steve Mermell, se jubil\u00f3 en diciembre despu\u00e9s de m\u00e1s de 30 a\u00f1os en la ciudad.<\/p>\n\n\n\n<p>La ciudad tiene un tipo de gobierno de concejo-administrador de la ciudad, que requiere que el Concejo Municipal electo act\u00fae como el cuerpo legislativo principal de la ciudad y designe un administrador de la ciudad para supervisar las operaciones municipales diarias, redactar un presupuesto, implementar y hacer cumplir la pol\u00edtica del consejo y las iniciativas legislativas, y supervisar 14 de los 16 departamentos de la ciudad.<\/p>\n\n\n\n<p>Una vez que se complete el proceso, los tres alcaldes electos en los tiempos modernos habr\u00e1n guiado al Concejo Municipal a trav\u00e9s del proceso de elecci\u00f3n de un nuevo administrador de la ciudad.<\/p>\n\n\n\n<p>Bill Bogaard dirigi\u00f3 el proceso para elegir a Michael Beck y Terry Tornek estaba al mando cuando se seleccion\u00f3 a Mermell.<\/p>\n\n\n\n<p>El administrador de la ciudad es uno de los tres puestos que el Ayuntamiento se encarga de cubrir. El consejo tambi\u00e9n contrata al secretario de la ciudad y al abogado de la ciudad.<\/p>\n\n\n\n<p>El Concejo Municipal aprob\u00f3 un contrato de $32,800 con la b\u00fasqueda en enero. En septiembre, el alcalde V\u00edctor Gordo dijo que la ciudad realizar\u00eda una b\u00fasqueda nacional.<\/p>\n\n\n\n<p>Hasta ahora, dos comit\u00e9s ad hoc han estado involucrados en la b\u00fasqueda. El primero, que incluye al vicealcalde Andy Wilson y los concejales John Kennedy, Gene Masuda y Jessica Rivas, ayud\u00f3 a seleccionar la firma de b\u00fasqueda, y el segundo, presidido por Gordo y compuesto por los concejales Tyron Hampton, Felicia Williams y Steve Madison revisar\u00e1 los curr\u00edculos y recomendar a qui\u00e9n entrevistar.<\/p>\n\n\n\n<p>El consejo en pleno realizar\u00e1 todas las entrevistas.<\/p>\n\n\n\n<p>Durante el proceso que trajo a Michael Beck, el \u00faltimo administrador de la ciudad contratado fuera de Pasadena, un comit\u00e9 de selecci\u00f3n ad-hoc compuesto por los entonces concejales Jacque Robinson, Sid Tyler y Margaret McAustin viaj\u00f3 a Riverside y entrevist\u00f3 a Beck y varios de sus asociados.<\/p>\n\n\n\n<p>No se sabe si el comit\u00e9 ad-hoc actual har\u00e1 visitas al sitio o qu\u00e9 tan profunda ser\u00e1 la investigaci\u00f3n.<\/p>\n\n\n\n<p>La ciudad tambi\u00e9n incluy\u00f3 un enlace a una encuesta de cinco minutos que permite a los miembros de la comunidad compartir las caracter\u00edsticas, la experiencia y los antecedentes que les gustar\u00eda ver en el pr\u00f3ximo administrador de la ciudad.<\/p>\n\n\n\n<p>Para tomar la encuesta, visite:<\/p>\n\n\n\n<p>Encuesta en ingl\u00e9s: <a href=\"https:\/\/www.surveymonkey.com\/r\/W5F6SXT\">https:\/\/www.surveymonkey.com\/r\/W5F6SXT<\/a><\/p>\n\n\n\n<p>Encuesta en espa\u00f1ol: <a href=\"https:\/\/www.surveymonkey.com\/r\/8H686PK\">https:\/\/www.surveymonkey.com\/r\/8H686PK<\/a><\/p>\n","protected":false},"excerpt":{"rendered":"<p>La ciudad llevar\u00e1 a cabo una reuni\u00f3n p\u00fablica para escuchar las opiniones de la comunidad sobre el pr\u00f3ximo administrador de la ciudad. El cabildo comunitario tendr\u00e1 lugar a las 18.00 horas. el 24 de marzo en Creveling Lounge en Pasadena City College. Wendi Brown de Brown Creative Partners, la firma que realizar\u00e1 el reclutamiento, facilitar\u00e1 la reuni\u00f3n. Se requieren m\u00e1scaras. El administrador de la ciudad, Steve Mermell, se jubil\u00f3 en diciembre despu\u00e9s de m\u00e1s de 30 a\u00f1os en la ciudad. [&hellip;]<\/p>\n","protected":false},"author":4,"featured_media":15169,"comment_status":"open","ping_status":"closed","sticky":false,"template":"","format":"standard","meta":[],"categories":[6],"tags":[],"acf":[],"_links":{"self":[{"href":"http:\/\/www.pasadenahoy.com\/primero\/wp-json\/wp\/v2\/posts\/15168"}],"collection":[{"href":"http:\/\/www.pasadenahoy.com\/primero\/wp-json\/wp\/v2\/posts"}],"about":[{"href":"http:\/\/www.pasadenahoy.com\/primero\/wp-json\/wp\/v2\/types\/post"}],"author":[{"embeddable":true,"href":"http:\/\/www.pasadenahoy.com\/primero\/wp-json\/wp\/v2\/users\/4"}],"replies":[{"embeddable":true,"href":"http:\/\/www.pasadenahoy.com\/primero\/wp-json\/wp\/v2\/comments?post=15168"}],"version-history":[{"count":2,"href":"http:\/\/www.pasadenahoy.com\/primero\/wp-json\/wp\/v2\/posts\/15168\/revisions"}],"predecessor-version":[{"id":15171,"href":"http:\/\/www.pasadenahoy.com\/primero\/wp-json\/wp\/v2\/posts\/15168\/revisions\/15171"}],"wp:featuredmedia":[{"embeddable":true,"href":"http:\/\/www.pasadenahoy.com\/primero\/wp-json\/wp\/v2\/media\/15169"}],"wp:attachment":[{"href":"http:\/\/www.pasadenahoy.com\/primero\/wp-json\/wp\/v2\/media?parent=15168"}],"wp:term":[{"taxonomy":"category","embeddable":true,"href":"http:\/\/www.pasadenahoy.com\/primero\/wp-json\/wp\/v2\/categories?post=15168"},{"taxonomy":"post_tag","embeddable":true,"href":"http:\/\/www.pasadenahoy.com\/primero\/wp-json\/wp\/v2\/tags?post=15168"}],"curies":[{"name":"wp","href":"https:\/\/api.w.org\/{rel}","templated":true}]}}