{"id":15188,"date":"2022-03-17T15:07:55","date_gmt":"2022-03-17T15:07:55","guid":{"rendered":"http:\/\/www.pasadenahoy.com\/primero\/?p=15188"},"modified":"2022-03-17T15:07:56","modified_gmt":"2022-03-17T15:07:56","slug":"tenants-rights-group-cree-que-ha-reunido-suficientes-firmas-validas-para-calificar-la-iniciativa-de-control-de-alquileres-para-la-boleta-electoral-de-noviembre","status":"publish","type":"post","link":"http:\/\/www.pasadenahoy.com\/primero\/la-comunidad\/tenants-rights-group-cree-que-ha-reunido-suficientes-firmas-validas-para-calificar-la-iniciativa-de-control-de-alquileres-para-la-boleta-electoral-de-noviembre\/","title":{"rendered":"Tenants Rights Group cree que ha reunido suficientes firmas v\u00e1lidas para calificar la iniciativa de control de alquileres para la boleta electoral de noviembre"},"content":{"rendered":"\n<figure class=\"wp-block-image alignnone size-large\"><figure class=\"alignnone\"><img loading=\"lazy\" width=\"700\" height=\"378\" src=\"http:\/\/www.pasadenahoy.com\/primero\/wp-content\/uploads\/2022\/03\/pic-1-10.jpg\" alt=\"\" class=\"wp-image-15189\" srcset=\"http:\/\/www.pasadenahoy.com\/primero\/wp-content\/uploads\/2022\/03\/pic-1-10.jpg 700w, http:\/\/www.pasadenahoy.com\/primero\/wp-content\/uploads\/2022\/03\/pic-1-10-300x162.jpg 300w, http:\/\/www.pasadenahoy.com\/primero\/wp-content\/uploads\/2022\/03\/pic-1-10-241x130.jpg 241w, http:\/\/www.pasadenahoy.com\/primero\/wp-content\/uploads\/2022\/03\/pic-1-10-333x180.jpg 333w, http:\/\/www.pasadenahoy.com\/primero\/wp-content\/uploads\/2022\/03\/pic-1-10-360x194.jpg 360w\" sizes=\"100vw\" \/><figcaption><span class=\"caption-text\">Un miembro del Sindicato de Inquilinos de Pasadena visto durante un esfuerzo del grupo en 2018 para recolectar suficientes firmas para calificar una medida de control de alquileres para la boleta electoral de ese a\u00f1o. En \u00faltima instancia, esa unidad se qued\u00f3 2.112 firmas por debajo del n\u00famero necesario. La Uni\u00f3n se uni\u00f3 a otros grupos para formar una coalici\u00f3n que ahora se centra en las elecciones de 2022. Imagen v\u00eda Facebook.<\/span><\/figcaption><\/figure><\/figure>\n\n\n\n<p><br>La Asociaci\u00f3n de Justicia para Inquilinos de Pasadena realizar\u00e1 una conferencia de prensa el 28 de marzo para anunciar que han recolectado las firmas necesarias para colocar una iniciativa de control de alquileres en la boleta electoral de noviembre.<\/p>\n\n\n\n<p>El grupo cree haber reunido 13.336 firmas v\u00e1lidas.<\/p>\n\n\n\n<p>Despu\u00e9s de la conferencia de prensa, las firmas se entregar\u00e1n en la oficina del secretario municipal.<\/p>\n\n\n\n<p>Seg\u00fan su sitio web, la Pasadena Tenant Justice Coalition es una coalici\u00f3n del Pasadena Tenants Union y varias organizaciones asociadas en la comunidad de Pasadena.<\/p>\n\n\n\n<p>Los grupos buscan aprobar una enmienda a la Carta de la Ciudad de Pasadena que crear\u00eda un control de alquiler y protecciones de desalojo por causa justa en nuestra ciudad.<\/p>\n\n\n\n<p>\u201cLa campa\u00f1a cree que hemos recolectado suficientes firmas para calificar para la boleta antes de la fecha l\u00edmite\u201d, dijo Ryan Bell. \u201cPresionaremos mucho para reunir tantas firmas como sea posible, hasta la fecha l\u00edmite, para asegurarnos de no quedarnos cortos\u201d.<\/p>\n\n\n\n<p>La disposici\u00f3n de la boleta enmendar\u00eda la Carta de la ciudad para limitar los aumentos anuales de alquiler en 2-3%.<\/p>\n\n\n\n<p>Una nueva junta de viviendas de alquiler establecida bajo la enmienda de los estatutos de la ciudad administrar\u00eda los requisitos.<\/p>\n\n\n\n<p>A los propietarios solo se les permitir\u00eda desalojar a los inquilinos por causas justas, como la falta de pago del alquiler.<\/p>\n\n\n\n<p>La enmienda prohibir\u00eda a los propietarios desalojar a los inquilinos para aumentar el alquiler.<\/p>\n\n\n\n<p>La campa\u00f1a ha sido respaldada por el concejal local Jess Rivas.<\/p>\n\n\n\n<p>\u201cUna de mis principales prioridades como concejal es garantizar que los Pasadenams permanezcan alojados\u201d, dijo Rivas a Pasadena Now. \u201cLa iniciativa de control de alquileres y protecci\u00f3n contra desalojos de la Pasadena Tenant Justice Coalition ayudar\u00e1 a hacer precisamente eso al mantener los aumentos de alquileres en montos razonables y no astron\u00f3micos que empujan a las personas a abandonar sus hogares\u201d.<\/p>\n\n\n\n<p>Seg\u00fan el sitio web del grupo, la campa\u00f1a tambi\u00e9n cuenta con el respaldo del candidato del Distrito 7, Jason Lyon, y del candidato al Concejo Municipal del Distrito 3, Brandon Lamar.<\/p>\n\n\n\n<p>Seg\u00fan una actualizaci\u00f3n del 23 de febrero en el sitio de bienes ra\u00edces Zumper.com, el alquiler promedio de un apartamento de una habitaci\u00f3n en Pasadena es actualmente de $2,100, lo que representa un aumento del 12 % en comparaci\u00f3n con el a\u00f1o anterior.<\/p>\n\n\n\n<p>Durante el mes pasado, tambi\u00e9n seg\u00fan Zumper, el alquiler promedio de un apartamento tipo estudio en Pasadena disminuy\u00f3 un -13% a $1,527. El alquiler promedio de un apartamento de 1 habitaci\u00f3n aument\u00f3 un 6 % a $2100, y el alquiler promedio de un apartamento de 2 habitaciones disminuy\u00f3 un -1 % a $2775.<\/p>\n\n\n\n<p>Sin embargo, los costos de los mismos apartamentos en otros sitios de alquiler tend\u00edan a ser mucho m\u00e1s altos que en el sitio de Zumper, con muchos apartamentos de dos habitaciones alquilados entre $2,500 y $3,800.<\/p>\n\n\n\n<p>Actualmente, la ciudad de Pasadena todav\u00eda est\u00e1 cubierta por una moratoria de marzo de 2020 sobre el desalojo por falta de pago del alquiler por parte de los inquilinos que experimentan impactos financieros por la pandemia de COVID-19.<\/p>\n","protected":false},"excerpt":{"rendered":"<p>La Asociaci\u00f3n de Justicia para Inquilinos de Pasadena realizar\u00e1 una conferencia de prensa el 28 de marzo para anunciar que han recolectado las firmas necesarias para colocar una iniciativa de control de alquileres en la boleta electoral de noviembre. El grupo cree haber reunido 13.336 firmas v\u00e1lidas. Despu\u00e9s de la conferencia de prensa, las firmas se entregar\u00e1n en la oficina del secretario municipal. Seg\u00fan su sitio web, la Pasadena Tenant Justice Coalition es una coalici\u00f3n del Pasadena Tenants Union y [&hellip;]<\/p>\n","protected":false},"author":4,"featured_media":15189,"comment_status":"open","ping_status":"closed","sticky":false,"template":"","format":"standard","meta":[],"categories":[4],"tags":[],"acf":[],"_links":{"self":[{"href":"http:\/\/www.pasadenahoy.com\/primero\/wp-json\/wp\/v2\/posts\/15188"}],"collection":[{"href":"http:\/\/www.pasadenahoy.com\/primero\/wp-json\/wp\/v2\/posts"}],"about":[{"href":"http:\/\/www.pasadenahoy.com\/primero\/wp-json\/wp\/v2\/types\/post"}],"author":[{"embeddable":true,"href":"http:\/\/www.pasadenahoy.com\/primero\/wp-json\/wp\/v2\/users\/4"}],"replies":[{"embeddable":true,"href":"http:\/\/www.pasadenahoy.com\/primero\/wp-json\/wp\/v2\/comments?post=15188"}],"version-history":[{"count":2,"href":"http:\/\/www.pasadenahoy.com\/primero\/wp-json\/wp\/v2\/posts\/15188\/revisions"}],"predecessor-version":[{"id":15191,"href":"http:\/\/www.pasadenahoy.com\/primero\/wp-json\/wp\/v2\/posts\/15188\/revisions\/15191"}],"wp:featuredmedia":[{"embeddable":true,"href":"http:\/\/www.pasadenahoy.com\/primero\/wp-json\/wp\/v2\/media\/15189"}],"wp:attachment":[{"href":"http:\/\/www.pasadenahoy.com\/primero\/wp-json\/wp\/v2\/media?parent=15188"}],"wp:term":[{"taxonomy":"category","embeddable":true,"href":"http:\/\/www.pasadenahoy.com\/primero\/wp-json\/wp\/v2\/categories?post=15188"},{"taxonomy":"post_tag","embeddable":true,"href":"http:\/\/www.pasadenahoy.com\/primero\/wp-json\/wp\/v2\/tags?post=15188"}],"curies":[{"name":"wp","href":"https:\/\/api.w.org\/{rel}","templated":true}]}}