{"id":15192,"date":"2022-03-17T15:13:26","date_gmt":"2022-03-17T15:13:26","guid":{"rendered":"http:\/\/www.pasadenahoy.com\/primero\/?p=15192"},"modified":"2022-03-17T15:13:27","modified_gmt":"2022-03-17T15:13:27","slug":"el-comite-de-seguridad-publica-aprueba-el-acuerdo-de-pasadena-con-los-angeles-para-los-servicios-de-bomberos-y-emergencias","status":"publish","type":"post","link":"http:\/\/www.pasadenahoy.com\/primero\/la-comunidad\/el-comite-de-seguridad-publica-aprueba-el-acuerdo-de-pasadena-con-los-angeles-para-los-servicios-de-bomberos-y-emergencias\/","title":{"rendered":"El Comit\u00e9 de Seguridad P\u00fablica aprueba el Acuerdo de Pasadena con Los \u00c1ngeles para los Servicios de Bomberos y Emergencias"},"content":{"rendered":"\n<figure class=\"wp-block-image alignnone size-large\"><figure class=\"alignnone\"><img loading=\"lazy\" width=\"700\" height=\"378\" src=\"http:\/\/www.pasadenahoy.com\/primero\/wp-content\/uploads\/2022\/03\/pic-2-8.jpg\" alt=\"\" class=\"wp-image-15193\" srcset=\"http:\/\/www.pasadenahoy.com\/primero\/wp-content\/uploads\/2022\/03\/pic-2-8.jpg 700w, http:\/\/www.pasadenahoy.com\/primero\/wp-content\/uploads\/2022\/03\/pic-2-8-300x162.jpg 300w, http:\/\/www.pasadenahoy.com\/primero\/wp-content\/uploads\/2022\/03\/pic-2-8-241x130.jpg 241w, http:\/\/www.pasadenahoy.com\/primero\/wp-content\/uploads\/2022\/03\/pic-2-8-333x180.jpg 333w, http:\/\/www.pasadenahoy.com\/primero\/wp-content\/uploads\/2022\/03\/pic-2-8-360x194.jpg 360w\" sizes=\"100vw\" \/><\/figure><\/figure>\n\n\n\n<p>El Comit\u00e9 de Seguridad P\u00fablica del Concejo Municipal aprob\u00f3 por unanimidad un nuevo Acuerdo de Ayuda Autom\u00e1tica con el Departamento de Bomberos de Los \u00c1ngeles (LAFD) para combatir incidentes de emergencia.<\/p>\n\n\n\n<p>El nuevo acuerdo reemplaza el acuerdo anterior de enero de 2019. No se propusieron cambios. El nuevo contrato expirar\u00e1 en marzo de 2025.<\/p>\n\n\n\n<p>Seg\u00fan el acuerdo, LAFD proporcionar\u00e1 recursos a Pasadena, Burbank y Glendale (conocidos como Tri-Cities) cuando se soliciten durante incidentes de emergencia, en \u00e1reas identificadas en el acuerdo.<\/p>\n\n\n\n<p>Las respuestas de las tri-ciudades incluyen Respuesta de Servicios M\u00e9dicos de Emergencia y de Incendios Estructurales (EMS), Incendio en Autopistas, EMS y Rescate T\u00e9cnico, Respuesta de Cepillo y Rescate de Agua R\u00e1pida.<\/p>\n\n\n\n<p>Rec\u00edprocamente, LAFD tambi\u00e9n brindar\u00e1 los mismos servicios a las tri-ciudades cuando as\u00ed lo soliciten. Adem\u00e1s de los servicios mencionados, LAFD tambi\u00e9n proporcionar\u00e1 recursos adicionales, incluida la respuesta de helic\u00f3pteros, sujeto a aprobaci\u00f3n.<\/p>\n\n\n\n<p>Seg\u00fan el jefe de bomberos de Pasadena, Chad Augustin, en 2021, LAFD respondi\u00f3 a un total de cinco incidentes en Pasadena. Pasadena respondi\u00f3 a las \u00e1reas de LAFD 39 veces.<\/p>\n\n\n\n<p>\u201cSi observa el n\u00famero, puede decir que est\u00e1 muy ponderado, pero tienen equipos especiales que no podr\u00edamos tener sin su ayuda\u201d, dijo Augustin.<\/p>\n\n\n\n<p>El mayor beneficio que Pasadena est\u00e1 obteniendo bajo el acuerdo, seg\u00fan Augustin, es la respuesta del helic\u00f3ptero.<\/p>\n\n\n\n<p>\u201c\u00bfD\u00f3nde obtenemos el mayor beneficio de la ciudad de Los \u00c1ngeles? Su avi\u00f3n. Tienen de tres a seis helic\u00f3pteros que se despliegan regularmente\u201d.<\/p>\n\n\n\n<p>Augustin dijo que el Departamento de Bomberos de Pasadena tiene dificultades para acceder a \u00e1reas monta\u00f1osas y de alto riesgo. Durante los incidentes de emergencia en estas \u00e1reas, dijo que la cantidad de fuego que los aviones pueden derribar en un per\u00edodo de tiempo muy corto \u201ces un beneficio extremo para nosotros\u201d.<\/p>\n\n\n\n<p>\u201cLa ayuda mutua, la asociaci\u00f3n funciona extremadamente bien a medida que avanzamos\u201d, coment\u00f3 Augustin.<\/p>\n\n\n\n<p>El impacto fiscal de la ayuda autom\u00e1tica a\u00fan no se ha determinado, pero el Departamento de Bomberos dijo en su informe que no aumentar\u00e1 ni disminuir\u00e1 los costos de la ciudad.<\/p>\n\n\n\n<p>\u201cEs bueno tener un acuerdo actualizado y es bueno saber que estamos haciendo nuestra parte para proteger a nuestros vecinos y ellos est\u00e1n haciendo su parte para protegernos con la asistencia\u201d, coment\u00f3 el alcalde V\u00edctor Gordo.<\/p>\n\n\n\n<p>Adem\u00e1s de su contrato con LFD, Pasadena Fire tambi\u00e9n tiene otros dos acuerdos con el condado de Los \u00c1ngeles y el Bosque Nacional de \u00c1ngeles y para servicios de bomberos y rescate.<\/p>\n","protected":false},"excerpt":{"rendered":"<p>El Comit\u00e9 de Seguridad P\u00fablica del Concejo Municipal aprob\u00f3 por unanimidad un nuevo Acuerdo de Ayuda Autom\u00e1tica con el Departamento de Bomberos de Los \u00c1ngeles (LAFD) para combatir incidentes de emergencia. El nuevo acuerdo reemplaza el acuerdo anterior de enero de 2019. No se propusieron cambios. El nuevo contrato expirar\u00e1 en marzo de 2025. Seg\u00fan el acuerdo, LAFD proporcionar\u00e1 recursos a Pasadena, Burbank y Glendale (conocidos como Tri-Cities) cuando se soliciten durante incidentes de emergencia, en \u00e1reas identificadas en el [&hellip;]<\/p>\n","protected":false},"author":4,"featured_media":15193,"comment_status":"open","ping_status":"closed","sticky":false,"template":"","format":"standard","meta":[],"categories":[4],"tags":[],"acf":[],"_links":{"self":[{"href":"http:\/\/www.pasadenahoy.com\/primero\/wp-json\/wp\/v2\/posts\/15192"}],"collection":[{"href":"http:\/\/www.pasadenahoy.com\/primero\/wp-json\/wp\/v2\/posts"}],"about":[{"href":"http:\/\/www.pasadenahoy.com\/primero\/wp-json\/wp\/v2\/types\/post"}],"author":[{"embeddable":true,"href":"http:\/\/www.pasadenahoy.com\/primero\/wp-json\/wp\/v2\/users\/4"}],"replies":[{"embeddable":true,"href":"http:\/\/www.pasadenahoy.com\/primero\/wp-json\/wp\/v2\/comments?post=15192"}],"version-history":[{"count":2,"href":"http:\/\/www.pasadenahoy.com\/primero\/wp-json\/wp\/v2\/posts\/15192\/revisions"}],"predecessor-version":[{"id":15195,"href":"http:\/\/www.pasadenahoy.com\/primero\/wp-json\/wp\/v2\/posts\/15192\/revisions\/15195"}],"wp:featuredmedia":[{"embeddable":true,"href":"http:\/\/www.pasadenahoy.com\/primero\/wp-json\/wp\/v2\/media\/15193"}],"wp:attachment":[{"href":"http:\/\/www.pasadenahoy.com\/primero\/wp-json\/wp\/v2\/media?parent=15192"}],"wp:term":[{"taxonomy":"category","embeddable":true,"href":"http:\/\/www.pasadenahoy.com\/primero\/wp-json\/wp\/v2\/categories?post=15192"},{"taxonomy":"post_tag","embeddable":true,"href":"http:\/\/www.pasadenahoy.com\/primero\/wp-json\/wp\/v2\/tags?post=15192"}],"curies":[{"name":"wp","href":"https:\/\/api.w.org\/{rel}","templated":true}]}}