{"id":15196,"date":"2022-03-17T15:17:52","date_gmt":"2022-03-17T15:17:52","guid":{"rendered":"http:\/\/www.pasadenahoy.com\/primero\/?p=15196"},"modified":"2022-03-17T15:17:53","modified_gmt":"2022-03-17T15:17:53","slug":"shay-califica-para-las-elecciones-del-concejo-municipal-de-junio","status":"publish","type":"post","link":"http:\/\/www.pasadenahoy.com\/primero\/el-gobierno-local\/shay-califica-para-las-elecciones-del-concejo-municipal-de-junio\/","title":{"rendered":"Shay califica para las elecciones del Concejo Municipal de junio"},"content":{"rendered":"\n<div class=\"wp-block-image alignright\"><figure class=\"alignright size-large\"><img loading=\"lazy\" width=\"300\" height=\"400\" src=\"http:\/\/www.pasadenahoy.com\/primero\/wp-content\/uploads\/2022\/03\/pic-3-3.png\" alt=\"\" class=\"wp-image-15197\" srcset=\"http:\/\/www.pasadenahoy.com\/primero\/wp-content\/uploads\/2022\/03\/pic-3-3.png 300w, http:\/\/www.pasadenahoy.com\/primero\/wp-content\/uploads\/2022\/03\/pic-3-3-225x300.png 225w, http:\/\/www.pasadenahoy.com\/primero\/wp-content\/uploads\/2022\/03\/pic-3-3-98x130.png 98w, http:\/\/www.pasadenahoy.com\/primero\/wp-content\/uploads\/2022\/03\/pic-3-3-135x180.png 135w\" sizes=\"100vw\" \/><figcaption><span class=\"caption-text\">Allen Shay<\/span><\/figcaption><\/figure><\/div>\n\n\n\n<p>El comisionado del noroeste, Allen Shay, calific\u00f3 para las elecciones de junio el lunes, seg\u00fan la oficina del secretario municipal.<\/p>\n\n\n\n<p>Shay se enfrentar\u00e1 al ex comisionado Ciran Hadjian y al comisionado de Planificaci\u00f3n Jason Lyon en la contienda por el Distrito 7.<\/p>\n\n\n\n<p>Este a\u00f1o electoral, los candidatos de los distritos 3, 5 y 7 se enfrentar\u00e1n.<\/p>\n\n\n\n<p>La entrada oficial de Shay en la carrera como candidato calificado asegura el campo para las elecciones de junio.<\/p>\n\n\n\n<p>Los candidatos del Distrito 7 ten\u00edan hasta el cierre del jueves para entregar las firmas requeridas para calificar para la elecci\u00f3n.<\/p>\n\n\n\n<p>\u201cComo comisionado de Pasadena, realmente disfrut\u00e9 abogar y asesorar al Concejo Municipal sobre asuntos relacionados con la comunidad\u201d, dijo Shay a Pasadena Now. \u201cLa experiencia \u00fanica como comisionado no tuvo precio, me prepar\u00f3 para servir al Distrito 7. Con m\u00e1s de una d\u00e9cada de servicio activo para abordar las necesidades y preocupaciones de los residentes de Pasadena, mi pasi\u00f3n por el distrito 7 surge de las siguientes experiencias vividas: propietario de un negocio durante 35 a\u00f1os en el distrito comercial de South Lake. Expresidente del Comit\u00e9 de Supervisi\u00f3n de Bonos Ciudadanos de PCC para completar la construcci\u00f3n de un Centro de Arte y Medios multimillonario, miembro y voluntario de Pasadena Media y miembro del comit\u00e9 de Relaciones con el Gobierno Local de la Asociaci\u00f3n de Agentes Inmobiliarios de Pasadena desde 2006, todos ubicado en el distrito 7.\u201d<\/p>\n\n\n\n<p>\u201cComenzando con trabajo arduo, comienzos humildes y el compromiso con la verdadera experiencia del distrito, adem\u00e1s de ser un producto del PUSD y ahora un candidato para calificar en la boleta electoral para representar a mis vecinos, electores y la gran comunidad empresarial del distrito 7 es un gran honor.\u201d<\/p>\n\n\n\n<p>\u201cRealmente amo la ciudad de Pasadena y la larga historia de arduo trabajo como voluntario en el distrito, es por eso que vivo en el distrito y trabajo en el distrito. Estoy agradecido por esta oportunidad de postularme para el Concejo Municipal y utilizar mi experiencia vivida en Pasadena para abogar por los residentes del Distrito 7\u201d.<\/p>\n\n\n\n<p>El Distrito 7 est\u00e1 delimitado por los bulevares Colorado y Del Mar al norte; la ciudad limita al sur; Arroyo Parkway, Madison Avenue y Los Robles Avenue al oeste; y las avenidas Allen y Roosevelt al este.<\/p>\n\n\n\n<p>El distrito alberga algunas de las instituciones m\u00e1s emblem\u00e1ticas de Pasadena, como el Pasadena Playhouse, el Langham Hotel, el Pasadena Community College y Caltech.<\/p>\n\n\n\n<p>En la carrera de este a\u00f1o, seis candidatos competir\u00e1n por los tres esca\u00f1os.<\/p>\n\n\n\n<p>El titular John Kennedy y el retador Brandon Lamar se clasificaron en el Distrito 3. Jess Rivas, quien tambi\u00e9n se clasific\u00f3, se presenta sin oposici\u00f3n en el Distrito 5.<\/p>\n\n\n\n<p>La elecci\u00f3n primaria se llevar\u00e1 a cabo el 7 de junio si ning\u00fan candidato recibe m\u00e1s del 50 por ciento de los votos, se realizar\u00e1 una segunda vuelta el 8 de noviembre.<\/p>\n\n\n\n<p>Esta es la segunda elecci\u00f3n local desde que la ciudad movi\u00f3 sus elecciones para que coincidieran con las elecciones estatales de conformidad con la Ley de Participaci\u00f3n de Votantes de California (California Voters Participation Act, CVPA). Las ciudades cumplieron con el llamado a mover las elecciones locales, que fue dise\u00f1ado para aumentar la participaci\u00f3n electoral. Como resultado del cambio, la ciudad ya no realiza sus propias elecciones.<\/p>\n\n\n\n<p>En la primera elecci\u00f3n desde el cambio, m\u00e1s del 81% de los votantes registrados de Pasadena emitieron su voto en las Elecciones Generales de noviembre, seg\u00fan la Oficina del Secretario\/Registrador del Condado de Los \u00c1ngeles.<\/p>\n\n\n\n<p>En total, 74.290 de 91.498 votantes registrados, o el 81,18%, emitieron su voto.<\/p>\n","protected":false},"excerpt":{"rendered":"<p>El comisionado del noroeste, Allen Shay, calific\u00f3 para las elecciones de junio el lunes, seg\u00fan la oficina del secretario municipal. Shay se enfrentar\u00e1 al ex comisionado Ciran Hadjian y al comisionado de Planificaci\u00f3n Jason Lyon en la contienda por el Distrito 7. Este a\u00f1o electoral, los candidatos de los distritos 3, 5 y 7 se enfrentar\u00e1n. La entrada oficial de Shay en la carrera como candidato calificado asegura el campo para las elecciones de junio. Los candidatos del Distrito 7 [&hellip;]<\/p>\n","protected":false},"author":4,"featured_media":15197,"comment_status":"open","ping_status":"closed","sticky":false,"template":"","format":"standard","meta":[],"categories":[6],"tags":[],"acf":[],"_links":{"self":[{"href":"http:\/\/www.pasadenahoy.com\/primero\/wp-json\/wp\/v2\/posts\/15196"}],"collection":[{"href":"http:\/\/www.pasadenahoy.com\/primero\/wp-json\/wp\/v2\/posts"}],"about":[{"href":"http:\/\/www.pasadenahoy.com\/primero\/wp-json\/wp\/v2\/types\/post"}],"author":[{"embeddable":true,"href":"http:\/\/www.pasadenahoy.com\/primero\/wp-json\/wp\/v2\/users\/4"}],"replies":[{"embeddable":true,"href":"http:\/\/www.pasadenahoy.com\/primero\/wp-json\/wp\/v2\/comments?post=15196"}],"version-history":[{"count":2,"href":"http:\/\/www.pasadenahoy.com\/primero\/wp-json\/wp\/v2\/posts\/15196\/revisions"}],"predecessor-version":[{"id":15199,"href":"http:\/\/www.pasadenahoy.com\/primero\/wp-json\/wp\/v2\/posts\/15196\/revisions\/15199"}],"wp:featuredmedia":[{"embeddable":true,"href":"http:\/\/www.pasadenahoy.com\/primero\/wp-json\/wp\/v2\/media\/15197"}],"wp:attachment":[{"href":"http:\/\/www.pasadenahoy.com\/primero\/wp-json\/wp\/v2\/media?parent=15196"}],"wp:term":[{"taxonomy":"category","embeddable":true,"href":"http:\/\/www.pasadenahoy.com\/primero\/wp-json\/wp\/v2\/categories?post=15196"},{"taxonomy":"post_tag","embeddable":true,"href":"http:\/\/www.pasadenahoy.com\/primero\/wp-json\/wp\/v2\/tags?post=15196"}],"curies":[{"name":"wp","href":"https:\/\/api.w.org\/{rel}","templated":true}]}}