{"id":15200,"date":"2022-03-17T15:21:18","date_gmt":"2022-03-17T15:21:18","guid":{"rendered":"http:\/\/www.pasadenahoy.com\/primero\/?p=15200"},"modified":"2022-03-17T15:21:19","modified_gmt":"2022-03-17T15:21:19","slug":"la-policia-fomenta-las-celebraciones-seguras-del-dia-de-san-patricio","status":"publish","type":"post","link":"http:\/\/www.pasadenahoy.com\/primero\/la-comunidad\/la-policia-fomenta-las-celebraciones-seguras-del-dia-de-san-patricio\/","title":{"rendered":"La polic\u00eda fomenta las celebraciones seguras del D\u00eda de San Patricio"},"content":{"rendered":"\n<figure class=\"wp-block-image alignnone size-large\"><figure class=\"alignnone\"><img loading=\"lazy\" width=\"700\" height=\"378\" src=\"http:\/\/www.pasadenahoy.com\/primero\/wp-content\/uploads\/2022\/03\/pic-4-7.jpg\" alt=\"\" class=\"wp-image-15201\" srcset=\"http:\/\/www.pasadenahoy.com\/primero\/wp-content\/uploads\/2022\/03\/pic-4-7.jpg 700w, http:\/\/www.pasadenahoy.com\/primero\/wp-content\/uploads\/2022\/03\/pic-4-7-300x162.jpg 300w, http:\/\/www.pasadenahoy.com\/primero\/wp-content\/uploads\/2022\/03\/pic-4-7-241x130.jpg 241w, http:\/\/www.pasadenahoy.com\/primero\/wp-content\/uploads\/2022\/03\/pic-4-7-333x180.jpg 333w, http:\/\/www.pasadenahoy.com\/primero\/wp-content\/uploads\/2022\/03\/pic-4-7-360x194.jpg 360w\" sizes=\"100vw\" \/><\/figure><\/figure>\n\n\n\n<p>Este D\u00eda de San Patricio, el Departamento de Polic\u00eda de Pasadena estar\u00e1 alerta ante la sospecha de conductores ebrios y le recuerda a la comunidad que celebre la festividad de manera responsable.<\/p>\n\n\n\n<p>Oficiales adicionales patrullar\u00e1n el 17 de marzo a partir de las 6:00 p.m. a las 2:00 a.m. en busca de conductores sospechosos de conducir bajo los efectos del alcohol y\/o drogas.<\/p>\n\n\n\n<p>\u201cTenga un plan de acci\u00f3n antes de celebrar el D\u00eda de San Patricio\u201d, dijo el comandante del Departamento de Polic\u00eda de Pasadena, Mark Goodman. \u201cDesigne un conductor sobrio o haga otros planes para llegar a casa de manera segura\u201d.<\/p>\n\n\n\n<p>Durante el per\u00edodo de vacaciones del D\u00eda de San Patricio de 2019, casi la mitad de todas las muertes de tr\u00e1nsito en todo el pa\u00eds involucraron a un conductor ebrio.<\/p>\n\n\n\n<p>El Departamento de Polic\u00eda de Pasadena tambi\u00e9n quiere recordarle a la comunidad que el alcohol no es la \u00fanica sustancia que puede causar deterioro. El cannabis, los medicamentos recetados, los medicamentos de venta libre y las drogas ilegales pueden conducir a un DUI.<\/p>\n\n\n\n<p>Si alguna vez ve a un presunto conductor ebrio en la carretera, llame al 911.<\/p>\n\n\n\n<p>Los fondos para este programa provienen de una subvenci\u00f3n de la Oficina de Seguridad Vial de California, a trav\u00e9s de la Seguridad Vial Nacional<\/p>\n","protected":false},"excerpt":{"rendered":"<p>Este D\u00eda de San Patricio, el Departamento de Polic\u00eda de Pasadena estar\u00e1 alerta ante la sospecha de conductores ebrios y le recuerda a la comunidad que celebre la festividad de manera responsable. Oficiales adicionales patrullar\u00e1n el 17 de marzo a partir de las 6:00 p.m. a las 2:00 a.m. en busca de conductores sospechosos de conducir bajo los efectos del alcohol y\/o drogas. \u201cTenga un plan de acci\u00f3n antes de celebrar el D\u00eda de San Patricio\u201d, dijo el comandante del [&hellip;]<\/p>\n","protected":false},"author":4,"featured_media":0,"comment_status":"open","ping_status":"closed","sticky":false,"template":"","format":"standard","meta":[],"categories":[4],"tags":[],"acf":[],"_links":{"self":[{"href":"http:\/\/www.pasadenahoy.com\/primero\/wp-json\/wp\/v2\/posts\/15200"}],"collection":[{"href":"http:\/\/www.pasadenahoy.com\/primero\/wp-json\/wp\/v2\/posts"}],"about":[{"href":"http:\/\/www.pasadenahoy.com\/primero\/wp-json\/wp\/v2\/types\/post"}],"author":[{"embeddable":true,"href":"http:\/\/www.pasadenahoy.com\/primero\/wp-json\/wp\/v2\/users\/4"}],"replies":[{"embeddable":true,"href":"http:\/\/www.pasadenahoy.com\/primero\/wp-json\/wp\/v2\/comments?post=15200"}],"version-history":[{"count":2,"href":"http:\/\/www.pasadenahoy.com\/primero\/wp-json\/wp\/v2\/posts\/15200\/revisions"}],"predecessor-version":[{"id":15203,"href":"http:\/\/www.pasadenahoy.com\/primero\/wp-json\/wp\/v2\/posts\/15200\/revisions\/15203"}],"wp:attachment":[{"href":"http:\/\/www.pasadenahoy.com\/primero\/wp-json\/wp\/v2\/media?parent=15200"}],"wp:term":[{"taxonomy":"category","embeddable":true,"href":"http:\/\/www.pasadenahoy.com\/primero\/wp-json\/wp\/v2\/categories?post=15200"},{"taxonomy":"post_tag","embeddable":true,"href":"http:\/\/www.pasadenahoy.com\/primero\/wp-json\/wp\/v2\/tags?post=15200"}],"curies":[{"name":"wp","href":"https:\/\/api.w.org\/{rel}","templated":true}]}}