{"id":15215,"date":"2022-03-18T14:59:57","date_gmt":"2022-03-18T14:59:57","guid":{"rendered":"http:\/\/www.pasadenahoy.com\/primero\/?p=15215"},"modified":"2022-03-18T14:59:58","modified_gmt":"2022-03-18T14:59:58","slug":"la-carta-sb-9-del-fiscal-general-provoca-una-reaccion-mixta-de-los-residentes-de-pasadena","status":"publish","type":"post","link":"http:\/\/www.pasadenahoy.com\/primero\/el-gobierno-local\/la-carta-sb-9-del-fiscal-general-provoca-una-reaccion-mixta-de-los-residentes-de-pasadena\/","title":{"rendered":"La carta SB 9 del Fiscal General provoca una reacci\u00f3n mixta de los residentes de Pasadena"},"content":{"rendered":"\n<figure class=\"wp-block-image alignnone size-large\"><figure class=\"alignnone\"><img loading=\"lazy\" width=\"700\" height=\"378\" src=\"http:\/\/www.pasadenahoy.com\/primero\/wp-content\/uploads\/2022\/03\/pic-1-11.jpg\" alt=\"\" class=\"wp-image-15216\" srcset=\"http:\/\/www.pasadenahoy.com\/primero\/wp-content\/uploads\/2022\/03\/pic-1-11.jpg 700w, http:\/\/www.pasadenahoy.com\/primero\/wp-content\/uploads\/2022\/03\/pic-1-11-300x162.jpg 300w, http:\/\/www.pasadenahoy.com\/primero\/wp-content\/uploads\/2022\/03\/pic-1-11-241x130.jpg 241w, http:\/\/www.pasadenahoy.com\/primero\/wp-content\/uploads\/2022\/03\/pic-1-11-333x180.jpg 333w, http:\/\/www.pasadenahoy.com\/primero\/wp-content\/uploads\/2022\/03\/pic-1-11-360x194.jpg 360w\" sizes=\"100vw\" \/><figcaption><span class=\"caption-text\">[-Imagen cortes\u00eda de la Ciudad de Laguna Nigel]<\/span><\/figcaption><\/figure><\/figure>\n\n\n\n<p>Los residentes locales respondieron a la carta del Fiscal General del estado, Rob Bonta, a los funcionarios de la ciudad denunciando una ordenanza de &#8220;urgencia&#8221; de Pasadena recientemente aprobada en respuesta al Proyecto de Ley 9 del Senado.<\/p>\n\n\n\n<p>La ordenanza aprobada en diciembre proh\u00edbe la aplicaci\u00f3n de la SB 9 a cualquier parte de la ciudad designada como \u201cdistrito emblem\u00e1tico\u201d.<\/p>\n\n\n\n<p>Bonta dijo que la ordenanza es ilegal.<\/p>\n\n\n\n<p>La SB 9 exige que las agencias locales aprueben ciertas subdivisiones de un lote residencial unifamiliar en dos sin revisi\u00f3n discrecional y requiere que las agencias locales aprueben los proyectos de desarrollo propuestos de dos unidades en lotes en una zona residencial unifamiliar sin revisi\u00f3n discrecional.<\/p>\n\n\n\n<p>Los cr\u00edticos de la SB 9 afirman que el proyecto de ley conducir\u00e1 a la destrucci\u00f3n de viviendas unifamiliares y que tendr\u00e1 un impacto negativo en las comunidades afroamericanas y latinas.<\/p>\n\n\n\n<p>A ra\u00edz de la nueva ordenanza de la ciudad, varios vecindarios ahora buscan el estatus de hito, incluida la Asociaci\u00f3n de Vecinos de Madison Heights.<\/p>\n\n\n\n<p>Pero de acuerdo con Bonta, la SB 9 no exime a los distritos emblem\u00e1ticos; solo exime a los puntos emblem\u00e1ticos, las propiedades hist\u00f3ricas o los distritos hist\u00f3ricos espec\u00edficos.<\/p>\n\n\n\n<p>Actualmente, la ciudad tiene 23 distritos emblem\u00e1ticos designados, as\u00ed como 20 distritos hist\u00f3ricos que figuran en el Registro Nacional de Lugares Hist\u00f3ricos.<\/p>\n\n\n\n<p>Bonta tambi\u00e9n dijo que los criterios de Pasadena para designar \u00e1reas como &#8220;distritos emblem\u00e1ticos&#8221; son extremadamente amplios y no est\u00e1n vinculados a los recursos hist\u00f3ricos para abarcar potencialmente grandes franjas de la ciudad.<\/p>\n\n\n\n<p>Bonta pidi\u00f3 a la ciudad que derogue o modifique su ordenanza para cumplir con la nueva ley estatal dentro de los 30 d\u00edas.<\/p>\n\n\n\n<p>\u201cMe alegra que el Fiscal General del Estado est\u00e9 abordando esto\u201d, dijo el abogado local Richard McDonald. \u201cTodos sabemos que hay escasez de viviendas y que tenemos la obligaci\u00f3n con la pr\u00f3xima generaci\u00f3n de proporcionar m\u00e1s viviendas. El estado ha aprobado leyes para hacer eso, y los tribunales han ratificado esas leyes a pesar de una variedad de objeciones locales. Somos una naci\u00f3n de leyes. Puede que no nos gusten, y podemos oponernos a ellos; pero, una vez que los tenemos, tenemos que seguirlos o buscar cambiarlos. Evadirlos o esquivarlos no es una opci\u00f3n, y apoyo los esfuerzos del Fiscal General para hacer cumplir la ley\u201d.<\/p>\n\n\n\n<p>Bonta no dijo qu\u00e9 suceder\u00eda si la ciudad no derogara o enmendara su ordenanza.<\/p>\n\n\n\n<p>\u201cLa opini\u00f3n del Fiscal General parece ser solo eso, una interpretaci\u00f3n muy estrecha y estricta del Proyecto de Ley 9 del Senado basada en la nomenclatura. Ya sea que los distritos emblem\u00e1ticos locales, como los distritos hist\u00f3ricos registrados a nivel estatal y nacional, est\u00e9n o no exentos en su totalidad de las disposiciones de la SB 9, como sostiene Bonta, lo m\u00e1s probable es que deban someterse a prueba en los tribunales\u201d, dijo Julianna Delgado, presidenta de Southern California Congreso de Planificaci\u00f3n, que forma parte de la Comisi\u00f3n de Planificaci\u00f3n de la ciudad.<\/p>\n\n\n\n<p>Seg\u00fan Delgado, desde que Pasadena adopt\u00f3 su primer distrito hist\u00f3rico local, lo que la ciudad llama sus distritos hist\u00f3ricos locales, a fines de la d\u00e9cada de 1980, los criterios para la designaci\u00f3n han estado generalmente de acuerdo con los establecidos por el Departamento del Interior de EE. UU. para el Registro Nacional. de Lugares Hist\u00f3ricos.<\/p>\n\n\n\n<p>\u201cLa diferencia es que los distritos emblem\u00e1ticos solo pueden ser significativos para la historia de la ciudad, no del estado o la naci\u00f3n\u201d, dijo Delgado. \u201cSeg\u00fan se aplica en el Cap\u00edtulo 17 del C\u00f3digo Municipal de la Ciudad, dentro de los distritos emblem\u00e1ticos de Pasadena, las propiedades pueden diferenciarse como contribuyentes [aquellas que respaldan la importancia de un distrito con respecto a la historia de Pasadena] y no contribuyentes [aquellas que no contribuyen al distrito significado]. El AG sostiene que los contribuyentes a los distritos emblem\u00e1ticos locales pueden estar exentos de la SB 9 de forma individual, pero no el distrito en su totalidad. Por lo tanto, como con todas las leyes nuevas, ser\u00e1 necesario adjudicar una interpretaci\u00f3n m\u00e1s amplia\u201d.<\/p>\n\n\n\n<p>M\u00e1s de 200 ciudades de California se han opuesto a la SB 9.<\/p>\n\n\n\n<p>Los partidarios de la SB 9 dicen que ayudar\u00e1 a resolver la creciente crisis de vivienda del estado.<\/p>\n\n\n\n<p>El martes, el alcalde V\u00edctor Gordo dijo que la ciudad recibi\u00f3 la carta sobre la implementaci\u00f3n de la SB9 por parte de la ciudad sin ninguna conversaci\u00f3n previa sobre el contenido de sus regulaciones y c\u00f3mo cumplen con la ley.<\/p>\n\n\n\n<p>\u201cLos esfuerzos de la ciudad de Pasadena con respecto a la producci\u00f3n y la pol\u00edtica de vivienda han sido progresivos y receptivos a la crisis de la vivienda y seguimos comprometidos a hacer nuestra parte para ayudar a abordar los problemas de vivienda del estado. La carta del Fiscal General reconoci\u00f3 el esfuerzo de buena fe de Pasadena para cumplir siempre con la carta y la intenci\u00f3n de la SB 9\u201d.<\/p>\n\n\n\n<p>\u201cNuestra interpretaci\u00f3n de la SB 9 parece diferir de la del Fiscal General con respecto a los distritos hist\u00f3ricos y emblem\u00e1ticos. Revisaremos m\u00e1s a fondo la carta del Fiscal General y el estatuto y proporcionaremos una respuesta por escrito de inmediato\u201d.<\/p>\n\n\n\n<p>La Asociaci\u00f3n de Vecinos de Madison Heights tambi\u00e9n critic\u00f3 a Bonta cuando fue contactada por Pasadena Now.<\/p>\n\n\n\n<p>\u201cLa carta del Fiscal General sugiere que no sabe c\u00f3mo design\u00f3 Pasadena s distritos emblem\u00e1ticos\u201d, dijo Glenn Camhi, secretario de la Asociaci\u00f3n de Vecinos de Madison Heights. \u201c\u00c9l sugiere incorrectamente que es un proceso arbitrario, pero de hecho la Ciudad usa una metodolog\u00eda extremadamente rigurosa, comprobada en el tiempo y basada en evidencia para identificar \u00e1reas de arquitectura hist\u00f3ricamente significativa que merecen el estatus de distrito hist\u00f3rico. Despu\u00e9s de haber trabajado en la designaci\u00f3n de un distrito emblem\u00e1tico durante los \u00faltimos a\u00f1os, podemos dar fe de ese rigor. La carta del Fiscal General no parece tener sentido, y seguramente ser\u00e1 respondida con aclaraciones\u201d.<\/p>\n","protected":false},"excerpt":{"rendered":"<p>Los residentes locales respondieron a la carta del Fiscal General del estado, Rob Bonta, a los funcionarios de la ciudad denunciando una ordenanza de &#8220;urgencia&#8221; de Pasadena recientemente aprobada en respuesta al Proyecto de Ley 9 del Senado. La ordenanza aprobada en diciembre proh\u00edbe la aplicaci\u00f3n de la SB 9 a cualquier parte de la ciudad designada como \u201cdistrito emblem\u00e1tico\u201d. Bonta dijo que la ordenanza es ilegal. La SB 9 exige que las agencias locales aprueben ciertas subdivisiones de un [&hellip;]<\/p>\n","protected":false},"author":4,"featured_media":15216,"comment_status":"open","ping_status":"closed","sticky":false,"template":"","format":"standard","meta":[],"categories":[6],"tags":[],"acf":[],"_links":{"self":[{"href":"http:\/\/www.pasadenahoy.com\/primero\/wp-json\/wp\/v2\/posts\/15215"}],"collection":[{"href":"http:\/\/www.pasadenahoy.com\/primero\/wp-json\/wp\/v2\/posts"}],"about":[{"href":"http:\/\/www.pasadenahoy.com\/primero\/wp-json\/wp\/v2\/types\/post"}],"author":[{"embeddable":true,"href":"http:\/\/www.pasadenahoy.com\/primero\/wp-json\/wp\/v2\/users\/4"}],"replies":[{"embeddable":true,"href":"http:\/\/www.pasadenahoy.com\/primero\/wp-json\/wp\/v2\/comments?post=15215"}],"version-history":[{"count":2,"href":"http:\/\/www.pasadenahoy.com\/primero\/wp-json\/wp\/v2\/posts\/15215\/revisions"}],"predecessor-version":[{"id":15218,"href":"http:\/\/www.pasadenahoy.com\/primero\/wp-json\/wp\/v2\/posts\/15215\/revisions\/15218"}],"wp:featuredmedia":[{"embeddable":true,"href":"http:\/\/www.pasadenahoy.com\/primero\/wp-json\/wp\/v2\/media\/15216"}],"wp:attachment":[{"href":"http:\/\/www.pasadenahoy.com\/primero\/wp-json\/wp\/v2\/media?parent=15215"}],"wp:term":[{"taxonomy":"category","embeddable":true,"href":"http:\/\/www.pasadenahoy.com\/primero\/wp-json\/wp\/v2\/categories?post=15215"},{"taxonomy":"post_tag","embeddable":true,"href":"http:\/\/www.pasadenahoy.com\/primero\/wp-json\/wp\/v2\/tags?post=15215"}],"curies":[{"name":"wp","href":"https:\/\/api.w.org\/{rel}","templated":true}]}}