{"id":15219,"date":"2022-03-18T15:05:58","date_gmt":"2022-03-18T15:05:58","guid":{"rendered":"http:\/\/www.pasadenahoy.com\/primero\/?p=15219"},"modified":"2022-03-18T15:06:00","modified_gmt":"2022-03-18T15:06:00","slug":"la-ciudad-busca-fondos-para-la-modernizacion-y-renovacion-de-la-biblioteca-central-que-podria-costar-120-millones-o-mas","status":"publish","type":"post","link":"http:\/\/www.pasadenahoy.com\/primero\/la-comunidad\/la-ciudad-busca-fondos-para-la-modernizacion-y-renovacion-de-la-biblioteca-central-que-podria-costar-120-millones-o-mas\/","title":{"rendered":"La ciudad busca fondos para la modernizaci\u00f3n y renovaci\u00f3n de la biblioteca central, que podr\u00eda costar $120 millones o m\u00e1s"},"content":{"rendered":"\n<figure class=\"wp-block-image alignnone size-large\"><figure class=\"alignnone\"><img loading=\"lazy\" width=\"700\" height=\"378\" src=\"http:\/\/www.pasadenahoy.com\/primero\/wp-content\/uploads\/2022\/03\/pic-2-9.jpg\" alt=\"\" class=\"wp-image-15220\" srcset=\"http:\/\/www.pasadenahoy.com\/primero\/wp-content\/uploads\/2022\/03\/pic-2-9.jpg 700w, http:\/\/www.pasadenahoy.com\/primero\/wp-content\/uploads\/2022\/03\/pic-2-9-300x162.jpg 300w, http:\/\/www.pasadenahoy.com\/primero\/wp-content\/uploads\/2022\/03\/pic-2-9-241x130.jpg 241w, http:\/\/www.pasadenahoy.com\/primero\/wp-content\/uploads\/2022\/03\/pic-2-9-333x180.jpg 333w, http:\/\/www.pasadenahoy.com\/primero\/wp-content\/uploads\/2022\/03\/pic-2-9-360x194.jpg 360w\" sizes=\"100vw\" \/><figcaption><span class=\"caption-text\">Imagen cortes\u00eda de la ciudad de Pasadena<\/span><\/figcaption><\/figure><\/figure>\n\n\n\n<p>La ciudad ahora est\u00e1 buscando financiamiento para la modernizaci\u00f3n y renovaci\u00f3n s\u00edsmica de la Biblioteca Central de Pasadena, que cerr\u00f3 sus puertas el a\u00f1o pasado debido a problemas de seguridad s\u00edsmica.<\/p>\n\n\n\n<p>En la reuni\u00f3n de la Comisi\u00f3n de Bibliotecas P\u00fablicas del mi\u00e9rcoles 16 de marzo, Tim McDonald, director interino del Departamento de Servicios de Informaci\u00f3n y Bibliotecas P\u00fablicas de Pasadena, dijo que el personal de la ciudad ha estado enviando solicitudes de subvenciones desde la semana pasada para financiar la construcci\u00f3n de la biblioteca, que seg\u00fan El comisionado Michael Stammer podr\u00eda costar hasta $120 millones o m\u00e1s.<\/p>\n\n\n\n<p>Seg\u00fan McDonald, el departamento present\u00f3 al Servicio de Parques Nacionales una solicitud de subvenci\u00f3n de $500,000 para la construcci\u00f3n del proyecto la semana pasada.<\/p>\n\n\n\n<p>Esta semana, dijo que el departamento presentar\u00e1 a la Biblioteca Estatal de California una solicitud de subvenci\u00f3n de $10 millones para el proyecto.<\/p>\n\n\n\n<p>\u201cLa financiaci\u00f3n de subvenciones es una de las oportunidades que estaremos analizando y, como he dicho, buscaremos a todos los que podamos\u201d, dijo McDonald.<\/p>\n\n\n\n<p>\u201cEl trabajo es r\u00e1pido y furioso en todas las subvenciones que podemos encontrar\u201d, agreg\u00f3.<\/p>\n\n\n\n<p>McDonald dijo que la ciudad a\u00fan debe determinar cu\u00e1nto dinero se necesita para financiar el proyecto, pero tambi\u00e9n dijo que las subvenciones que mencion\u00f3 no cubrir\u00e1n por completo el costo de la restauraci\u00f3n de la biblioteca.<\/p>\n\n\n\n<p>\u201cNo sabemos exactamente cu\u00e1nto costar\u00e1, pero las cantidades que he mencionado no lo cubrir\u00e1n con seguridad\u201d.<\/p>\n\n\n\n<p>\u201cEl administrador de la ciudad ser\u00e1 quien desarrolle una estrategia de financiaci\u00f3n sobre c\u00f3mo vamos a pagar esto. Probablemente ser\u00e1 una combinaci\u00f3n de financiamiento de subvenciones y medidas de bonos\u201d, dijo McDonald.<\/p>\n\n\n\n<p>Dise\u00f1ado por Myron Hunt y H.C. Chambers en 1924, la Biblioteca Central fue el primer edificio completado en el Plan del Centro C\u00edvico hist\u00f3rico de Pasadena y est\u00e1 incluido en el Registro Nacional de Lugares Hist\u00f3ricos.<\/p>\n\n\n\n<p>El 3 de mayo de 2021, los funcionarios de la ciudad ordenaron su cierre despu\u00e9s de que los ingenieros descubrieran que el edificio probablemente colapsar\u00eda en terremotos de moderados a grandes.<\/p>\n\n\n\n<p>El 1 de noviembre de 2021, el Departamento de Obras P\u00fablicas emiti\u00f3 una Solicitud de propuestas para la preparaci\u00f3n del documento ambiental y los servicios de dise\u00f1o arquitect\u00f3nico y de ingenier\u00eda para la modernizaci\u00f3n s\u00edsmica, as\u00ed como servicios adicionales para la actualizaci\u00f3n y renovaci\u00f3n de los sistemas de construcci\u00f3n en la biblioteca, que incluyen: instalaci\u00f3n de un nuevo sistema de alarma contra incendios y rociadores contra incendios; reemplazo de techo; mejoras mec\u00e1nicas, el\u00e9ctricas y de plomer\u00eda; actualizaciones de la Ley de Estadounidenses con Discapacidades; y mejoras al patio exterior y estacionamiento.<\/p>\n\n\n\n<p>En la reuni\u00f3n del mi\u00e9rcoles, McDonald anunci\u00f3 que un equipo de personal de bibliotecas, obras p\u00fablicas y planificaci\u00f3n de la ciudad entrevist\u00f3 recientemente a las cuatro principales empresas que ofrecen servicios de dise\u00f1o arquitect\u00f3nico y de ingenier\u00eda para la modernizaci\u00f3n y renovaci\u00f3n s\u00edsmica de la biblioteca.<\/p>\n\n\n\n<p>Dijo que su recomendaci\u00f3n se presentar\u00e1 al Concejo Municipal el pr\u00f3ximo mayo o junio.<\/p>\n\n\n\n<p>\u201cUna firma claramente lleg\u00f3 a la cima entre todas las personas en el panel de entrevistas y estamos investigando m\u00e1s a esa firma\u201d.<\/p>\n\n\n\n<p>\u201cEl cronograma ser\u00eda llevar nuestra recomendaci\u00f3n al Concejo Municipal en mayo o junio de este a\u00f1o, con una recomendaci\u00f3n sobre con qu\u00e9 candidato seleccionado la ciudad deber\u00eda firmar un contrato\u201d, dijo McDonald.<\/p>\n","protected":false},"excerpt":{"rendered":"<p>La ciudad ahora est\u00e1 buscando financiamiento para la modernizaci\u00f3n y renovaci\u00f3n s\u00edsmica de la Biblioteca Central de Pasadena, que cerr\u00f3 sus puertas el a\u00f1o pasado debido a problemas de seguridad s\u00edsmica. En la reuni\u00f3n de la Comisi\u00f3n de Bibliotecas P\u00fablicas del mi\u00e9rcoles 16 de marzo, Tim McDonald, director interino del Departamento de Servicios de Informaci\u00f3n y Bibliotecas P\u00fablicas de Pasadena, dijo que el personal de la ciudad ha estado enviando solicitudes de subvenciones desde la semana pasada para financiar la [&hellip;]<\/p>\n","protected":false},"author":4,"featured_media":15220,"comment_status":"open","ping_status":"closed","sticky":false,"template":"","format":"standard","meta":[],"categories":[4],"tags":[],"acf":[],"_links":{"self":[{"href":"http:\/\/www.pasadenahoy.com\/primero\/wp-json\/wp\/v2\/posts\/15219"}],"collection":[{"href":"http:\/\/www.pasadenahoy.com\/primero\/wp-json\/wp\/v2\/posts"}],"about":[{"href":"http:\/\/www.pasadenahoy.com\/primero\/wp-json\/wp\/v2\/types\/post"}],"author":[{"embeddable":true,"href":"http:\/\/www.pasadenahoy.com\/primero\/wp-json\/wp\/v2\/users\/4"}],"replies":[{"embeddable":true,"href":"http:\/\/www.pasadenahoy.com\/primero\/wp-json\/wp\/v2\/comments?post=15219"}],"version-history":[{"count":2,"href":"http:\/\/www.pasadenahoy.com\/primero\/wp-json\/wp\/v2\/posts\/15219\/revisions"}],"predecessor-version":[{"id":15222,"href":"http:\/\/www.pasadenahoy.com\/primero\/wp-json\/wp\/v2\/posts\/15219\/revisions\/15222"}],"wp:featuredmedia":[{"embeddable":true,"href":"http:\/\/www.pasadenahoy.com\/primero\/wp-json\/wp\/v2\/media\/15220"}],"wp:attachment":[{"href":"http:\/\/www.pasadenahoy.com\/primero\/wp-json\/wp\/v2\/media?parent=15219"}],"wp:term":[{"taxonomy":"category","embeddable":true,"href":"http:\/\/www.pasadenahoy.com\/primero\/wp-json\/wp\/v2\/categories?post=15219"},{"taxonomy":"post_tag","embeddable":true,"href":"http:\/\/www.pasadenahoy.com\/primero\/wp-json\/wp\/v2\/tags?post=15219"}],"curies":[{"name":"wp","href":"https:\/\/api.w.org\/{rel}","templated":true}]}}