{"id":15231,"date":"2022-03-18T15:20:16","date_gmt":"2022-03-18T15:20:16","guid":{"rendered":"http:\/\/www.pasadenahoy.com\/primero\/?p=15231"},"modified":"2022-03-18T15:20:17","modified_gmt":"2022-03-18T15:20:17","slug":"los-templos-de-pasadena-celebran-purim","status":"publish","type":"post","link":"http:\/\/www.pasadenahoy.com\/primero\/la-comunidad\/los-templos-de-pasadena-celebran-purim\/","title":{"rendered":"Los templos de Pasadena celebran Purim"},"content":{"rendered":"\n<figure class=\"wp-block-image alignnone size-large\"><figure class=\"alignnone\"><img loading=\"lazy\" width=\"700\" height=\"378\" src=\"http:\/\/www.pasadenahoy.com\/primero\/wp-content\/uploads\/2022\/03\/pic-5-6.jpg\" alt=\"\" class=\"wp-image-15232\" srcset=\"http:\/\/www.pasadenahoy.com\/primero\/wp-content\/uploads\/2022\/03\/pic-5-6.jpg 700w, http:\/\/www.pasadenahoy.com\/primero\/wp-content\/uploads\/2022\/03\/pic-5-6-300x162.jpg 300w, http:\/\/www.pasadenahoy.com\/primero\/wp-content\/uploads\/2022\/03\/pic-5-6-241x130.jpg 241w, http:\/\/www.pasadenahoy.com\/primero\/wp-content\/uploads\/2022\/03\/pic-5-6-333x180.jpg 333w, http:\/\/www.pasadenahoy.com\/primero\/wp-content\/uploads\/2022\/03\/pic-5-6-360x194.jpg 360w\" sizes=\"100vw\" \/><\/figure><\/figure>\n\n\n\n<p>Ambos templos jud\u00edos en Pasadena, Jabad de Pasadena y el Templo y Centro Jud\u00edo de Pasadena, celebraron Purim, el Festival de los Lotes, el mi\u00e9rcoles y jueves, con festividades coloridas que conmemoraron la salvaci\u00f3n del pueblo jud\u00edo de Am\u00e1n, un funcionario del Imperio aquem\u00e9nida que planeaba matar a todos los s\u00fabditos jud\u00edos de Persia, como se relata en el Libro de Ester.<\/p>\n\n\n\n<p>En el Centro y Templo Jud\u00edo de Pasadena, las festividades se centraron en las cuatro mitzvot de Purim, las cuatro mitzv\u00e1, o leyes jud\u00edas, que rigen Purim, que son la lectura de la Meguil\u00e1, o Libro de Ester; enviar Mishloach Manot, o canastas de regalo; la Seud\u00e1, o comida festiva; y Matanot La&#8217;evyonim, dando a los pobres.<\/p>\n\n\n\n<p>Los miembros del PJTC tambi\u00e9n se vistieron de fiesta, como es costumbre en esta festividad anual que fomenta el ambiente de fiesta.<\/p>\n\n\n\n<p>La comida festiva fue una comida comunitaria compartida y la lectura de Megillah en los terrenos de PJTC el mi\u00e9rcoles por la noche, donde Kabob By Faraj proporcion\u00f3 comida persa kosher gratis, patrocinada por un grupo de familias de PJTC. La comida incluy\u00f3 c\u00f3cteles para los socios adultos.<\/p>\n\n\n\n<p>La lectura de la Meguil\u00e1 fue tanto en persona como por Zoom, con presentaciones en video de cada cap\u00edtulo de la Meguil\u00e1, representadas por estudiantes de la Escuela Religiosa Louis B. Silver (LBSRS) y otros grupos de miembros de PJTC.<\/p>\n\n\n\n<p>El domingo 20 de marzo, el PJTC concluye el festival de Purim con un drive-thru Purim CAR-nival, con miembros, y sus autos, vestidos para la ocasi\u00f3n mientras conducen por los terrenos del PJTC en 1434 N. Altadena Drive.<\/p>\n\n\n\n<p>En Jabad de Pasadena, Purim comenz\u00f3 el mi\u00e9rcoles con m\u00fasica en vivo y c\u00f3cteles a partir de las 5:30 p. m., lectura animada de Meguil\u00e1, deliciosa comida y premios para todos los disfrazados.<\/p>\n\n\n\n<p>El segundo d\u00eda fue Purim in the Circus, un evento al aire libre abierto a toda la comunidad en los terrenos de Chabad of Pasadena en 1090 E. Walnut Street. La velada cont\u00f3 con un buffet de Purim, hamantashen (pasteler\u00eda triangular rellena asociada con la festividad jud\u00eda), conos de nieve y palomitas de ma\u00edz; juegos de carnaval y juegos interactivos, con enormes hinchables en los terrenos de Jabad.<\/p>\n\n\n\n<p>Anteriormente, el 27 de febrero, los miembros del Chabad Girls Club tomaron el parque o vieron un desfile de modas Epic Glow al aire libre como una celebraci\u00f3n previa a Purim.<br><\/p>\n","protected":false},"excerpt":{"rendered":"<p>Ambos templos jud\u00edos en Pasadena, Jabad de Pasadena y el Templo y Centro Jud\u00edo de Pasadena, celebraron Purim, el Festival de los Lotes, el mi\u00e9rcoles y jueves, con festividades coloridas que conmemoraron la salvaci\u00f3n del pueblo jud\u00edo de Am\u00e1n, un funcionario del Imperio aquem\u00e9nida que planeaba matar a todos los s\u00fabditos jud\u00edos de Persia, como se relata en el Libro de Ester. En el Centro y Templo Jud\u00edo de Pasadena, las festividades se centraron en las cuatro mitzvot de Purim, [&hellip;]<\/p>\n","protected":false},"author":4,"featured_media":0,"comment_status":"open","ping_status":"closed","sticky":false,"template":"","format":"standard","meta":[],"categories":[4],"tags":[],"acf":[],"_links":{"self":[{"href":"http:\/\/www.pasadenahoy.com\/primero\/wp-json\/wp\/v2\/posts\/15231"}],"collection":[{"href":"http:\/\/www.pasadenahoy.com\/primero\/wp-json\/wp\/v2\/posts"}],"about":[{"href":"http:\/\/www.pasadenahoy.com\/primero\/wp-json\/wp\/v2\/types\/post"}],"author":[{"embeddable":true,"href":"http:\/\/www.pasadenahoy.com\/primero\/wp-json\/wp\/v2\/users\/4"}],"replies":[{"embeddable":true,"href":"http:\/\/www.pasadenahoy.com\/primero\/wp-json\/wp\/v2\/comments?post=15231"}],"version-history":[{"count":2,"href":"http:\/\/www.pasadenahoy.com\/primero\/wp-json\/wp\/v2\/posts\/15231\/revisions"}],"predecessor-version":[{"id":15234,"href":"http:\/\/www.pasadenahoy.com\/primero\/wp-json\/wp\/v2\/posts\/15231\/revisions\/15234"}],"wp:attachment":[{"href":"http:\/\/www.pasadenahoy.com\/primero\/wp-json\/wp\/v2\/media?parent=15231"}],"wp:term":[{"taxonomy":"category","embeddable":true,"href":"http:\/\/www.pasadenahoy.com\/primero\/wp-json\/wp\/v2\/categories?post=15231"},{"taxonomy":"post_tag","embeddable":true,"href":"http:\/\/www.pasadenahoy.com\/primero\/wp-json\/wp\/v2\/tags?post=15231"}],"curies":[{"name":"wp","href":"https:\/\/api.w.org\/{rel}","templated":true}]}}