{"id":15235,"date":"2022-03-18T15:28:25","date_gmt":"2022-03-18T15:28:25","guid":{"rendered":"http:\/\/www.pasadenahoy.com\/primero\/?p=15235"},"modified":"2022-03-18T15:28:26","modified_gmt":"2022-03-18T15:28:26","slug":"muere-la-leyenda-del-jazz-barbara-morrison","status":"publish","type":"post","link":"http:\/\/www.pasadenahoy.com\/primero\/la-comunidad\/muere-la-leyenda-del-jazz-barbara-morrison\/","title":{"rendered":"Muere la leyenda del jazz Barbara Morrison"},"content":{"rendered":"\n<div class=\"wp-block-image alignright\"><figure class=\"alignright size-large\"><img loading=\"lazy\" width=\"325\" height=\"400\" src=\"http:\/\/www.pasadenahoy.com\/primero\/wp-content\/uploads\/2022\/03\/pic-6-5.png\" alt=\"\" class=\"wp-image-15236\" srcset=\"http:\/\/www.pasadenahoy.com\/primero\/wp-content\/uploads\/2022\/03\/pic-6-5.png 325w, http:\/\/www.pasadenahoy.com\/primero\/wp-content\/uploads\/2022\/03\/pic-6-5-244x300.png 244w, http:\/\/www.pasadenahoy.com\/primero\/wp-content\/uploads\/2022\/03\/pic-6-5-106x130.png 106w, http:\/\/www.pasadenahoy.com\/primero\/wp-content\/uploads\/2022\/03\/pic-6-5-146x180.png 146w\" sizes=\"100vw\" \/><figcaption><span class=\"caption-text\">B\u00e1rbara Morrison (foto cortes\u00eda de wikipedia)<\/span><\/figcaption><\/figure><\/div>\n\n\n\n<p>La leyenda del jazz de Los \u00c1ngeles, Barbara Morrison, quien actu\u00f3 en un par de \u00e1lbumes nominados al Grammy, produjo otro y fund\u00f3 un teatro de artes esc\u00e9nicas y un museo de jazz\/blues en Leimert Park, muri\u00f3 el mi\u00e9rcoles a los 72 a\u00f1os.<\/p>\n\n\n\n<p>Morrison fue un pilar en la escena del jazz de Pasadena, tocando en Levitt, Terrace Court y otros lugares locales.<\/p>\n\n\n\n<p>La amiga de Morrison, Cathy Segal-Garcia, quien abri\u00f3 una p\u00e1gina de GoFundMe a principios de marzo cuando Morrison fue hospitalizado por una enfermedad cardiovascular, escribi\u00f3 en la p\u00e1gina el mi\u00e9rcoles que Morrison fue un \u201cguerrero hasta el final\u201d.<\/p>\n\n\n\n<p>\u201c\u2026 Tenemos la sensaci\u00f3n de que, en lugar de luchar con lo que seguramente ser\u00eda una vida realmente inc\u00f3moda para ella de ahora en adelante, era su bendito momento de irse\u201d, escribi\u00f3.<\/p>\n\n\n\n<p>La p\u00e1gina hab\u00eda recaudado m\u00e1s de $13,000 hasta el mi\u00e9rcoles por la noche y los fondos se utilizar\u00e1n en parte para cubrir los gastos del funeral.<\/p>\n\n\n\n<p>\u201cEstamos desconsolados al enterarnos del fallecimiento de la leyenda del jazz y el blues Barbara Morrison\u201d, public\u00f3 el Instituto de Jazz Herbie Hancock en su p\u00e1gina de Twitter el mi\u00e9rcoles por la tarde. \u201cElla fue mentora de los vocalistas de nuestro programa universitario y muchos de nuestros estudiantes han actuado con ella. Un pilar en la comunidad musical, ella fund\u00f3 (el Centro de Artes Esc\u00e9nicas Barbara Morrison) y el Museo de Jazz y Blues de California en Leimert Park\u201d.<\/p>\n\n\n\n<p>Durante una carrera de m\u00e1s de 60 a\u00f1os, el nativo de Detroit actu\u00f3 con algunos de los nombres m\u00e1s importantes de la m\u00fasica jazz, incluidos Dizzy Gillespie, Ray Charles, Kenny Burrell, Hank Crawford, Nancy Wilson, Mel Torm\u00e9 y Ray Brown. Tambi\u00e9n se sent\u00f3 con la Orquesta Count Basie y la Big Band de Doc Severinsen.<\/p>\n\n\n\n<p>Seg\u00fan la Escuela de M\u00fasica Herb Alpert de la UCLA, donde se desempe\u00f1\u00f3 como profesora adjunta de estudios globales de jazz, actu\u00f3 en el Carnegie Hall, realiz\u00f3 una gira por Europa con Ray Charles y cant\u00f3 en los festivales de jazz del Mar del Norte, Berna y Playboy.<\/p>\n\n\n\n<p>Comenz\u00f3 a actuar a los 10 a\u00f1os en Michigan y, a lo largo de su carrera, apareci\u00f3 en m\u00e1s de 20 grabaciones, dos de las cuales obtuvieron nominaciones a los premios Grammy. Her Blue Lady Records fue nominada en 1999 como productora del \u00e1lbum de Al McKibbon \u201cTumbao Para Los Confueros de Mi Vida (For All the Conga Drummers in My Life)\u201d.<\/p>\n\n\n\n<p>El Departamento de Asuntos Culturales de Los \u00c1ngeles lament\u00f3 su fallecimiento, llam\u00e1ndola \u201cL.A. Tesoro.&#8221;<\/p>\n\n\n\n<p>\u201cLa vocalista de jazz y blues y directora del Centro de Artes Esc\u00e9nicas Barbara Morrison en Leimert Park deja un profundo legado de canciones, creatividad y generosidad comunitaria. Que su recuerdo nos siga inspirando\u201d.<\/p>\n","protected":false},"excerpt":{"rendered":"<p>La leyenda del jazz de Los \u00c1ngeles, Barbara Morrison, quien actu\u00f3 en un par de \u00e1lbumes nominados al Grammy, produjo otro y fund\u00f3 un teatro de artes esc\u00e9nicas y un museo de jazz\/blues en Leimert Park, muri\u00f3 el mi\u00e9rcoles a los 72 a\u00f1os. Morrison fue un pilar en la escena del jazz de Pasadena, tocando en Levitt, Terrace Court y otros lugares locales. La amiga de Morrison, Cathy Segal-Garcia, quien abri\u00f3 una p\u00e1gina de GoFundMe a principios de marzo cuando [&hellip;]<\/p>\n","protected":false},"author":4,"featured_media":0,"comment_status":"open","ping_status":"closed","sticky":false,"template":"","format":"standard","meta":[],"categories":[4],"tags":[],"acf":[],"_links":{"self":[{"href":"http:\/\/www.pasadenahoy.com\/primero\/wp-json\/wp\/v2\/posts\/15235"}],"collection":[{"href":"http:\/\/www.pasadenahoy.com\/primero\/wp-json\/wp\/v2\/posts"}],"about":[{"href":"http:\/\/www.pasadenahoy.com\/primero\/wp-json\/wp\/v2\/types\/post"}],"author":[{"embeddable":true,"href":"http:\/\/www.pasadenahoy.com\/primero\/wp-json\/wp\/v2\/users\/4"}],"replies":[{"embeddable":true,"href":"http:\/\/www.pasadenahoy.com\/primero\/wp-json\/wp\/v2\/comments?post=15235"}],"version-history":[{"count":2,"href":"http:\/\/www.pasadenahoy.com\/primero\/wp-json\/wp\/v2\/posts\/15235\/revisions"}],"predecessor-version":[{"id":15238,"href":"http:\/\/www.pasadenahoy.com\/primero\/wp-json\/wp\/v2\/posts\/15235\/revisions\/15238"}],"wp:attachment":[{"href":"http:\/\/www.pasadenahoy.com\/primero\/wp-json\/wp\/v2\/media?parent=15235"}],"wp:term":[{"taxonomy":"category","embeddable":true,"href":"http:\/\/www.pasadenahoy.com\/primero\/wp-json\/wp\/v2\/categories?post=15235"},{"taxonomy":"post_tag","embeddable":true,"href":"http:\/\/www.pasadenahoy.com\/primero\/wp-json\/wp\/v2\/tags?post=15235"}],"curies":[{"name":"wp","href":"https:\/\/api.w.org\/{rel}","templated":true}]}}