{"id":15243,"date":"2022-03-21T15:12:56","date_gmt":"2022-03-21T15:12:56","guid":{"rendered":"http:\/\/www.pasadenahoy.com\/primero\/?p=15243"},"modified":"2022-03-21T15:12:58","modified_gmt":"2022-03-21T15:12:58","slug":"salario-minimo-de-pasadena-aumentara-a-16-11","status":"publish","type":"post","link":"http:\/\/www.pasadenahoy.com\/primero\/la-comunidad\/salario-minimo-de-pasadena-aumentara-a-16-11\/","title":{"rendered":"Salario m\u00ednimo de Pasadena aumentar\u00e1 a $16.11"},"content":{"rendered":"\n<figure class=\"wp-block-image alignnone size-large\"><figure class=\"alignnone\"><img loading=\"lazy\" width=\"700\" height=\"378\" src=\"http:\/\/www.pasadenahoy.com\/primero\/wp-content\/uploads\/2022\/03\/pic-1-2.png\" alt=\"\" class=\"wp-image-15244\" srcset=\"http:\/\/www.pasadenahoy.com\/primero\/wp-content\/uploads\/2022\/03\/pic-1-2.png 700w, http:\/\/www.pasadenahoy.com\/primero\/wp-content\/uploads\/2022\/03\/pic-1-2-300x162.png 300w, http:\/\/www.pasadenahoy.com\/primero\/wp-content\/uploads\/2022\/03\/pic-1-2-241x130.png 241w, http:\/\/www.pasadenahoy.com\/primero\/wp-content\/uploads\/2022\/03\/pic-1-2-333x180.png 333w, http:\/\/www.pasadenahoy.com\/primero\/wp-content\/uploads\/2022\/03\/pic-1-2-360x194.png 360w\" sizes=\"100vw\" \/><\/figure><\/figure>\n\n\n\n<p>Quienes ganan el salario m\u00ednimo local ver\u00e1n un aumento en el pago de m\u00e1s de $1 por hora a finales de este a\u00f1o.<\/p>\n\n\n\n<p>Pasadena Now se enter\u00f3 de que el salario m\u00ednimo de la ciudad aumentar\u00e1 a $16.11 en julio.<\/p>\n\n\n\n<p>El aumento ha dejado a algunos preocupados por el impacto en las peque\u00f1as empresas.<\/p>\n\n\n\n<p>El salario m\u00ednimo es el salario inicial por hora que un empleador puede pagarle a un empleado por trabajar.<\/p>\n\n\n\n<p>A nivel local, el Concejo Municipal de Pasadena adopt\u00f3 una Ordenanza de Salario M\u00ednimo el 14 de marzo de 2016.<\/p>\n\n\n\n<p>El salario aument\u00f3 el 1 de julio de 2016 a $10.50 y aument\u00f3 $1.25 cada a\u00f1o en esa fecha hasta llegar a $15 en 2020.<\/p>\n\n\n\n<p>Las empresas con 25 empleados o menos y las organizaciones sin fines de lucro que califican tienen un a\u00f1o adicional para cumplir con los aumentos salariales secuenciales.<\/p>\n\n\n\n<p>El aumento a $16.11 se basa en una disposici\u00f3n que aumenta el salario con base en el \u00cdndice de Precios al Consumidor (IPC). La inflaci\u00f3n ha golpeado a los consumidores locales.<\/p>\n\n\n\n<p>El IPC mide la variaci\u00f3n media a lo largo del tiempo de los precios que pagan los consumidores urbanos por una cesta de la compra de bienes y servicios de consumo.<\/p>\n\n\n\n<p>La inflaci\u00f3n ha golpeado a los consumidores locales.<\/p>\n\n\n\n<p>\u201cLa inflaci\u00f3n nos afecta a todos, pero tiene un mayor impacto en los trabajadores con salarios m\u00e1s bajos\u201d, dijo el vicealcalde Andy Wilson. \u201cEntonces, si bien aprecio que los aumentos en el salario m\u00ednimo a menudo ejerzan una presi\u00f3n adicional sobre las peque\u00f1as empresas y los restaurantes, especialmente cuando buscan recuperarse de los desaf\u00edos de la pandemia, creo que pueden absorber mejor estos aumentos que los trabajadores con salarios bajos que a menudo luchan para llegar a fin de mes. .\u201d<\/p>\n\n\n\n<p>El presidente Franklin Delano Roosevelt declar\u00f3 el salario m\u00ednimo como un salario digno cuando se aprob\u00f3 la ley en 1933.<\/p>\n\n\n\n<p>Pero algunos dicen que el salario m\u00ednimo local no es un salario digno ya que $15 la hora no cubre el alto costo del alquiler en Pasadena.<\/p>\n\n\n\n<p>Las peque\u00f1as empresas, especialmente los due\u00f1os de restaurantes, contin\u00faan luchando por recuperarse despu\u00e9s de estar cerrados durante casi un a\u00f1o debido a la pandemia de COVID-19.<\/p>\n\n\n\n<p>\u201cCreo que debemos ser justos y equitativos con nuestros empleados y estar al d\u00eda con lo que pagan las \u00e1reas circundantes\u201d, dijo Gale Kohl, propietaria de un restaurante.<\/p>\n\n\n\n<p>\u201cNo tengo ninguna duda de que veremos el cierre de muchas organizaciones m\u00e1s peque\u00f1as debido a los criterios de compensaci\u00f3n insostenibles que estamos estableciendo\u201d.<\/p>\n\n\n\n<p>Seg\u00fan Kohl, el impacto en el salario tendr\u00e1 consecuencias en los supermercados, restaurantes y tiendas minoristas.<\/p>\n\n\n\n<p>\u201cEsto har\u00e1 que sea a\u00fan m\u00e1s dif\u00edcil para las familias de bajos ingresos vivir y prosperar en Pasadena y el condado de Los \u00c1ngeles. Al final del d\u00eda, el d\u00f3lar extra que la gente ve en sus cheques de pago no se realizar\u00e1\u201d.<\/p>\n\n\n\n<p>Durante el cierre, los activistas locales realizaron una manifestaci\u00f3n en medio de temores de que el Concejo Municipal detuviera el aumento a $15.<\/p>\n\n\n\n<p>El ex propietario de un restaurante, Robin Salzer, dijo que deber\u00eda haber una pausa para permitir que los due\u00f1os de negocios se recuperen.<\/p>\n\n\n\n<p>\u201cAhora no es el momento de siquiera considerar aumentar el salario m\u00ednimo\u201d, dijo. \u201cCon los precios de la gasolina en su punto m\u00e1s alto, con muchos negocios cerrados y frentes de tiendas con letreros de venta o arrendamiento y con muchos negocios grandes y peque\u00f1os operando con menos horas debido a la falta de personal, ahora es el peor momento para agregar otro clavo en el ata\u00fad de la sostenibilidad empresarial\u201d.<\/p>\n\n\n\n<p>Seg\u00fan Salzer, el costo de las operaciones aumentar\u00e1 y las empresas se ver\u00e1n obligadas a operar con menos personal, lo que dar\u00e1 como resultado una tasa de desempleo a\u00fan m\u00e1s alta que la que ahora se extiende por nuestro pa\u00eds.<\/p>\n\n\n\n<p>\u201cLa mayor\u00eda de las empresas en Pasadena se est\u00e1n recuperando lentamente de la pandemia. Que vuelvan a ser solventes antes de subir el salario m\u00ednimo\u201d.<\/p>\n\n\n\n<p>A pesar de esos factores, el director ejecutivo de la C\u00e1mara de Comercio local, Paul Little, dijo que cree que el aumento seguir\u00e1 adelante.<\/p>\n\n\n\n<p>\u201cEspero que el Concejo Municipal aumente el salario m\u00ednimo\u201d, dijo Paul Little, director ejecutivo de la C\u00e1mara de Comercio. \u201cEl aumento ser\u00e1 una carga m\u00e1s para las peque\u00f1as empresas de propiedad local despu\u00e9s de dos a\u00f1os de una econom\u00eda aplastante\u201d.<\/p>\n","protected":false},"excerpt":{"rendered":"<p>Quienes ganan el salario m\u00ednimo local ver\u00e1n un aumento en el pago de m\u00e1s de $1 por hora a finales de este a\u00f1o. Pasadena Now se enter\u00f3 de que el salario m\u00ednimo de la ciudad aumentar\u00e1 a $16.11 en julio. El aumento ha dejado a algunos preocupados por el impacto en las peque\u00f1as empresas. El salario m\u00ednimo es el salario inicial por hora que un empleador puede pagarle a un empleado por trabajar. A nivel local, el Concejo Municipal de [&hellip;]<\/p>\n","protected":false},"author":4,"featured_media":15244,"comment_status":"open","ping_status":"closed","sticky":false,"template":"","format":"standard","meta":[],"categories":[4],"tags":[],"acf":[],"_links":{"self":[{"href":"http:\/\/www.pasadenahoy.com\/primero\/wp-json\/wp\/v2\/posts\/15243"}],"collection":[{"href":"http:\/\/www.pasadenahoy.com\/primero\/wp-json\/wp\/v2\/posts"}],"about":[{"href":"http:\/\/www.pasadenahoy.com\/primero\/wp-json\/wp\/v2\/types\/post"}],"author":[{"embeddable":true,"href":"http:\/\/www.pasadenahoy.com\/primero\/wp-json\/wp\/v2\/users\/4"}],"replies":[{"embeddable":true,"href":"http:\/\/www.pasadenahoy.com\/primero\/wp-json\/wp\/v2\/comments?post=15243"}],"version-history":[{"count":2,"href":"http:\/\/www.pasadenahoy.com\/primero\/wp-json\/wp\/v2\/posts\/15243\/revisions"}],"predecessor-version":[{"id":15246,"href":"http:\/\/www.pasadenahoy.com\/primero\/wp-json\/wp\/v2\/posts\/15243\/revisions\/15246"}],"wp:featuredmedia":[{"embeddable":true,"href":"http:\/\/www.pasadenahoy.com\/primero\/wp-json\/wp\/v2\/media\/15244"}],"wp:attachment":[{"href":"http:\/\/www.pasadenahoy.com\/primero\/wp-json\/wp\/v2\/media?parent=15243"}],"wp:term":[{"taxonomy":"category","embeddable":true,"href":"http:\/\/www.pasadenahoy.com\/primero\/wp-json\/wp\/v2\/categories?post=15243"},{"taxonomy":"post_tag","embeddable":true,"href":"http:\/\/www.pasadenahoy.com\/primero\/wp-json\/wp\/v2\/tags?post=15243"}],"curies":[{"name":"wp","href":"https:\/\/api.w.org\/{rel}","templated":true}]}}