{"id":15247,"date":"2022-03-21T15:19:41","date_gmt":"2022-03-21T15:19:41","guid":{"rendered":"http:\/\/www.pasadenahoy.com\/primero\/?p=15247"},"modified":"2022-03-21T15:19:43","modified_gmt":"2022-03-21T15:19:43","slug":"el-departamento-de-salud-publica-de-pasadena-rastrea-la-nueva-variante-ba-2-de-covid-de-rapida-propagacion","status":"publish","type":"post","link":"http:\/\/www.pasadenahoy.com\/primero\/la-comunidad\/el-departamento-de-salud-publica-de-pasadena-rastrea-la-nueva-variante-ba-2-de-covid-de-rapida-propagacion\/","title":{"rendered":"El Departamento de Salud P\u00fablica de Pasadena rastrea la nueva variante BA.2 de COVID de r\u00e1pida propagaci\u00f3n"},"content":{"rendered":"\n<figure class=\"wp-block-image alignnone size-large\"><figure class=\"alignnone\"><img loading=\"lazy\" width=\"700\" height=\"378\" src=\"http:\/\/www.pasadenahoy.com\/primero\/wp-content\/uploads\/2022\/03\/pic-2-10.jpg\" alt=\"\" class=\"wp-image-15248\" srcset=\"http:\/\/www.pasadenahoy.com\/primero\/wp-content\/uploads\/2022\/03\/pic-2-10.jpg 700w, http:\/\/www.pasadenahoy.com\/primero\/wp-content\/uploads\/2022\/03\/pic-2-10-300x162.jpg 300w, http:\/\/www.pasadenahoy.com\/primero\/wp-content\/uploads\/2022\/03\/pic-2-10-241x130.jpg 241w, http:\/\/www.pasadenahoy.com\/primero\/wp-content\/uploads\/2022\/03\/pic-2-10-333x180.jpg 333w, http:\/\/www.pasadenahoy.com\/primero\/wp-content\/uploads\/2022\/03\/pic-2-10-360x194.jpg 360w\" sizes=\"100vw\" \/><\/figure><\/figure>\n\n\n\n<p>La directora de salud p\u00fablica de Pasadena, la Dra. Ying-Ying Goh, dijo el viernes que su departamento est\u00e1 monitoreando cuidadosamente la variante BA.2 de COVID-19, que fue detectada por primera vez por m\u00e9dicos a nivel internacional hace dos meses y ahora se est\u00e1 propagando r\u00e1pidamente por los EE. UU.<\/p>\n\n\n\n<p>Los Centros para el Control y la Prevenci\u00f3n de Enfermedades de EE. UU. dijeron que la variante BA.2 parece estar en camino de convertirse en la cepa dominante de COVID en el pa\u00eds. Para la semana del 5 de marzo, BA.2 represent\u00f3 el 14,2 por ciento de los casos en EE. UU., pero salt\u00f3 al 23,1 por ciento de todos los casos el 12 de marzo.<\/p>\n\n\n\n<p>\u201cEstamos rastreando activamente la nueva informaci\u00f3n sobre BA.2 a medida que est\u00e9 disponible. Parte de esta informaci\u00f3n proviene de pa\u00edses de Europa y otras partes del mundo donde las proporciones de BA.2 han aumentado y los casos est\u00e1n aumentando\u201d, dijo el Dr. Goh a Pasadena Now en una entrevista el viernes.<\/p>\n\n\n\n<p>\u201cM\u00faltiples factores pueden estar contribuyendo adem\u00e1s del predominio de BA.2, incluida la disminuci\u00f3n de la inmunidad por infecci\u00f3n o vacunaci\u00f3n previa y la relajaci\u00f3n de las medidas de salud p\u00fablica\u201d.<\/p>\n\n\n\n<p>El virus BA.2 es una cepa de la variante Omicron altamente contagiosa que parece propagarse a\u00fan m\u00e1s f\u00e1cilmente.<\/p>\n\n\n\n<p>Debido a que BA.2 super\u00f3 r\u00e1pidamente al Omicron original en otros pa\u00edses, los investigadores se han estado preparando para que suceda lo mismo en los EE. UU.<\/p>\n\n\n\n<p>A partir de hoy, se cree que Pasadena a\u00fan no ha visto la circulaci\u00f3n de la variante a nivel local. El Dr. Goh inform\u00f3 que los casos de COVID en la ciudad se han estancado recientemente despu\u00e9s de un aumento anterior de Omicron.<\/p>\n\n\n\n<p>\u201cEn Pasadena, no continuamos viendo una disminuci\u00f3n r\u00e1pida y, en cambio, estamos viendo constantemente un promedio de 15 casos nuevos por d\u00eda\u201d, dijo el Dr. Goh.<\/p>\n\n\n\n<p>A medida que la nueva variante de COVID se propaga en los EE. UU., PPHD recomienda al p\u00fablico que est\u00e9 al d\u00eda con la vacunaci\u00f3n contra el COVID-19, incluidas las dosis de refuerzo, para todas las personas de 5 a\u00f1os o m\u00e1s para reducir el riesgo de contraer y propagar el virus.<\/p>\n\n\n\n<p>PPHD tambi\u00e9n aconseja a los residentes que desean evitar enfermedades que usen m\u00e1scaras y eviten situaciones de mayor riesgo, como espacios interiores llenos de gente, especialmente si ellos o sus seres queridos tienen vacunas incompletas o ninguna, o condiciones m\u00e9dicas subyacentes.<\/p>\n","protected":false},"excerpt":{"rendered":"<p>La directora de salud p\u00fablica de Pasadena, la Dra. Ying-Ying Goh, dijo el viernes que su departamento est\u00e1 monitoreando cuidadosamente la variante BA.2 de COVID-19, que fue detectada por primera vez por m\u00e9dicos a nivel internacional hace dos meses y ahora se est\u00e1 propagando r\u00e1pidamente por los EE. UU. Los Centros para el Control y la Prevenci\u00f3n de Enfermedades de EE. UU. dijeron que la variante BA.2 parece estar en camino de convertirse en la cepa dominante de COVID en [&hellip;]<\/p>\n","protected":false},"author":4,"featured_media":15248,"comment_status":"open","ping_status":"closed","sticky":false,"template":"","format":"standard","meta":[],"categories":[4],"tags":[],"acf":[],"_links":{"self":[{"href":"http:\/\/www.pasadenahoy.com\/primero\/wp-json\/wp\/v2\/posts\/15247"}],"collection":[{"href":"http:\/\/www.pasadenahoy.com\/primero\/wp-json\/wp\/v2\/posts"}],"about":[{"href":"http:\/\/www.pasadenahoy.com\/primero\/wp-json\/wp\/v2\/types\/post"}],"author":[{"embeddable":true,"href":"http:\/\/www.pasadenahoy.com\/primero\/wp-json\/wp\/v2\/users\/4"}],"replies":[{"embeddable":true,"href":"http:\/\/www.pasadenahoy.com\/primero\/wp-json\/wp\/v2\/comments?post=15247"}],"version-history":[{"count":2,"href":"http:\/\/www.pasadenahoy.com\/primero\/wp-json\/wp\/v2\/posts\/15247\/revisions"}],"predecessor-version":[{"id":15250,"href":"http:\/\/www.pasadenahoy.com\/primero\/wp-json\/wp\/v2\/posts\/15247\/revisions\/15250"}],"wp:featuredmedia":[{"embeddable":true,"href":"http:\/\/www.pasadenahoy.com\/primero\/wp-json\/wp\/v2\/media\/15248"}],"wp:attachment":[{"href":"http:\/\/www.pasadenahoy.com\/primero\/wp-json\/wp\/v2\/media?parent=15247"}],"wp:term":[{"taxonomy":"category","embeddable":true,"href":"http:\/\/www.pasadenahoy.com\/primero\/wp-json\/wp\/v2\/categories?post=15247"},{"taxonomy":"post_tag","embeddable":true,"href":"http:\/\/www.pasadenahoy.com\/primero\/wp-json\/wp\/v2\/tags?post=15247"}],"curies":[{"name":"wp","href":"https:\/\/api.w.org\/{rel}","templated":true}]}}