{"id":15263,"date":"2022-03-21T15:34:57","date_gmt":"2022-03-21T15:34:57","guid":{"rendered":"http:\/\/www.pasadenahoy.com\/primero\/?p=15263"},"modified":"2022-03-21T15:34:58","modified_gmt":"2022-03-21T15:34:58","slug":"bullpen-del-lunes-por-la-manana-la-ciudad-recibe-cartas","status":"publish","type":"post","link":"http:\/\/www.pasadenahoy.com\/primero\/la-comunidad\/bullpen-del-lunes-por-la-manana-la-ciudad-recibe-cartas\/","title":{"rendered":"Bullpen del lunes por la ma\u00f1ana: la ciudad recibe cartas"},"content":{"rendered":"\n<figure class=\"wp-block-image alignnone size-large\"><figure class=\"alignnone\"><img loading=\"lazy\" width=\"700\" height=\"378\" src=\"http:\/\/www.pasadenahoy.com\/primero\/wp-content\/uploads\/2022\/03\/PIC-6-6.jpg\" alt=\"\" class=\"wp-image-15264\" srcset=\"http:\/\/www.pasadenahoy.com\/primero\/wp-content\/uploads\/2022\/03\/PIC-6-6.jpg 700w, http:\/\/www.pasadenahoy.com\/primero\/wp-content\/uploads\/2022\/03\/PIC-6-6-300x162.jpg 300w, http:\/\/www.pasadenahoy.com\/primero\/wp-content\/uploads\/2022\/03\/PIC-6-6-241x130.jpg 241w, http:\/\/www.pasadenahoy.com\/primero\/wp-content\/uploads\/2022\/03\/PIC-6-6-333x180.jpg 333w, http:\/\/www.pasadenahoy.com\/primero\/wp-content\/uploads\/2022\/03\/PIC-6-6-360x194.jpg 360w\" sizes=\"100vw\" \/><\/figure><\/figure>\n\n\n\n<p>No sale mucho del Concejo Municipal esta semana.<\/p>\n\n\n\n<p>La resoluci\u00f3n de continuar reuni\u00e9ndose de forma remota ser\u00e1 interesante, la pregunta aqu\u00ed es si alg\u00fan miembro del consejo preguntar\u00e1 cu\u00e1ndo el consejo planea reunirse en persona.<\/p>\n\n\n\n<p>Si es as\u00ed, eso deber\u00eda ser una observaci\u00f3n interesante.<\/p>\n\n\n\n<p>Como hemos visto en todo el pa\u00eds, es muy f\u00e1cil sentirse c\u00f3modo haciendo su trabajo en casa.<\/p>\n\n\n\n<p>No estoy seguro de que todos los elegidos est\u00e9n ansiosos por volver a las c\u00e1maras del consejo.<\/p>\n\n\n\n<p>El tiempo dir\u00e1.<\/p>\n\n\n\n<p>La ciudad recibi\u00f3 dos cartas importantes la semana pasada. El primero fue del Fiscal General del estado, Rob Bonta, quien habl\u00f3 sobre la ordenanza de emergencia de la ciudad en SB 9.<\/p>\n\n\n\n<p>Seg\u00fan Bonta, la ordenanza no excluye a los distritos emblem\u00e1ticos.<\/p>\n\n\n\n<p>Una b\u00fasqueda r\u00e1pida en Google muestra muchas organizaciones y algunas otras ciudades parecen tener otras impresiones de la ley.<\/p>\n\n\n\n<p>Por supuesto, en este punto, cada lado est\u00e1 interpretando la ley y probablemente ser\u00eda necesario un tribunal de justicia para llegar al fondo de todo.<\/p>\n\n\n\n<p>Y esa es la gran pregunta: \u00bfhasta d\u00f3nde retroceder\u00e1 la ciudad?<\/p>\n\n\n\n<p>Puede que no sea esta, pero en alg\u00fan momento una de estas leyes tendr\u00e1 un serio desaf\u00edo en los tribunales.<\/p>\n\n\n\n<p>No. No los casos que hemos visto hasta ahora. Estoy hablando de algo un poco m\u00e1s profundo.<\/p>\n\n\n\n<p>Puede que no sea un caso que involucre a Pasadena, pero se acerca.<\/p>\n\n\n\n<p>S\u00ed, lo s\u00e9 todo sobre la crisis de la vivienda.<\/p>\n\n\n\n<p>Pero la SB 9 no proporciona ninguna respuesta a ese problema.<\/p>\n\n\n\n<p>Construir m\u00e1s casas no conduce a aumentos salariales.<\/p>\n\n\n\n<p>El gran problema es que a muchas personas simplemente se les ha quitado el precio de la vivienda, el alquiler y la propiedad, en todo el estado.<\/p>\n\n\n\n<p>Asequible o no.<\/p>\n\n\n\n<p>Y si no se le ha descontado el precio, se le est\u00e1 poniendo al d\u00eda a menos que est\u00e9 ganando dinero en efectivo.<\/p>\n\n\n\n<p>Me temo que no habr\u00e1 respuestas pronto, probablemente muchas m\u00e1s viviendas, asequibles y de otro tipo, que las personas pobres que ganan $ 15 por hora simplemente no pueden pagar.<\/p>\n\n\n\n<p>Algunas personas est\u00e1n pagando m\u00e1s en renta de mercado de lo que pagar\u00edan en una hipoteca.<\/p>\n\n\n\n<p>Eso es rid\u00edculo.<\/p>\n\n\n\n<p>Si est\u00e1 a favor del control de alquileres o no, las iniciativas al menos intentan mantener bajos los aumentos de alquileres en lugar de pontificar sobre ADU y pisos de abuela.<\/p>\n\n\n\n<p>Los funcionarios de la ciudad intercambiaron cartas con el fiscal de distrito George Gasc\u00f3n la semana pasada.<\/p>\n\n\n\n<p>Escrib\u00ed sobre la carta de la ciudad la semana pasada.<\/p>\n\n\n\n<p>La respuesta de Gasc\u00f3n del 16 de marzo expuso el procedimiento y el proceso. La \u00fanica revelaci\u00f3n en su carta es que ha contratado a un grupo de abogados para ayudar con las investigaciones.<\/p>\n\n\n\n<p>Pero lo que no aborda es por qu\u00e9 las investigaciones contin\u00faan demorando hasta 2,5 a\u00f1os, seg\u00fan funcionarios de la ciudad, si cuenta con m\u00e1s ayuda.<\/p>\n\n\n\n<p>Uno pensar\u00eda que m\u00e1s ayuda mejorar\u00eda las cosas, no las retrasar\u00eda.<\/p>\n\n\n\n<p>Podr\u00eda ser un caso de demasiados cocineros en la cocina, supongo.<\/p>\n\n\n\n<p>\u00bfQui\u00e9n sabe?<\/p>\n","protected":false},"excerpt":{"rendered":"<p>No sale mucho del Concejo Municipal esta semana. La resoluci\u00f3n de continuar reuni\u00e9ndose de forma remota ser\u00e1 interesante, la pregunta aqu\u00ed es si alg\u00fan miembro del consejo preguntar\u00e1 cu\u00e1ndo el consejo planea reunirse en persona. Si es as\u00ed, eso deber\u00eda ser una observaci\u00f3n interesante. Como hemos visto en todo el pa\u00eds, es muy f\u00e1cil sentirse c\u00f3modo haciendo su trabajo en casa. No estoy seguro de que todos los elegidos est\u00e9n ansiosos por volver a las c\u00e1maras del consejo. El tiempo [&hellip;]<\/p>\n","protected":false},"author":4,"featured_media":0,"comment_status":"open","ping_status":"closed","sticky":false,"template":"","format":"standard","meta":[],"categories":[4],"tags":[],"acf":[],"_links":{"self":[{"href":"http:\/\/www.pasadenahoy.com\/primero\/wp-json\/wp\/v2\/posts\/15263"}],"collection":[{"href":"http:\/\/www.pasadenahoy.com\/primero\/wp-json\/wp\/v2\/posts"}],"about":[{"href":"http:\/\/www.pasadenahoy.com\/primero\/wp-json\/wp\/v2\/types\/post"}],"author":[{"embeddable":true,"href":"http:\/\/www.pasadenahoy.com\/primero\/wp-json\/wp\/v2\/users\/4"}],"replies":[{"embeddable":true,"href":"http:\/\/www.pasadenahoy.com\/primero\/wp-json\/wp\/v2\/comments?post=15263"}],"version-history":[{"count":2,"href":"http:\/\/www.pasadenahoy.com\/primero\/wp-json\/wp\/v2\/posts\/15263\/revisions"}],"predecessor-version":[{"id":15266,"href":"http:\/\/www.pasadenahoy.com\/primero\/wp-json\/wp\/v2\/posts\/15263\/revisions\/15266"}],"wp:attachment":[{"href":"http:\/\/www.pasadenahoy.com\/primero\/wp-json\/wp\/v2\/media?parent=15263"}],"wp:term":[{"taxonomy":"category","embeddable":true,"href":"http:\/\/www.pasadenahoy.com\/primero\/wp-json\/wp\/v2\/categories?post=15263"},{"taxonomy":"post_tag","embeddable":true,"href":"http:\/\/www.pasadenahoy.com\/primero\/wp-json\/wp\/v2\/tags?post=15263"}],"curies":[{"name":"wp","href":"https:\/\/api.w.org\/{rel}","templated":true}]}}