{"id":15271,"date":"2022-03-21T15:42:59","date_gmt":"2022-03-21T15:42:59","guid":{"rendered":"http:\/\/www.pasadenahoy.com\/primero\/?p=15271"},"modified":"2022-03-21T15:43:00","modified_gmt":"2022-03-21T15:43:00","slug":"opinion-de-los-huespedes-laurence-todd-es-reemplazable-el-gerente-general-de-rose-bowl-darryl-dunn","status":"publish","type":"post","link":"http:\/\/www.pasadenahoy.com\/primero\/la-comunidad\/opinion-de-los-huespedes-laurence-todd-es-reemplazable-el-gerente-general-de-rose-bowl-darryl-dunn\/","title":{"rendered":"Opini\u00f3n de los hu\u00e9spedes | Laurence Todd: \u00bfEs reemplazable el gerente general de Rose Bowl, Darryl Dunn?"},"content":{"rendered":"\n<figure class=\"wp-block-image alignnone size-large\"><figure class=\"alignnone\"><img loading=\"lazy\" width=\"276\" height=\"276\" src=\"http:\/\/www.pasadenahoy.com\/primero\/wp-content\/uploads\/2022\/03\/pic-8-2.jpg\" alt=\"\" class=\"wp-image-15272\" srcset=\"http:\/\/www.pasadenahoy.com\/primero\/wp-content\/uploads\/2022\/03\/pic-8-2.jpg 276w, http:\/\/www.pasadenahoy.com\/primero\/wp-content\/uploads\/2022\/03\/pic-8-2-150x150.jpg 150w, http:\/\/www.pasadenahoy.com\/primero\/wp-content\/uploads\/2022\/03\/pic-8-2-130x130.jpg 130w, http:\/\/www.pasadenahoy.com\/primero\/wp-content\/uploads\/2022\/03\/pic-8-2-180x180.jpg 180w, http:\/\/www.pasadenahoy.com\/primero\/wp-content\/uploads\/2022\/03\/pic-8-2-72x72.jpg 72w, http:\/\/www.pasadenahoy.com\/primero\/wp-content\/uploads\/2022\/03\/pic-8-2-144x144.jpg 144w, http:\/\/www.pasadenahoy.com\/primero\/wp-content\/uploads\/2022\/03\/pic-8-2-54x54.jpg 54w, http:\/\/www.pasadenahoy.com\/primero\/wp-content\/uploads\/2022\/03\/pic-8-2-108x108.jpg 108w, http:\/\/www.pasadenahoy.com\/primero\/wp-content\/uploads\/2022\/03\/pic-8-2-58x58.jpg 58w, http:\/\/www.pasadenahoy.com\/primero\/wp-content\/uploads\/2022\/03\/pic-8-2-116x116.jpg 116w\" sizes=\"100vw\" \/><figcaption><span class=\"caption-text\">Todd Laurence<\/span><\/figcaption><\/figure><\/figure>\n\n\n\n<p>El mismo a\u00f1o en que el Rose Bowl celebrar\u00e1 su funcionamiento centenario, su Gerente General, Darryl Dunn, se jubilar\u00e1 despu\u00e9s de casi 30 a\u00f1os. En un momento en que el futuro del Rose Bowl ha sido cuestionado, ya sea en las redes sociales, la sala del tribunal o por el surgimiento de lugares competitivos al sur de la autopista 110, su liderazgo de confianza, que puede describirse como entusiasta, decisivo y m\u00e1s, lo que es m\u00e1s importante, competente, ser\u00e1 extra\u00f1ado.<\/p>\n\n\n\n<p>No estuve de acuerdo con todas las decisiones relacionadas con el Rose Bowl defendidas bajo el mandato del Sr. Dunn. Sin embargo, valor\u00e9 sus habilidades de comunicaci\u00f3n (y las de su personal) y la integridad demostrada frente a la oposici\u00f3n.<\/p>\n\n\n\n<p>Se informa que The Rose Bowl Operating Company, que opera el Rose Bowl, emiti\u00f3 un comunicado de que comenzar\u00e1 inmediatamente a buscar el reemplazo del Sr. Dunn.<\/p>\n\n\n\n<p>\u00bfPero es el Sr. Dunn reemplazable?<\/p>\n\n\n\n<p>Podr\u00eda decirse que todos lo son, pero para el rol de Gerente General del Rose Bowl, el abuelo de todos ellos, la pregunta es v\u00e1lida. M\u00e1s espec\u00edficamente, \u00bfc\u00f3mo preparamos el Rose Bowl para los pr\u00f3ximos 100 a\u00f1os\u2026 y qui\u00e9n navegar\u00e1 por su camino durante los pr\u00f3ximos 30 a\u00f1os antes de que nos encontremos pasando la batuta?<\/p>\n\n\n\n<p>El Rose Bowl no necesita otro Gerente General, en el sentido general. Deber\u00edamos estar menos preocupados por el expediente acad\u00e9mico de uno, o qui\u00e9n puede explicar un libro de contabilidad, tiene las llaves del edificio\u2026 o paga su factura.<\/p>\n\n\n\n<p>El Rose Bowl necesita un visionario. Digo esto pensando en el Sr. Dunn describi\u00e9ndome en 2019 c\u00f3mo \u00e9l y el ex alumno del Sal\u00f3n de la Fama del Deporte de Pasadena y campe\u00f3n del Super Bowl, Mario Clark, compartieron espacio de oficina cuando lo contrataron por primera vez. No importaba cu\u00e1n peque\u00f1os fueran sus confinamientos, pod\u00eda ver que no impidi\u00f3 su visi\u00f3n de lo que quer\u00eda lograr como nuevo Gerente General del Rose Bowl. Casi 30 a\u00f1os despu\u00e9s, hemos aprendido del Sr. Dunn que administrar y operar el Rose Bowl es una carrera hacia el futuro y en preparaci\u00f3n para \u00e9l. Visionario.<\/p>\n\n\n\n<p>El futuro del Rose Bowl estar\u00e1 asegurado en la visi\u00f3n: la imaginaci\u00f3n y la previsi\u00f3n inusual de su nuevo Gerente General\u2026 incluso si nosotros, los fan\u00e1ticos y los residentes, no lo reconocemos a primera vista.<\/p>\n\n\n\n<p>Laurence Todd es el presidente del Sal\u00f3n de la Fama del Deporte de Pasadena<\/p>\n","protected":false},"excerpt":{"rendered":"<p>El mismo a\u00f1o en que el Rose Bowl celebrar\u00e1 su funcionamiento centenario, su Gerente General, Darryl Dunn, se jubilar\u00e1 despu\u00e9s de casi 30 a\u00f1os. En un momento en que el futuro del Rose Bowl ha sido cuestionado, ya sea en las redes sociales, la sala del tribunal o por el surgimiento de lugares competitivos al sur de la autopista 110, su liderazgo de confianza, que puede describirse como entusiasta, decisivo y m\u00e1s, lo que es m\u00e1s importante, competente, ser\u00e1 extra\u00f1ado. [&hellip;]<\/p>\n","protected":false},"author":4,"featured_media":0,"comment_status":"open","ping_status":"closed","sticky":false,"template":"","format":"standard","meta":[],"categories":[4],"tags":[],"acf":[],"_links":{"self":[{"href":"http:\/\/www.pasadenahoy.com\/primero\/wp-json\/wp\/v2\/posts\/15271"}],"collection":[{"href":"http:\/\/www.pasadenahoy.com\/primero\/wp-json\/wp\/v2\/posts"}],"about":[{"href":"http:\/\/www.pasadenahoy.com\/primero\/wp-json\/wp\/v2\/types\/post"}],"author":[{"embeddable":true,"href":"http:\/\/www.pasadenahoy.com\/primero\/wp-json\/wp\/v2\/users\/4"}],"replies":[{"embeddable":true,"href":"http:\/\/www.pasadenahoy.com\/primero\/wp-json\/wp\/v2\/comments?post=15271"}],"version-history":[{"count":2,"href":"http:\/\/www.pasadenahoy.com\/primero\/wp-json\/wp\/v2\/posts\/15271\/revisions"}],"predecessor-version":[{"id":15274,"href":"http:\/\/www.pasadenahoy.com\/primero\/wp-json\/wp\/v2\/posts\/15271\/revisions\/15274"}],"wp:attachment":[{"href":"http:\/\/www.pasadenahoy.com\/primero\/wp-json\/wp\/v2\/media?parent=15271"}],"wp:term":[{"taxonomy":"category","embeddable":true,"href":"http:\/\/www.pasadenahoy.com\/primero\/wp-json\/wp\/v2\/categories?post=15271"},{"taxonomy":"post_tag","embeddable":true,"href":"http:\/\/www.pasadenahoy.com\/primero\/wp-json\/wp\/v2\/tags?post=15271"}],"curies":[{"name":"wp","href":"https:\/\/api.w.org\/{rel}","templated":true}]}}