{"id":15279,"date":"2022-03-21T15:50:15","date_gmt":"2022-03-21T15:50:15","guid":{"rendered":"http:\/\/www.pasadenahoy.com\/primero\/?p=15279"},"modified":"2022-03-21T15:50:16","modified_gmt":"2022-03-21T15:50:16","slug":"comision-de-planificacion-para-sopesar-enmiendas-al-codigo-de-zonificacion-permitiendo-vivienda-en-sitios-institucionales","status":"publish","type":"post","link":"http:\/\/www.pasadenahoy.com\/primero\/el-gobierno-local\/comision-de-planificacion-para-sopesar-enmiendas-al-codigo-de-zonificacion-permitiendo-vivienda-en-sitios-institucionales\/","title":{"rendered":"Comisi\u00f3n de Planificaci\u00f3n para Sopesar Enmiendas al C\u00f3digo de Zonificaci\u00f3n Permitiendo Vivienda en Sitios Institucionales"},"content":{"rendered":"\n<figure class=\"wp-block-image alignnone size-large\"><figure class=\"alignnone\"><img loading=\"lazy\" width=\"700\" height=\"379\" src=\"http:\/\/www.pasadenahoy.com\/primero\/wp-content\/uploads\/2022\/03\/pic-10-2.jpg\" alt=\"\" class=\"wp-image-15280\" srcset=\"http:\/\/www.pasadenahoy.com\/primero\/wp-content\/uploads\/2022\/03\/pic-10-2.jpg 700w, http:\/\/www.pasadenahoy.com\/primero\/wp-content\/uploads\/2022\/03\/pic-10-2-300x162.jpg 300w, http:\/\/www.pasadenahoy.com\/primero\/wp-content\/uploads\/2022\/03\/pic-10-2-240x130.jpg 240w, http:\/\/www.pasadenahoy.com\/primero\/wp-content\/uploads\/2022\/03\/pic-10-2-332x180.jpg 332w, http:\/\/www.pasadenahoy.com\/primero\/wp-content\/uploads\/2022\/03\/pic-10-2-360x195.jpg 360w\" sizes=\"100vw\" \/><\/figure><\/figure>\n\n\n\n<p>El Departamento de Planificaci\u00f3n y Desarrollo Comunitario de Pasadena regresar\u00e1 a la Comisi\u00f3n de Planificaci\u00f3n la pr\u00f3xima semana para discutir posibles enmiendas al C\u00f3digo de Zonificaci\u00f3n para permitir el establecimiento de desarrollos de viviendas en propiedades de instituciones, incluidas organizaciones religiosas.<\/p>\n\n\n\n<p>Ha habido discusiones en el ayuntamiento durante m\u00e1s de un a\u00f1o acerca de permitir parcelas de tierra infrautilizadas dentro de la ciudad para viviendas luego de los llamados de iglesias y otras organizaciones religiosas para permitir que las \u00e1reas vacantes o no utilizadas en sus lotes se utilicen para proyectos de vivienda asequible.<\/p>\n\n\n\n<p>En enero, la mayor\u00eda de los miembros de la Comisi\u00f3n de Planificaci\u00f3n dijeron que quer\u00edan que se enmendara el C\u00f3digo de Zonificaci\u00f3n para permitir desarrollos de viviendas asequibles no solo en lotes bald\u00edos de iglesias sino en todos los sitios institucionales como patios corporativos, escuelas, bibliotecas y hospitales.<\/p>\n\n\n\n<p>Sin embargo, no llegaron a apoyar una enmienda por derecho.<\/p>\n\n\n\n<p>En la pr\u00f3xima reuni\u00f3n, el personal del Departamento de Planificaci\u00f3n y Desarrollo Comunitario brindar\u00e1 informaci\u00f3n sobre las reglamentaciones existentes sobre viviendas asequibles seg\u00fan el C\u00f3digo de Zonificaci\u00f3n.<\/p>\n\n\n\n<p>Se espera que el personal tambi\u00e9n brinde informaci\u00f3n sobre los esfuerzos de divulgaci\u00f3n de la ciudad y los posibles cambios en los est\u00e1ndares de desarrollo existentes relacionados con los usos residenciales en parcelas infrautilizadas propiedad de instalaciones religiosas y otras instituciones.<\/p>\n\n\n\n<p>El prop\u00f3sito de la reuni\u00f3n es que el departamento busque comentarios de la Comisi\u00f3n de Planificaci\u00f3n antes de preparar sus recomendaciones formales sobre las enmiendas al C\u00f3digo de Zonificaci\u00f3n.<\/p>\n\n\n\n<p>En su informe, el departamento dijo que est\u00e1 explorando el establecimiento de regulaciones para permitir viviendas asequibles como un uso permitido o permitido condicionalmente en sitios con ciertos usos institucionales existentes.<\/p>\n\n\n\n<p>Tambi\u00e9n est\u00e1 explorando la posibilidad de recomendar formalmente el establecimiento de viviendas en otras zonas, siempre que dichas viviendas incluyan unidades asequibles en el sitio.<\/p>\n\n\n\n<p>La sesi\u00f3n de estudio se realizar\u00e1 el mi\u00e9rcoles 23 de marzo a las 18:30 horas. El p\u00fablico puede unirse a la reuni\u00f3n virtual haciendo clic en este enlace: <a href=\"https:\/\/us02web.zoom.us\/j\/88552329466\">https:\/\/us02web.zoom.us\/j\/88552329466<\/a><\/p>\n","protected":false},"excerpt":{"rendered":"<p>El Departamento de Planificaci\u00f3n y Desarrollo Comunitario de Pasadena regresar\u00e1 a la Comisi\u00f3n de Planificaci\u00f3n la pr\u00f3xima semana para discutir posibles enmiendas al C\u00f3digo de Zonificaci\u00f3n para permitir el establecimiento de desarrollos de viviendas en propiedades de instituciones, incluidas organizaciones religiosas. Ha habido discusiones en el ayuntamiento durante m\u00e1s de un a\u00f1o acerca de permitir parcelas de tierra infrautilizadas dentro de la ciudad para viviendas luego de los llamados de iglesias y otras organizaciones religiosas para permitir que las \u00e1reas [&hellip;]<\/p>\n","protected":false},"author":4,"featured_media":0,"comment_status":"open","ping_status":"closed","sticky":false,"template":"","format":"standard","meta":[],"categories":[6],"tags":[],"acf":[],"_links":{"self":[{"href":"http:\/\/www.pasadenahoy.com\/primero\/wp-json\/wp\/v2\/posts\/15279"}],"collection":[{"href":"http:\/\/www.pasadenahoy.com\/primero\/wp-json\/wp\/v2\/posts"}],"about":[{"href":"http:\/\/www.pasadenahoy.com\/primero\/wp-json\/wp\/v2\/types\/post"}],"author":[{"embeddable":true,"href":"http:\/\/www.pasadenahoy.com\/primero\/wp-json\/wp\/v2\/users\/4"}],"replies":[{"embeddable":true,"href":"http:\/\/www.pasadenahoy.com\/primero\/wp-json\/wp\/v2\/comments?post=15279"}],"version-history":[{"count":2,"href":"http:\/\/www.pasadenahoy.com\/primero\/wp-json\/wp\/v2\/posts\/15279\/revisions"}],"predecessor-version":[{"id":15282,"href":"http:\/\/www.pasadenahoy.com\/primero\/wp-json\/wp\/v2\/posts\/15279\/revisions\/15282"}],"wp:attachment":[{"href":"http:\/\/www.pasadenahoy.com\/primero\/wp-json\/wp\/v2\/media?parent=15279"}],"wp:term":[{"taxonomy":"category","embeddable":true,"href":"http:\/\/www.pasadenahoy.com\/primero\/wp-json\/wp\/v2\/categories?post=15279"},{"taxonomy":"post_tag","embeddable":true,"href":"http:\/\/www.pasadenahoy.com\/primero\/wp-json\/wp\/v2\/tags?post=15279"}],"curies":[{"name":"wp","href":"https:\/\/api.w.org\/{rel}","templated":true}]}}