{"id":15286,"date":"2022-03-22T15:03:50","date_gmt":"2022-03-22T15:03:50","guid":{"rendered":"http:\/\/www.pasadenahoy.com\/primero\/?p=15286"},"modified":"2022-03-22T15:03:51","modified_gmt":"2022-03-22T15:03:51","slug":"en-cambio-de-formato-el-ayuntamiento-de-pasadena-escuchara-los-comentarios-del-publico-al-final-no-al-principio-de-cada-reunion","status":"publish","type":"post","link":"http:\/\/www.pasadenahoy.com\/primero\/el-gobierno-local\/en-cambio-de-formato-el-ayuntamiento-de-pasadena-escuchara-los-comentarios-del-publico-al-final-no-al-principio-de-cada-reunion\/","title":{"rendered":"En cambio de formato, el Ayuntamiento de Pasadena escuchar\u00e1 los comentarios del p\u00fablico al final, no al principio, de cada reuni\u00f3n"},"content":{"rendered":"\n<figure class=\"wp-block-image alignnone size-large\"><figure class=\"alignnone\"><img loading=\"lazy\" width=\"700\" height=\"378\" src=\"http:\/\/www.pasadenahoy.com\/primero\/wp-content\/uploads\/2022\/03\/pic-1-12.jpg\" alt=\"\" class=\"wp-image-15287\" srcset=\"http:\/\/www.pasadenahoy.com\/primero\/wp-content\/uploads\/2022\/03\/pic-1-12.jpg 700w, http:\/\/www.pasadenahoy.com\/primero\/wp-content\/uploads\/2022\/03\/pic-1-12-300x162.jpg 300w, http:\/\/www.pasadenahoy.com\/primero\/wp-content\/uploads\/2022\/03\/pic-1-12-241x130.jpg 241w, http:\/\/www.pasadenahoy.com\/primero\/wp-content\/uploads\/2022\/03\/pic-1-12-333x180.jpg 333w, http:\/\/www.pasadenahoy.com\/primero\/wp-content\/uploads\/2022\/03\/pic-1-12-360x194.jpg 360w\" sizes=\"100vw\" \/><\/figure><\/figure>\n\n\n\n<p>El alcalde V\u00edctor Gordo anunci\u00f3 el lunes que el Concejo Municipal implementar\u00e1 un nuevo formato para sus reuniones de manera piloto el pr\u00f3ximo mes.<\/p>\n\n\n\n<p>\u201cA partir del 4 de abril, vamos a mover los comentarios p\u00fablicos sobre asuntos que no est\u00e1n en la agenda al final de la reuni\u00f3n para permitir que el consejo complete sus asuntos de manera oportuna\u201d.<\/p>\n\n\n\n<p>Actualmente, los asuntos que no est\u00e1n en la agenda se escuchan durante 20 minutos al comienzo de la reuni\u00f3n y el resto de los comentarios se escuchan al final de la reuni\u00f3n.<\/p>\n\n\n\n<p>El concejal John Kennedy, quien dijo que no estaba informado sobre el formato modificado de la reuni\u00f3n, registr\u00f3 su oposici\u00f3n y dijo que la medida podr\u00eda desalentar a los miembros del p\u00fablico de hablar sobre asuntos que no est\u00e1n en la agenda.<\/p>\n\n\n\n<p>\u201cMuchos de los oradores pueden ser padres, tal vez cuidando ni\u00f1os peque\u00f1os y muchas veces lo que ocurre es que alguien que pone su nombre al comienzo de la reuni\u00f3n y no es llamado no espera hasta el final de la reuni\u00f3n, particularmente cuando nuestro la reuni\u00f3n va m\u00e1s all\u00e1 de las 10 p.m. as\u00ed que no veo c\u00f3mo eso es un buen gobierno y ese es mi comentario sobre ese tema\u201d, dijo Kennedy.<\/p>\n\n\n\n<p>\u201cLo mismo se puede decir de las personas que quieren contribuir para los asuntos en la agenda y ese es el punto, a las personas se les niega la oportunidad porque nuestras reuniones se retrasan\u201d, dijo el alcalde Gordo en respuesta a Kennedy.<\/p>\n\n\n\n<p>La discusi\u00f3n se produjo cuando el Concejo Municipal vot\u00f3 para continuar reuni\u00e9ndose virtualmente por el momento a pesar de las restricciones pand\u00e9micas relajadas como parte del calendario de consentimiento del lunes.<\/p>\n\n\n\n<p>Con excepci\u00f3n del vicealcalde Andy Wilson que estuvo ausente, todos los miembros del Concejo Municipal votaron el lunes 21 de marzo a favor de la adopci\u00f3n de una resoluci\u00f3n que permite que el Concejo Municipal y sus \u00f3rganos subordinados se re\u00fanan de manera virtual hasta el 20 de abril.<\/p>\n\n\n\n<p>El Concejo Municipal y todos sus organismos subordinados se han estado reuniendo de forma remota desde que golpe\u00f3 la pandemia de COVID-19 en marzo de 2020, de conformidad con la Orden Ejecutiva N-29-20 del gobernador, que suspendi\u00f3 ciertos requisitos de teleconferencia de la Ley Brown.<\/p>\n\n\n\n<p>\u201cEstamos reabasteciendo durante 30 d\u00edas y el 11 de abril tendremos otra discusi\u00f3n y continuaremos monitoreando la situaci\u00f3n, pero nuestra intenci\u00f3n es volver a las reuniones [en persona] y esa determinaci\u00f3n se tomar\u00e1 dentro de los pr\u00f3ximos 30 d\u00edas\u201d, dijo el alcalde V\u00edctor Gordo.<\/p>\n\n\n\n<p>Mientras tanto, adem\u00e1s de la resoluci\u00f3n que permite que el Concejo Municipal y sus \u00f3rganos subordinados celebren reuniones virtuales, tambi\u00e9n se aprob\u00f3 el contrato de $588,788 para la compra e instalaci\u00f3n de equipos de seguridad en el Parque Robinson, el Parque La Pintoresca y el Centro Comunitario Jackie Robinson. en el calendario de consentimiento del consejo.<\/p>\n\n\n\n<p>Tambi\u00e9n se aprob\u00f3 el contrato para la compra de un veh\u00edculo de comando de incidentes m\u00f3vil del jefe de batall\u00f3n del departamento de bomberos por $203,745 y el contrato de $115,170 para los servicios de dise\u00f1o para la remodelaci\u00f3n del vestuario de Pasadena Water and Power (PWP), entre otros art\u00edculos en el calendario de consentimiento.<\/p>\n","protected":false},"excerpt":{"rendered":"<p>El alcalde V\u00edctor Gordo anunci\u00f3 el lunes que el Concejo Municipal implementar\u00e1 un nuevo formato para sus reuniones de manera piloto el pr\u00f3ximo mes. \u201cA partir del 4 de abril, vamos a mover los comentarios p\u00fablicos sobre asuntos que no est\u00e1n en la agenda al final de la reuni\u00f3n para permitir que el consejo complete sus asuntos de manera oportuna\u201d. Actualmente, los asuntos que no est\u00e1n en la agenda se escuchan durante 20 minutos al comienzo de la reuni\u00f3n y [&hellip;]<\/p>\n","protected":false},"author":4,"featured_media":15287,"comment_status":"open","ping_status":"closed","sticky":false,"template":"","format":"standard","meta":[],"categories":[6],"tags":[],"acf":[],"_links":{"self":[{"href":"http:\/\/www.pasadenahoy.com\/primero\/wp-json\/wp\/v2\/posts\/15286"}],"collection":[{"href":"http:\/\/www.pasadenahoy.com\/primero\/wp-json\/wp\/v2\/posts"}],"about":[{"href":"http:\/\/www.pasadenahoy.com\/primero\/wp-json\/wp\/v2\/types\/post"}],"author":[{"embeddable":true,"href":"http:\/\/www.pasadenahoy.com\/primero\/wp-json\/wp\/v2\/users\/4"}],"replies":[{"embeddable":true,"href":"http:\/\/www.pasadenahoy.com\/primero\/wp-json\/wp\/v2\/comments?post=15286"}],"version-history":[{"count":2,"href":"http:\/\/www.pasadenahoy.com\/primero\/wp-json\/wp\/v2\/posts\/15286\/revisions"}],"predecessor-version":[{"id":15289,"href":"http:\/\/www.pasadenahoy.com\/primero\/wp-json\/wp\/v2\/posts\/15286\/revisions\/15289"}],"wp:featuredmedia":[{"embeddable":true,"href":"http:\/\/www.pasadenahoy.com\/primero\/wp-json\/wp\/v2\/media\/15287"}],"wp:attachment":[{"href":"http:\/\/www.pasadenahoy.com\/primero\/wp-json\/wp\/v2\/media?parent=15286"}],"wp:term":[{"taxonomy":"category","embeddable":true,"href":"http:\/\/www.pasadenahoy.com\/primero\/wp-json\/wp\/v2\/categories?post=15286"},{"taxonomy":"post_tag","embeddable":true,"href":"http:\/\/www.pasadenahoy.com\/primero\/wp-json\/wp\/v2\/tags?post=15286"}],"curies":[{"name":"wp","href":"https:\/\/api.w.org\/{rel}","templated":true}]}}