{"id":15294,"date":"2022-03-22T15:12:11","date_gmt":"2022-03-22T15:12:11","guid":{"rendered":"http:\/\/www.pasadenahoy.com\/primero\/?p=15294"},"modified":"2022-03-22T15:12:13","modified_gmt":"2022-03-22T15:12:13","slug":"la-ciudad-recibe-una-subvencion-de-1-5-millones-para-ampliar-el-servicio-gratuito-de-wi-fi-publico-en-los-parques-de-la-ciudad","status":"publish","type":"post","link":"http:\/\/www.pasadenahoy.com\/primero\/la-comunidad\/la-ciudad-recibe-una-subvencion-de-1-5-millones-para-ampliar-el-servicio-gratuito-de-wi-fi-publico-en-los-parques-de-la-ciudad\/","title":{"rendered":"La ciudad recibe una subvenci\u00f3n de $1.5 millones para ampliar el servicio gratuito de Wi-Fi p\u00fablico en los parques de la ciudad"},"content":{"rendered":"\n<figure class=\"wp-block-image alignnone size-large\"><figure class=\"alignnone\"><img loading=\"lazy\" width=\"700\" height=\"378\" src=\"http:\/\/www.pasadenahoy.com\/primero\/wp-content\/uploads\/2022\/03\/pic-3-8.jpg\" alt=\"\" class=\"wp-image-15295\" srcset=\"http:\/\/www.pasadenahoy.com\/primero\/wp-content\/uploads\/2022\/03\/pic-3-8.jpg 700w, http:\/\/www.pasadenahoy.com\/primero\/wp-content\/uploads\/2022\/03\/pic-3-8-300x162.jpg 300w, http:\/\/www.pasadenahoy.com\/primero\/wp-content\/uploads\/2022\/03\/pic-3-8-241x130.jpg 241w, http:\/\/www.pasadenahoy.com\/primero\/wp-content\/uploads\/2022\/03\/pic-3-8-333x180.jpg 333w, http:\/\/www.pasadenahoy.com\/primero\/wp-content\/uploads\/2022\/03\/pic-3-8-360x194.jpg 360w\" sizes=\"100vw\" \/><\/figure><\/figure>\n\n\n\n<p>Los esfuerzos de la ciudad para expandir el servicio de Wi-Fi p\u00fablico gratuito a los 33 parques e instalaciones de parques de la ciudad recibieron un aumento de $1.5 millones de una subvenci\u00f3n del Departamento de Vivienda y Desarrollo Urbano (HUD) aprobada por el Congreso la semana pasada.<\/p>\n\n\n\n<p>Patrocinado por la Senadora Dianne Feinstein y la Congresista Judy Chu (D-Pasadena) a pedido de la ciudad, los fondos se utilizar\u00e1n para expandir el acceso de banda ancha en cada uno de los parques de los vecindarios de la Ciudad. El servicio p\u00fablico de Wi-Fi mejorar\u00e1 el acceso a un servicio confiable de banda ancha de alta velocidad y ayudar\u00e1 a todos los miembros de la comunidad a trabajar, estudiar y mantenerse conectados. Se espera que varios parques est\u00e9n en l\u00ednea dentro de los 12 meses posteriores a la recepci\u00f3n de los fondos de la subvenci\u00f3n. Los fondos tambi\u00e9n mejorar\u00e1n el servicio de banda ancha en una instalaci\u00f3n cr\u00edtica de la ciudad que respalda los servicios de polic\u00eda, bomberos, tr\u00e1nsito y suministro de agua.<\/p>\n\n\n\n<p>\u201cEl Wi-Fi p\u00fablico gratuito en los parques de la ciudad y las instalaciones de los parques brinda a todos los residentes, estudiantes y visitantes un acceso confiable a la banda ancha, apoya el aprendizaje digital y ofrece un espacio seguro para que todos trabajen, estudien, se comuniquen y participen en la econom\u00eda digital. Estamos orgullosos y agradecidos de que la Senadora Feinstein y la Congresista Chu prioricen este importante proyecto como parte de sus solicitudes de financiamiento en el presupuesto federal del a\u00f1o fiscal 2022\u201d, dijo el alcalde V\u00edctor M. Gordo.<\/p>\n\n\n\n<p>En los \u00faltimos seis a\u00f1os, la ciudad de Pasadena ha implementado Wi-Fi p\u00fablico gratuito en 15 de los 33 parques e instalaciones de parques de la ciudad. Las m\u00e9tricas de uso muestran m\u00e1s de 1000 conexiones \u00fanicas que acceden a este servicio diariamente y m\u00e1s de 40 000 conexiones anualmente, un aumento del 100 % desde el comienzo de la pandemia de coronavirus. El servicio gratuito de Wi-Fi p\u00fablico ya est\u00e1 disponible en todas las bibliotecas p\u00fablicas y centros comunitarios de Pasadena.<\/p>\n","protected":false},"excerpt":{"rendered":"<p>Los esfuerzos de la ciudad para expandir el servicio de Wi-Fi p\u00fablico gratuito a los 33 parques e instalaciones de parques de la ciudad recibieron un aumento de $1.5 millones de una subvenci\u00f3n del Departamento de Vivienda y Desarrollo Urbano (HUD) aprobada por el Congreso la semana pasada. Patrocinado por la Senadora Dianne Feinstein y la Congresista Judy Chu (D-Pasadena) a pedido de la ciudad, los fondos se utilizar\u00e1n para expandir el acceso de banda ancha en cada uno de [&hellip;]<\/p>\n","protected":false},"author":4,"featured_media":15295,"comment_status":"open","ping_status":"closed","sticky":false,"template":"","format":"standard","meta":[],"categories":[4],"tags":[],"acf":[],"_links":{"self":[{"href":"http:\/\/www.pasadenahoy.com\/primero\/wp-json\/wp\/v2\/posts\/15294"}],"collection":[{"href":"http:\/\/www.pasadenahoy.com\/primero\/wp-json\/wp\/v2\/posts"}],"about":[{"href":"http:\/\/www.pasadenahoy.com\/primero\/wp-json\/wp\/v2\/types\/post"}],"author":[{"embeddable":true,"href":"http:\/\/www.pasadenahoy.com\/primero\/wp-json\/wp\/v2\/users\/4"}],"replies":[{"embeddable":true,"href":"http:\/\/www.pasadenahoy.com\/primero\/wp-json\/wp\/v2\/comments?post=15294"}],"version-history":[{"count":2,"href":"http:\/\/www.pasadenahoy.com\/primero\/wp-json\/wp\/v2\/posts\/15294\/revisions"}],"predecessor-version":[{"id":15297,"href":"http:\/\/www.pasadenahoy.com\/primero\/wp-json\/wp\/v2\/posts\/15294\/revisions\/15297"}],"wp:featuredmedia":[{"embeddable":true,"href":"http:\/\/www.pasadenahoy.com\/primero\/wp-json\/wp\/v2\/media\/15295"}],"wp:attachment":[{"href":"http:\/\/www.pasadenahoy.com\/primero\/wp-json\/wp\/v2\/media?parent=15294"}],"wp:term":[{"taxonomy":"category","embeddable":true,"href":"http:\/\/www.pasadenahoy.com\/primero\/wp-json\/wp\/v2\/categories?post=15294"},{"taxonomy":"post_tag","embeddable":true,"href":"http:\/\/www.pasadenahoy.com\/primero\/wp-json\/wp\/v2\/tags?post=15294"}],"curies":[{"name":"wp","href":"https:\/\/api.w.org\/{rel}","templated":true}]}}