{"id":15324,"date":"2022-03-23T15:21:11","date_gmt":"2022-03-23T15:21:11","guid":{"rendered":"http:\/\/www.pasadenahoy.com\/primero\/?p=15324"},"modified":"2022-03-23T15:21:12","modified_gmt":"2022-03-23T15:21:12","slug":"nombrado-supervisor-forestal-temporal-del-bosque-nacional-angeles","status":"publish","type":"post","link":"http:\/\/www.pasadenahoy.com\/primero\/la-comunidad\/nombrado-supervisor-forestal-temporal-del-bosque-nacional-angeles\/","title":{"rendered":"Nombrado supervisor forestal temporal del Bosque Nacional \u00c1ngeles"},"content":{"rendered":"\n<div class=\"wp-block-image alignright\"><figure class=\"alignright size-large\"><img loading=\"lazy\" width=\"360\" height=\"277\" src=\"http:\/\/www.pasadenahoy.com\/primero\/wp-content\/uploads\/2022\/03\/pic-3-9.jpg\" alt=\"\" class=\"wp-image-15325\" srcset=\"http:\/\/www.pasadenahoy.com\/primero\/wp-content\/uploads\/2022\/03\/pic-3-9.jpg 360w, http:\/\/www.pasadenahoy.com\/primero\/wp-content\/uploads\/2022\/03\/pic-3-9-300x231.jpg 300w, http:\/\/www.pasadenahoy.com\/primero\/wp-content\/uploads\/2022\/03\/pic-3-9-169x130.jpg 169w, http:\/\/www.pasadenahoy.com\/primero\/wp-content\/uploads\/2022\/03\/pic-3-9-234x180.jpg 234w\" sizes=\"100vw\" \/><figcaption><span class=\"caption-text\">Tom\u00e1s Torres<\/span><\/figcaption><\/figure><\/div>\n\n\n\n<p>El Servicio Forestal de los Estados Unidos ha nombrado a un supervisor forestal temporal del Bosque Nacional \u00c1ngeles.<\/p>\n\n\n\n<p>Tom Torres, de 58 a\u00f1os, servir\u00e1 hasta julio, cuando se espera que el Servicio Forestal de EE. UU. designe a un supervisor permanente, seg\u00fan un informe del Daily Bulletin.<\/p>\n\n\n\n<p>Partes del extenso Bosque Nacional \u00c1ngeles cubren las monta\u00f1as directamente al norte de Pasadena.<\/p>\n\n\n\n<p>Torres es la cuarta persona en liderar el Bosque Nacional \u00c1ngeles en los \u00faltimos siete a\u00f1os.<\/p>\n\n\n\n<p>Reemplaz\u00f3 a Jerry P\u00e9rez, quien hab\u00eda servido desde 2018 hasta febrero.<\/p>\n\n\n\n<p>Seg\u00fan los informes, P\u00e9rez dej\u00f3 su puesto para pasar a un nuevo puesto en el Servicio Forestal de EE. UU. como director nacional de gesti\u00f3n de incendios y aviaci\u00f3n, seg\u00fan el Daily Bulletin.<\/p>\n\n\n\n<p>Antes de su nombramiento, Torres fue supervisor forestal adjunto en el Bosque Nacional Tonto cerca de Phoenix.<\/p>\n\n\n\n<p>Torres, quien fue ingeniero del servicio forestal, tambi\u00e9n ha trabajado en otros bosques en el oeste de los EE. UU. Ha estado destinado en la Unidad de Manejo de la Cuenca del Lago Tahoe y en los bosques nacionales Mt. Hood, Willamette, Lincoln, San Juan y Kaibab.<\/p>\n\n\n\n<p>Como supervisor, Torres supervisar\u00e1 el bosque urbano de 700 000 acres y el Monumento Nacional de las Monta\u00f1as de San Gabriel, 346 177 acres de tierra dentro del bosque.<\/p>\n\n\n\n<p>Sus responsabilidades incluyen, entre otras, la protecci\u00f3n de h\u00e1bitats y especies en peligro de extinci\u00f3n, la gesti\u00f3n de la experiencia de los visitantes, el mantenimiento de carreteras y la supresi\u00f3n y prevenci\u00f3n de incendios.<\/p>\n","protected":false},"excerpt":{"rendered":"<p>El Servicio Forestal de los Estados Unidos ha nombrado a un supervisor forestal temporal del Bosque Nacional \u00c1ngeles. Tom Torres, de 58 a\u00f1os, servir\u00e1 hasta julio, cuando se espera que el Servicio Forestal de EE. UU. designe a un supervisor permanente, seg\u00fan un informe del Daily Bulletin. Partes del extenso Bosque Nacional \u00c1ngeles cubren las monta\u00f1as directamente al norte de Pasadena. Torres es la cuarta persona en liderar el Bosque Nacional \u00c1ngeles en los \u00faltimos siete a\u00f1os. Reemplaz\u00f3 a Jerry [&hellip;]<\/p>\n","protected":false},"author":4,"featured_media":15325,"comment_status":"open","ping_status":"closed","sticky":false,"template":"","format":"standard","meta":[],"categories":[4],"tags":[],"acf":[],"_links":{"self":[{"href":"http:\/\/www.pasadenahoy.com\/primero\/wp-json\/wp\/v2\/posts\/15324"}],"collection":[{"href":"http:\/\/www.pasadenahoy.com\/primero\/wp-json\/wp\/v2\/posts"}],"about":[{"href":"http:\/\/www.pasadenahoy.com\/primero\/wp-json\/wp\/v2\/types\/post"}],"author":[{"embeddable":true,"href":"http:\/\/www.pasadenahoy.com\/primero\/wp-json\/wp\/v2\/users\/4"}],"replies":[{"embeddable":true,"href":"http:\/\/www.pasadenahoy.com\/primero\/wp-json\/wp\/v2\/comments?post=15324"}],"version-history":[{"count":2,"href":"http:\/\/www.pasadenahoy.com\/primero\/wp-json\/wp\/v2\/posts\/15324\/revisions"}],"predecessor-version":[{"id":15327,"href":"http:\/\/www.pasadenahoy.com\/primero\/wp-json\/wp\/v2\/posts\/15324\/revisions\/15327"}],"wp:featuredmedia":[{"embeddable":true,"href":"http:\/\/www.pasadenahoy.com\/primero\/wp-json\/wp\/v2\/media\/15325"}],"wp:attachment":[{"href":"http:\/\/www.pasadenahoy.com\/primero\/wp-json\/wp\/v2\/media?parent=15324"}],"wp:term":[{"taxonomy":"category","embeddable":true,"href":"http:\/\/www.pasadenahoy.com\/primero\/wp-json\/wp\/v2\/categories?post=15324"},{"taxonomy":"post_tag","embeddable":true,"href":"http:\/\/www.pasadenahoy.com\/primero\/wp-json\/wp\/v2\/tags?post=15324"}],"curies":[{"name":"wp","href":"https:\/\/api.w.org\/{rel}","templated":true}]}}