{"id":15336,"date":"2022-03-23T15:39:19","date_gmt":"2022-03-23T15:39:19","guid":{"rendered":"http:\/\/www.pasadenahoy.com\/primero\/?p=15336"},"modified":"2022-03-23T15:39:21","modified_gmt":"2022-03-23T15:39:21","slug":"nueva-imagen-de-los-altos-nuevas-palabras-pero-la-misma-pasion-por-dar","status":"publish","type":"post","link":"http:\/\/www.pasadenahoy.com\/primero\/la-comunidad\/nueva-imagen-de-los-altos-nuevas-palabras-pero-la-misma-pasion-por-dar\/","title":{"rendered":"Nueva imagen de Los Altos, nuevas palabras, pero la misma pasi\u00f3n por dar"},"content":{"rendered":"\n<figure class=\"wp-block-image alignnone size-large\"><figure class=\"alignnone\"><img loading=\"lazy\" width=\"700\" height=\"378\" src=\"http:\/\/www.pasadenahoy.com\/primero\/wp-content\/uploads\/2022\/03\/pic-6-7.jpg\" alt=\"\" class=\"wp-image-15337\" srcset=\"http:\/\/www.pasadenahoy.com\/primero\/wp-content\/uploads\/2022\/03\/pic-6-7.jpg 700w, http:\/\/www.pasadenahoy.com\/primero\/wp-content\/uploads\/2022\/03\/pic-6-7-300x162.jpg 300w, http:\/\/www.pasadenahoy.com\/primero\/wp-content\/uploads\/2022\/03\/pic-6-7-241x130.jpg 241w, http:\/\/www.pasadenahoy.com\/primero\/wp-content\/uploads\/2022\/03\/pic-6-7-333x180.jpg 333w, http:\/\/www.pasadenahoy.com\/primero\/wp-content\/uploads\/2022\/03\/pic-6-7-360x194.jpg 360w\" sizes=\"100vw\" \/><\/figure><\/figure>\n\n\n\n<p>Los Altos se enorgullece de apoyar a Sycamores, una organizaci\u00f3n local sin fines de lucro, \u00a1y su nuevo logotipo lo demuestra! Creado por Linda Yaussi, miembro de Los Altos, el nuevo logotipo se basa en el cambio de marca de Sycamores en 2021 y el papel de Los Altos como un importante benefactor que brinda a los j\u00f3venes en la residencia de El Nido obsequios especiales y experiencias de enriquecimiento durante todo el a\u00f1o, adem\u00e1s de financiar importantes y potentes mejoras en el campus de El Nido.<\/p>\n\n\n\n<p>Adem\u00e1s, Los Altos cre\u00f3 una nueva declaraci\u00f3n de misi\u00f3n que establece: &#8220;Nuestro prop\u00f3sito es mejorar y enriquecer las vidas de los j\u00f3venes, adultos y familias en la comunidad del campus de El Nido y Sycamores&#8221;.<\/p>\n\n\n\n<p>Ubicado en Altadena, el campus residencial de Sycamores, conocido como \u201cEl Nido\u201d, ofrece un entorno id\u00edlico y acogedor para los ni\u00f1os que vienen en busca de intervenci\u00f3n y atenci\u00f3n. Conocido como el Programa Terap\u00e9utico Residencial a Corto Plazo (STRTP), est\u00e1 dise\u00f1ado para brindar atenci\u00f3n y supervisi\u00f3n a hombres dependientes y\/o abandonados, de 11 a 18 a\u00f1os, muchos de los cuales son parte de los sistemas de crianza temporal o libertad condicional.<\/p>\n\n\n\n<p>Las mujeres interesadas en aprender m\u00e1s sobre Los Altos pueden leer m\u00e1s en <a href=\"https:\/\/www.facebook.com\/LosAltosAuxiliary\">https:\/\/www.facebook.com\/LosAltosAuxiliary<\/a> o comunicarse con Los Altos en <a href=\"https:\/\/www.losaltosauxiliary.org\/contact\">https:\/\/www.losaltosauxiliary.org\/contact<\/a><\/p>\n","protected":false},"excerpt":{"rendered":"<p>Los Altos se enorgullece de apoyar a Sycamores, una organizaci\u00f3n local sin fines de lucro, \u00a1y su nuevo logotipo lo demuestra! Creado por Linda Yaussi, miembro de Los Altos, el nuevo logotipo se basa en el cambio de marca de Sycamores en 2021 y el papel de Los Altos como un importante benefactor que brinda a los j\u00f3venes en la residencia de El Nido obsequios especiales y experiencias de enriquecimiento durante todo el a\u00f1o, adem\u00e1s de financiar importantes y potentes [&hellip;]<\/p>\n","protected":false},"author":4,"featured_media":0,"comment_status":"open","ping_status":"closed","sticky":false,"template":"","format":"standard","meta":[],"categories":[4],"tags":[],"acf":[],"_links":{"self":[{"href":"http:\/\/www.pasadenahoy.com\/primero\/wp-json\/wp\/v2\/posts\/15336"}],"collection":[{"href":"http:\/\/www.pasadenahoy.com\/primero\/wp-json\/wp\/v2\/posts"}],"about":[{"href":"http:\/\/www.pasadenahoy.com\/primero\/wp-json\/wp\/v2\/types\/post"}],"author":[{"embeddable":true,"href":"http:\/\/www.pasadenahoy.com\/primero\/wp-json\/wp\/v2\/users\/4"}],"replies":[{"embeddable":true,"href":"http:\/\/www.pasadenahoy.com\/primero\/wp-json\/wp\/v2\/comments?post=15336"}],"version-history":[{"count":2,"href":"http:\/\/www.pasadenahoy.com\/primero\/wp-json\/wp\/v2\/posts\/15336\/revisions"}],"predecessor-version":[{"id":15339,"href":"http:\/\/www.pasadenahoy.com\/primero\/wp-json\/wp\/v2\/posts\/15336\/revisions\/15339"}],"wp:attachment":[{"href":"http:\/\/www.pasadenahoy.com\/primero\/wp-json\/wp\/v2\/media?parent=15336"}],"wp:term":[{"taxonomy":"category","embeddable":true,"href":"http:\/\/www.pasadenahoy.com\/primero\/wp-json\/wp\/v2\/categories?post=15336"},{"taxonomy":"post_tag","embeddable":true,"href":"http:\/\/www.pasadenahoy.com\/primero\/wp-json\/wp\/v2\/tags?post=15336"}],"curies":[{"name":"wp","href":"https:\/\/api.w.org\/{rel}","templated":true}]}}