{"id":15347,"date":"2022-03-24T15:01:47","date_gmt":"2022-03-24T15:01:47","guid":{"rendered":"http:\/\/www.pasadenahoy.com\/primero\/?p=15347"},"modified":"2022-03-24T15:01:48","modified_gmt":"2022-03-24T15:01:48","slug":"city-event-to-focus-on-cannabis-business-regulations","status":"publish","type":"post","link":"http:\/\/www.pasadenahoy.com\/primero\/la-comunidad\/city-event-to-focus-on-cannabis-business-regulations\/","title":{"rendered":"City Event to Focus on Cannabis Business Regulations"},"content":{"rendered":"\n<figure class=\"wp-block-image alignnone size-large\"><figure class=\"alignnone\"><img loading=\"lazy\" width=\"700\" height=\"378\" src=\"http:\/\/www.pasadenahoy.com\/primero\/wp-content\/uploads\/2022\/03\/pic-2-12.jpg\" alt=\"\" class=\"wp-image-15348\" srcset=\"http:\/\/www.pasadenahoy.com\/primero\/wp-content\/uploads\/2022\/03\/pic-2-12.jpg 700w, http:\/\/www.pasadenahoy.com\/primero\/wp-content\/uploads\/2022\/03\/pic-2-12-300x162.jpg 300w, http:\/\/www.pasadenahoy.com\/primero\/wp-content\/uploads\/2022\/03\/pic-2-12-241x130.jpg 241w, http:\/\/www.pasadenahoy.com\/primero\/wp-content\/uploads\/2022\/03\/pic-2-12-333x180.jpg 333w, http:\/\/www.pasadenahoy.com\/primero\/wp-content\/uploads\/2022\/03\/pic-2-12-360x194.jpg 360w\" sizes=\"100vw\" \/><\/figure><\/figure>\n\n\n\n<p>La ciudad llevar\u00e1 a cabo un evento para discutir el negocio del cannabis y la reinversi\u00f3n comunitaria el 31 de marzo.<\/p>\n\n\n\n<p>Seg\u00fan un volante para el evento, la ciudad est\u00e1 considerando cambiar sus regulaciones comerciales de cannabis y la discusi\u00f3n se centrar\u00e1 en c\u00f3mo las empresas de cannabis deben apoyar a la fuerza laboral de Pasadena, las agencias de servicios comunitarios y las agencias locales.<\/p>\n\n\n\n<p>La ciudad recibi\u00f3 recientemente una subvenci\u00f3n de $ 75,000 de la oficina del gobernador de Desarrollo Econ\u00f3mico y Comercial (GO-Biz) para realizar una evaluaci\u00f3n de equidad social de cannabis y \/ o desarrollo de programas.<\/p>\n\n\n\n<p>El prop\u00f3sito del programa es promover la justicia econ\u00f3mica para las poblaciones y comunidades perjudicadas por la prohibici\u00f3n del cannabis al brindar apoyo a las jurisdicciones locales a medida que promueven la equidad y eliminan las barreras de entrada en la industria regulada del cannabis para los solicitantes y licenciatarios de sus programas de equidad.<\/p>\n\n\n\n<p>La ciudad comenz\u00f3 su programa de cannabis hace varios a\u00f1os y, como muchas otras jurisdicciones, no contaba con un programa de equidad social.<\/p>\n\n\n\n<p>A pesar de la falta de un programa de equidad social, la ciudad ya modific\u00f3 su ordenanza sobre el cannabis para permitir m\u00e1s negocios en el Distrito 3.<\/p>\n\n\n\n<p>En enero, la ciudad seleccion\u00f3 a un consultor para completar el estudio de equidad social del cannabis. Botec Analysis, cuyo personal ha completado evaluaciones de equidad social de cannabis para varias otras jurisdicciones en todo el estado, regresar\u00e1 al Concejo Municipal con los resultados de una evaluaci\u00f3n a fines de la primavera.<\/p>\n\n\n\n<p>Los afroamericanos y los latinos soportaron la peor parte de la ley por las actividades relacionadas con el cannabis durante d\u00e9cadas y en muchas comunidades se les est\u00e1 quitando las ventajas econ\u00f3micas de vender cannabis legalmente.<\/p>\n","protected":false},"excerpt":{"rendered":"<p>La ciudad llevar\u00e1 a cabo un evento para discutir el negocio del cannabis y la reinversi\u00f3n comunitaria el 31 de marzo. Seg\u00fan un volante para el evento, la ciudad est\u00e1 considerando cambiar sus regulaciones comerciales de cannabis y la discusi\u00f3n se centrar\u00e1 en c\u00f3mo las empresas de cannabis deben apoyar a la fuerza laboral de Pasadena, las agencias de servicios comunitarios y las agencias locales. La ciudad recibi\u00f3 recientemente una subvenci\u00f3n de $ 75,000 de la oficina del gobernador de [&hellip;]<\/p>\n","protected":false},"author":4,"featured_media":15348,"comment_status":"open","ping_status":"closed","sticky":false,"template":"","format":"standard","meta":[],"categories":[4],"tags":[],"acf":[],"_links":{"self":[{"href":"http:\/\/www.pasadenahoy.com\/primero\/wp-json\/wp\/v2\/posts\/15347"}],"collection":[{"href":"http:\/\/www.pasadenahoy.com\/primero\/wp-json\/wp\/v2\/posts"}],"about":[{"href":"http:\/\/www.pasadenahoy.com\/primero\/wp-json\/wp\/v2\/types\/post"}],"author":[{"embeddable":true,"href":"http:\/\/www.pasadenahoy.com\/primero\/wp-json\/wp\/v2\/users\/4"}],"replies":[{"embeddable":true,"href":"http:\/\/www.pasadenahoy.com\/primero\/wp-json\/wp\/v2\/comments?post=15347"}],"version-history":[{"count":2,"href":"http:\/\/www.pasadenahoy.com\/primero\/wp-json\/wp\/v2\/posts\/15347\/revisions"}],"predecessor-version":[{"id":15350,"href":"http:\/\/www.pasadenahoy.com\/primero\/wp-json\/wp\/v2\/posts\/15347\/revisions\/15350"}],"wp:featuredmedia":[{"embeddable":true,"href":"http:\/\/www.pasadenahoy.com\/primero\/wp-json\/wp\/v2\/media\/15348"}],"wp:attachment":[{"href":"http:\/\/www.pasadenahoy.com\/primero\/wp-json\/wp\/v2\/media?parent=15347"}],"wp:term":[{"taxonomy":"category","embeddable":true,"href":"http:\/\/www.pasadenahoy.com\/primero\/wp-json\/wp\/v2\/categories?post=15347"},{"taxonomy":"post_tag","embeddable":true,"href":"http:\/\/www.pasadenahoy.com\/primero\/wp-json\/wp\/v2\/tags?post=15347"}],"curies":[{"name":"wp","href":"https:\/\/api.w.org\/{rel}","templated":true}]}}