{"id":15916,"date":"2022-04-18T16:02:50","date_gmt":"2022-04-18T16:02:50","guid":{"rendered":"http:\/\/www.pasadenahoy.com\/primero\/?p=15916"},"modified":"2022-04-18T16:02:52","modified_gmt":"2022-04-18T16:02:52","slug":"semana-templada-por-delante-soleado-y-70-con-un-lado-de-lluvia","status":"publish","type":"post","link":"http:\/\/www.pasadenahoy.com\/primero\/la-comunidad\/semana-templada-por-delante-soleado-y-70-con-un-lado-de-lluvia\/","title":{"rendered":"Semana templada por delante: soleado y 70 con un lado de lluvia"},"content":{"rendered":"\n<figure class=\"wp-block-image alignnone size-large\"><figure class=\"alignnone\"><img loading=\"lazy\" width=\"740\" height=\"400\" src=\"http:\/\/www.pasadenahoy.com\/primero\/wp-content\/uploads\/2022\/04\/PIC-10-1.jpg\" alt=\"\" class=\"wp-image-15917\" srcset=\"http:\/\/www.pasadenahoy.com\/primero\/wp-content\/uploads\/2022\/04\/PIC-10-1.jpg 740w, http:\/\/www.pasadenahoy.com\/primero\/wp-content\/uploads\/2022\/04\/PIC-10-1-300x162.jpg 300w, http:\/\/www.pasadenahoy.com\/primero\/wp-content\/uploads\/2022\/04\/PIC-10-1-241x130.jpg 241w, http:\/\/www.pasadenahoy.com\/primero\/wp-content\/uploads\/2022\/04\/PIC-10-1-333x180.jpg 333w, http:\/\/www.pasadenahoy.com\/primero\/wp-content\/uploads\/2022\/04\/PIC-10-1-700x378.jpg 700w, http:\/\/www.pasadenahoy.com\/primero\/wp-content\/uploads\/2022\/04\/PIC-10-1-360x195.jpg 360w, http:\/\/www.pasadenahoy.com\/primero\/wp-content\/uploads\/2022\/04\/PIC-10-1-720x389.jpg 720w\" sizes=\"100vw\" \/><figcaption><span class=\"caption-text\">Imagen del Ayuntamiento de Pasadena (centro) y la Iglesia de Todos los Santos (derecha). [Imagen cortes\u00eda de Vist Pasadena]<\/span><\/figcaption><\/figure><\/figure>\n\n\n\n<p>Despu\u00e9s de haber sido golpeado por cambios clim\u00e1ticos durante semanas, desde una ola de calor m\u00ednimo hasta tormentas fr\u00edas, Pasadena deber\u00eda ver temperaturas templadas y cielos soleados esta semana, con un breve desv\u00edo hacia la niebla y la lluvia el viernes por la ma\u00f1ana que estar\u00e1 soleado al mediod\u00eda, seg\u00fan los meteor\u00f3logos. dicho.<\/p>\n\n\n\n<p>Los cielos estar\u00e1n mayormente despejados durante los pr\u00f3ximos tres d\u00edas, a excepci\u00f3n de la capa de nubes marinas costeras de la noche a la ma\u00f1ana. Ligero calentamiento<\/p>\n\n\n\n<p>se espera hoy, seguido de nubes crecientes, temperaturas m\u00e1s fr\u00edas y la posibilidad de lluvia para fines de semana.<\/p>\n\n\n\n<p>Aqu\u00ed hay un pron\u00f3stico detallado del Servicio Meteorol\u00f3gico Nacional:<\/p>\n\n\n\n<p>Hoy: Mayormente soleado, la m\u00e1xima alrededor de 76. Viento del sur suroeste de 5 a 10 mph.<\/p>\n\n\n\n<p>Esta Noche: Mayormente nublado, la m\u00ednima alrededor de 56. Viento del sur suroeste de 5 a 10 mph y luego llegar\u00e1 del sureste por la noche.<\/p>\n\n\n\n<p>Martes: Soleado, la m\u00e1xima alrededor de 76. Viento del sureste de 5 a 15 mph y luego llegar\u00e1 del oeste suroeste por la tarde. Los vientos podr\u00edan tener r\u00e1fagas de hasta 20 mph.<\/p>\n\n\n\n<p>Martes por la Noche: \u00c1reas dispersadas de niebla despu\u00e9s de 11 p.m. Si no, nubosidad creciente, con m\u00ednima alrededor de 53. Viento del suroeste de 5 a 15 mph y luego llegar\u00e1 del sureste despu\u00e9s de medianoche. Los vientos podr\u00edan tener r\u00e1fagas de hasta 20 mph.<\/p>\n\n\n\n<p>Mi\u00e9rcoles: \u00c1reas dispersadas de niebla antes de 11 a.m. Si no, mayormente soleado, la m\u00e1xima alrededor de 68. Viento del sur sureste entre 10 y 15 mph, con r\u00e1fagas de hasta 20 mph.<\/p>\n\n\n\n<p>por la Noche: Mayormente nublado, la m\u00ednima alrededor de 50.<\/p>\n\n\n\n<p>Jueves: Parcialmente soleado, la m\u00e1xima alrededor de 66.<\/p>\n\n\n\n<p>por la Noche: Una probabilidad de lluvia, principalmente despu\u00e9s de 11 p.m. Mayormente nublado, la m\u00ednima alrededor de 51.<\/p>\n\n\n\n<p>Viernes: Poca probabilidad de lluvia antes de las 11 a.m. Mayormente soleado, la m\u00e1xima alrededor de 68.<\/p>\n\n\n\n<p>por la Noche: Mayormente despejado, la m\u00ednima alrededor de 49.<\/p>\n\n\n\n<p>S\u00e1bado: Soleado, la m\u00e1xima alrededor de 76.<\/p>\n\n\n\n<p>S\u00e1b. por la Noche: Mayormente despejado, la m\u00ednima alrededor de 54.<\/p>\n\n\n\n<p>Domingo: Soleado, la m\u00e1xima alrededor de 82.<\/p>\n","protected":false},"excerpt":{"rendered":"<p>Despu\u00e9s de haber sido golpeado por cambios clim\u00e1ticos durante semanas, desde una ola de calor m\u00ednimo hasta tormentas fr\u00edas, Pasadena deber\u00eda ver temperaturas templadas y cielos soleados esta semana, con un breve desv\u00edo hacia la niebla y la lluvia el viernes por la ma\u00f1ana que estar\u00e1 soleado al mediod\u00eda, seg\u00fan los meteor\u00f3logos. dicho. Los cielos estar\u00e1n mayormente despejados durante los pr\u00f3ximos tres d\u00edas, a excepci\u00f3n de la capa de nubes marinas costeras de la noche a la ma\u00f1ana. Ligero calentamiento [&hellip;]<\/p>\n","protected":false},"author":4,"featured_media":0,"comment_status":"open","ping_status":"closed","sticky":false,"template":"","format":"standard","meta":[],"categories":[4],"tags":[],"acf":[],"_links":{"self":[{"href":"http:\/\/www.pasadenahoy.com\/primero\/wp-json\/wp\/v2\/posts\/15916"}],"collection":[{"href":"http:\/\/www.pasadenahoy.com\/primero\/wp-json\/wp\/v2\/posts"}],"about":[{"href":"http:\/\/www.pasadenahoy.com\/primero\/wp-json\/wp\/v2\/types\/post"}],"author":[{"embeddable":true,"href":"http:\/\/www.pasadenahoy.com\/primero\/wp-json\/wp\/v2\/users\/4"}],"replies":[{"embeddable":true,"href":"http:\/\/www.pasadenahoy.com\/primero\/wp-json\/wp\/v2\/comments?post=15916"}],"version-history":[{"count":2,"href":"http:\/\/www.pasadenahoy.com\/primero\/wp-json\/wp\/v2\/posts\/15916\/revisions"}],"predecessor-version":[{"id":15919,"href":"http:\/\/www.pasadenahoy.com\/primero\/wp-json\/wp\/v2\/posts\/15916\/revisions\/15919"}],"wp:attachment":[{"href":"http:\/\/www.pasadenahoy.com\/primero\/wp-json\/wp\/v2\/media?parent=15916"}],"wp:term":[{"taxonomy":"category","embeddable":true,"href":"http:\/\/www.pasadenahoy.com\/primero\/wp-json\/wp\/v2\/categories?post=15916"},{"taxonomy":"post_tag","embeddable":true,"href":"http:\/\/www.pasadenahoy.com\/primero\/wp-json\/wp\/v2\/tags?post=15916"}],"curies":[{"name":"wp","href":"https:\/\/api.w.org\/{rel}","templated":true}]}}