{"id":16108,"date":"2022-04-26T15:26:10","date_gmt":"2022-04-26T15:26:10","guid":{"rendered":"http:\/\/www.pasadenahoy.com\/primero\/?p=16108"},"modified":"2022-04-26T15:26:11","modified_gmt":"2022-04-26T15:26:11","slug":"comision-para-escuchar-actualizaciones-sobre-3-proyectos-principales-planificados-para-una-sola-cuadra-de-colorado-boulevard-cerca-de-pcc","status":"publish","type":"post","link":"http:\/\/www.pasadenahoy.com\/primero\/la-comunidad\/comision-para-escuchar-actualizaciones-sobre-3-proyectos-principales-planificados-para-una-sola-cuadra-de-colorado-boulevard-cerca-de-pcc\/","title":{"rendered":"Comisi\u00f3n para escuchar actualizaciones sobre 3 proyectos principales planificados para una sola cuadra de Colorado Boulevard cerca de PCC"},"content":{"rendered":"\n<figure class=\"wp-block-image alignnone size-large\"><figure class=\"alignnone\"><img loading=\"lazy\" width=\"740\" height=\"400\" src=\"http:\/\/www.pasadenahoy.com\/primero\/wp-content\/uploads\/2022\/04\/pic-6-5.png\" alt=\"\" class=\"wp-image-16109\" srcset=\"http:\/\/www.pasadenahoy.com\/primero\/wp-content\/uploads\/2022\/04\/pic-6-5.png 740w, http:\/\/www.pasadenahoy.com\/primero\/wp-content\/uploads\/2022\/04\/pic-6-5-300x162.png 300w, http:\/\/www.pasadenahoy.com\/primero\/wp-content\/uploads\/2022\/04\/pic-6-5-241x130.png 241w, http:\/\/www.pasadenahoy.com\/primero\/wp-content\/uploads\/2022\/04\/pic-6-5-333x180.png 333w, http:\/\/www.pasadenahoy.com\/primero\/wp-content\/uploads\/2022\/04\/pic-6-5-700x378.png 700w, http:\/\/www.pasadenahoy.com\/primero\/wp-content\/uploads\/2022\/04\/pic-6-5-360x195.png 360w, http:\/\/www.pasadenahoy.com\/primero\/wp-content\/uploads\/2022\/04\/pic-6-5-720x389.png 720w\" sizes=\"100vw\" \/><\/figure><\/figure>\n\n\n\n<p>La Comisi\u00f3n de Dise\u00f1o de Pasadena continuar\u00e1 escuchando el martes una propuesta para construir un hotel de ocho pisos, 335,560 pies cuadrados, 375 habitaciones y un edificio de uso mixto de cinco pisos con espacio comercial, 49 unidades residenciales y estacionamiento subterr\u00e1neo en el \u00e1rea de Bulevar E. Colorado. entre Hill Ave. y Holliston Ave. en Pasadena.<\/p>\n\n\n\n<p>El \u00e1rea est\u00e1 cerca del campus de Pasadena City College.<\/p>\n\n\n\n<p>Los planos presentados al Departamento de Planificaci\u00f3n y Desarrollo Comunitario mostraron que el hotel se construir\u00e1 en la propiedad en 1347-1365 E. Colorado Blvd, 35-39 N. Hill Ave. y 36-56 N. Holliston Ave., denominada &#8220;north parcela\u201d, y el edificio de uso mixto de cinco pisos se construir\u00e1 en 1336-1350 E. Colorado Blvd., o la \u201cparcela sur\u201d.<\/p>\n\n\n\n<p>El sitio del proyecto consta de cinco lotes con un total de 128,328 pies cuadrados en la esquina noroeste de E. Colorado Boulevard y N. Hill Avenue, tambi\u00e9n con frente a N. Holliston Ave., y cuatro lotes contiguos con un total de 30,851 pies cuadrados en la esquina sureste de E. Colorado Boulevard y S. Holliston Ave.<\/p>\n\n\n\n<p>La parcela norte tiene una forma aproximadamente rectangular, con algunas irregularidades, y la parcela sur tiene una forma completamente rectangular. Ambos sitios est\u00e1n actualmente desarrollados con estructuras de venta y reparaci\u00f3n de autom\u00f3viles de un piso y estacionamientos de gran superficie.<\/p>\n\n\n\n<p>Un inventario de \u00e1rboles presentado con la solicitud identifica un \u00e1rbol no protegido en la parcela norte y seis \u00e1rboles en las calles a lo largo de sus fachadas y dos \u00e1rboles en las calles a lo largo de las fachadas de la parcela sur.<\/p>\n\n\n\n<p>La audiencia del martes es una continuaci\u00f3n de la audiencia del 25 de enero que consider\u00f3 una solicitud de revisi\u00f3n del dise\u00f1o conceptual para el proyecto. La continuaci\u00f3n de la audiencia p\u00fablica tiene por objeto dar al solicitante, J &amp; K Plus Investments, LLC, la oportunidad de responder a los comentarios emitidos por el Departamento de Planificaci\u00f3n. El 28 de febrero, el solicitante tambi\u00e9n present\u00f3 los dibujos revisados \u200b\u200ba un subcomit\u00e9 que la Comisi\u00f3n de Dise\u00f1o nombr\u00f3 con el fin de seguir examinando el proyecto.<\/p>\n\n\n\n<p>El Departamento de Planificaci\u00f3n recomienda la aprobaci\u00f3n de la solicitud de revisi\u00f3n del dise\u00f1o conceptual.<\/p>\n\n\n\n<p>Los miembros de la comunidad pueden acceder a la reuni\u00f3n el martes a trav\u00e9s de Zoom, a trav\u00e9s de <a href=\"https:\/\/us02web.zoom.us\/j\/86915869334\">https:\/\/us02web.zoom.us\/j\/86915869334<\/a> o llamando al (669) 900-6833 y usando el ID del seminario web 869 1586 9334.<\/p>\n\n\n\n<p>Los comentarios p\u00fablicos se pueden enviar por correo electr\u00f3nico a <a href=\"mailto:mtakeda@cityofpasadena.net\">mtakeda@cityofpasadena.net<\/a>.<\/p>\n\n\n\n<p>Tambi\u00e9n se permiten comentarios en vivo durante la reuni\u00f3n.<\/p>\n","protected":false},"excerpt":{"rendered":"<p>La Comisi\u00f3n de Dise\u00f1o de Pasadena continuar\u00e1 escuchando el martes una propuesta para construir un hotel de ocho pisos, 335,560 pies cuadrados, 375 habitaciones y un edificio de uso mixto de cinco pisos con espacio comercial, 49 unidades residenciales y estacionamiento subterr\u00e1neo en el \u00e1rea de Bulevar E. Colorado. entre Hill Ave. y Holliston Ave. en Pasadena. El \u00e1rea est\u00e1 cerca del campus de Pasadena City College. Los planos presentados al Departamento de Planificaci\u00f3n y Desarrollo Comunitario mostraron que el [&hellip;]<\/p>\n","protected":false},"author":4,"featured_media":0,"comment_status":"open","ping_status":"closed","sticky":false,"template":"","format":"standard","meta":[],"categories":[4],"tags":[],"acf":[],"_links":{"self":[{"href":"http:\/\/www.pasadenahoy.com\/primero\/wp-json\/wp\/v2\/posts\/16108"}],"collection":[{"href":"http:\/\/www.pasadenahoy.com\/primero\/wp-json\/wp\/v2\/posts"}],"about":[{"href":"http:\/\/www.pasadenahoy.com\/primero\/wp-json\/wp\/v2\/types\/post"}],"author":[{"embeddable":true,"href":"http:\/\/www.pasadenahoy.com\/primero\/wp-json\/wp\/v2\/users\/4"}],"replies":[{"embeddable":true,"href":"http:\/\/www.pasadenahoy.com\/primero\/wp-json\/wp\/v2\/comments?post=16108"}],"version-history":[{"count":2,"href":"http:\/\/www.pasadenahoy.com\/primero\/wp-json\/wp\/v2\/posts\/16108\/revisions"}],"predecessor-version":[{"id":16111,"href":"http:\/\/www.pasadenahoy.com\/primero\/wp-json\/wp\/v2\/posts\/16108\/revisions\/16111"}],"wp:attachment":[{"href":"http:\/\/www.pasadenahoy.com\/primero\/wp-json\/wp\/v2\/media?parent=16108"}],"wp:term":[{"taxonomy":"category","embeddable":true,"href":"http:\/\/www.pasadenahoy.com\/primero\/wp-json\/wp\/v2\/categories?post=16108"},{"taxonomy":"post_tag","embeddable":true,"href":"http:\/\/www.pasadenahoy.com\/primero\/wp-json\/wp\/v2\/tags?post=16108"}],"curies":[{"name":"wp","href":"https:\/\/api.w.org\/{rel}","templated":true}]}}