{"id":16115,"date":"2022-04-27T15:03:18","date_gmt":"2022-04-27T15:03:18","guid":{"rendered":"http:\/\/www.pasadenahoy.com\/primero\/?p=16115"},"modified":"2022-04-27T15:03:19","modified_gmt":"2022-04-27T15:03:19","slug":"comision-de-planificacion-realizara-audiencia-publica-sobre-viviendas-en-sitios-de-iglesias","status":"publish","type":"post","link":"http:\/\/www.pasadenahoy.com\/primero\/la-comunidad\/comision-de-planificacion-realizara-audiencia-publica-sobre-viviendas-en-sitios-de-iglesias\/","title":{"rendered":"Comisi\u00f3n de Planificaci\u00f3n realizar\u00e1 audiencia p\u00fablica sobre viviendas en sitios de iglesias"},"content":{"rendered":"\n<figure class=\"wp-block-image alignnone size-large\"><figure class=\"alignnone\"><img loading=\"lazy\" width=\"740\" height=\"400\" src=\"http:\/\/www.pasadenahoy.com\/primero\/wp-content\/uploads\/2022\/04\/pic-1-9.jpg\" alt=\"\" class=\"wp-image-16116\" srcset=\"http:\/\/www.pasadenahoy.com\/primero\/wp-content\/uploads\/2022\/04\/pic-1-9.jpg 740w, http:\/\/www.pasadenahoy.com\/primero\/wp-content\/uploads\/2022\/04\/pic-1-9-300x162.jpg 300w, http:\/\/www.pasadenahoy.com\/primero\/wp-content\/uploads\/2022\/04\/pic-1-9-241x130.jpg 241w, http:\/\/www.pasadenahoy.com\/primero\/wp-content\/uploads\/2022\/04\/pic-1-9-333x180.jpg 333w, http:\/\/www.pasadenahoy.com\/primero\/wp-content\/uploads\/2022\/04\/pic-1-9-700x378.jpg 700w, http:\/\/www.pasadenahoy.com\/primero\/wp-content\/uploads\/2022\/04\/pic-1-9-360x195.jpg 360w, http:\/\/www.pasadenahoy.com\/primero\/wp-content\/uploads\/2022\/04\/pic-1-9-720x389.jpg 720w\" sizes=\"100vw\" \/><\/figure><\/figure>\n\n\n\n<p>La Comisi\u00f3n de Planificaci\u00f3n llevar\u00e1 a cabo una audiencia p\u00fablica el mi\u00e9rcoles 27 de abril, donde el personal del Departamento de Planificaci\u00f3n y Desarrollo Comunitario presentar\u00e1 una recomendaci\u00f3n para una Enmienda al C\u00f3digo de Zonificaci\u00f3n para permitir viviendas asequibles multifamiliares en sitios de instalaciones religiosas en ciertas zonas no residenciales en el ciudad.<\/p>\n\n\n\n<p>Las discusiones sobre permitir oportunidades de viviendas asequibles en sitios propiedad de organizaciones religiosas fueron impulsadas por esfuerzos recientes de iglesias y otras instituciones religiosas. Como consecuencia de las conversaciones iniciales, la Ciudad inici\u00f3 una Enmienda al C\u00f3digo de Zonificaci\u00f3n para definir las reglamentaciones relacionadas y llev\u00f3 a cabo una serie de esfuerzos de divulgaci\u00f3n, incluida una Sesi\u00f3n de Estudio de la Comisi\u00f3n de Planificaci\u00f3n, una Sesi\u00f3n de Estudio del Concejo Municipal y un Taller Comunitario Virtual en 2020.<\/p>\n\n\n\n<p>Se espera que el Departamento de Planificaci\u00f3n informe el mi\u00e9rcoles sobre los comentarios y aportes recibidos durante estas actividades de divulgaci\u00f3n y otras discusiones de seguimiento, y presente sus recomendaciones sobre las enmiendas de texto requeridas para el C\u00f3digo de Zonificaci\u00f3n.<\/p>\n\n\n\n<p>Las recomendaciones implicar\u00e1n la modificaci\u00f3n de las normas de vivienda asequible existentes y las restricciones de uso de la tierra existentes de acuerdo con un informe del personal del Departamento de Planificaci\u00f3n.<\/p>\n\n\n\n<p>El informe tambi\u00e9n mostr\u00f3 que se espera que las enmiendas propuestas y los est\u00e1ndares de desarrollo resuelvan problemas relacionados con el uso existente de una instalaci\u00f3n o terreno, densidad residencial, est\u00e1ndares de desarrollo, estacionamiento, reutilizaci\u00f3n adaptativa y asequibilidad, entre otros.<\/p>\n\n\n\n<p>Despu\u00e9s de la discusi\u00f3n a nivel de la Comisi\u00f3n de Planificaci\u00f3n, las enmiendas recomendadas al C\u00f3digo de Zonificaci\u00f3n se enviar\u00e1n al Concejo Municipal para su adopci\u00f3n.<\/p>\n\n\n\n<p>La reuni\u00f3n p\u00fablica del mi\u00e9rcoles comienza a las 6:30 p.m. y se puede acceder a trav\u00e9s de Zoom, en <a href=\"https:\/\/us02web.zoom.us\/j\/86479023597\">https:\/\/us02web.zoom.us\/j\/86479023597<\/a>, o llamando al (669) 900-6833 y usando el ID del seminario web 864 7902 3597.<\/p>\n\n\n\n<p>Los comentarios p\u00fablicos son bienvenidos durante la audiencia p\u00fablica o pueden enviarse con anticipaci\u00f3n por correo electr\u00f3nico a <a href=\"htam@cityofpasadena.net\">htam@cityofpasadena.net.<\/a><\/p>\n","protected":false},"excerpt":{"rendered":"<p>La Comisi\u00f3n de Planificaci\u00f3n llevar\u00e1 a cabo una audiencia p\u00fablica el mi\u00e9rcoles 27 de abril, donde el personal del Departamento de Planificaci\u00f3n y Desarrollo Comunitario presentar\u00e1 una recomendaci\u00f3n para una Enmienda al C\u00f3digo de Zonificaci\u00f3n para permitir viviendas asequibles multifamiliares en sitios de instalaciones religiosas en ciertas zonas no residenciales en el ciudad. Las discusiones sobre permitir oportunidades de viviendas asequibles en sitios propiedad de organizaciones religiosas fueron impulsadas por esfuerzos recientes de iglesias y otras instituciones religiosas. Como consecuencia [&hellip;]<\/p>\n","protected":false},"author":4,"featured_media":16116,"comment_status":"open","ping_status":"closed","sticky":false,"template":"","format":"standard","meta":[],"categories":[4],"tags":[],"acf":[],"_links":{"self":[{"href":"http:\/\/www.pasadenahoy.com\/primero\/wp-json\/wp\/v2\/posts\/16115"}],"collection":[{"href":"http:\/\/www.pasadenahoy.com\/primero\/wp-json\/wp\/v2\/posts"}],"about":[{"href":"http:\/\/www.pasadenahoy.com\/primero\/wp-json\/wp\/v2\/types\/post"}],"author":[{"embeddable":true,"href":"http:\/\/www.pasadenahoy.com\/primero\/wp-json\/wp\/v2\/users\/4"}],"replies":[{"embeddable":true,"href":"http:\/\/www.pasadenahoy.com\/primero\/wp-json\/wp\/v2\/comments?post=16115"}],"version-history":[{"count":2,"href":"http:\/\/www.pasadenahoy.com\/primero\/wp-json\/wp\/v2\/posts\/16115\/revisions"}],"predecessor-version":[{"id":16118,"href":"http:\/\/www.pasadenahoy.com\/primero\/wp-json\/wp\/v2\/posts\/16115\/revisions\/16118"}],"wp:featuredmedia":[{"embeddable":true,"href":"http:\/\/www.pasadenahoy.com\/primero\/wp-json\/wp\/v2\/media\/16116"}],"wp:attachment":[{"href":"http:\/\/www.pasadenahoy.com\/primero\/wp-json\/wp\/v2\/media?parent=16115"}],"wp:term":[{"taxonomy":"category","embeddable":true,"href":"http:\/\/www.pasadenahoy.com\/primero\/wp-json\/wp\/v2\/categories?post=16115"},{"taxonomy":"post_tag","embeddable":true,"href":"http:\/\/www.pasadenahoy.com\/primero\/wp-json\/wp\/v2\/tags?post=16115"}],"curies":[{"name":"wp","href":"https:\/\/api.w.org\/{rel}","templated":true}]}}