{"id":16128,"date":"2022-04-27T15:37:20","date_gmt":"2022-04-27T15:37:20","guid":{"rendered":"http:\/\/www.pasadenahoy.com\/primero\/?p=16128"},"modified":"2022-04-27T15:37:21","modified_gmt":"2022-04-27T15:37:21","slug":"la-ciudad-llevara-a-cabo-una-reunion-sobre-problemas-de-trafico-en-mountain-street","status":"publish","type":"post","link":"http:\/\/www.pasadenahoy.com\/primero\/la-comunidad\/la-ciudad-llevara-a-cabo-una-reunion-sobre-problemas-de-trafico-en-mountain-street\/","title":{"rendered":"La ciudad llevar\u00e1 a cabo una reuni\u00f3n sobre problemas de tr\u00e1fico en Mountain Street"},"content":{"rendered":"\n<figure class=\"wp-block-image alignnone size-large\"><figure class=\"alignnone\"><img loading=\"lazy\" width=\"740\" height=\"400\" src=\"http:\/\/www.pasadenahoy.com\/primero\/wp-content\/uploads\/2022\/04\/pic-4-16.jpg\" alt=\"\" class=\"wp-image-16129\" srcset=\"http:\/\/www.pasadenahoy.com\/primero\/wp-content\/uploads\/2022\/04\/pic-4-16.jpg 740w, http:\/\/www.pasadenahoy.com\/primero\/wp-content\/uploads\/2022\/04\/pic-4-16-300x162.jpg 300w, http:\/\/www.pasadenahoy.com\/primero\/wp-content\/uploads\/2022\/04\/pic-4-16-241x130.jpg 241w, http:\/\/www.pasadenahoy.com\/primero\/wp-content\/uploads\/2022\/04\/pic-4-16-333x180.jpg 333w, http:\/\/www.pasadenahoy.com\/primero\/wp-content\/uploads\/2022\/04\/pic-4-16-700x378.jpg 700w, http:\/\/www.pasadenahoy.com\/primero\/wp-content\/uploads\/2022\/04\/pic-4-16-360x195.jpg 360w, http:\/\/www.pasadenahoy.com\/primero\/wp-content\/uploads\/2022\/04\/pic-4-16-720x389.jpg 720w\" sizes=\"100vw\" \/><\/figure><\/figure>\n\n\n\n<p>La ciudad llevar\u00e1 a cabo una reuni\u00f3n comunitaria sobre problemas de tr\u00e1fico en Mountain Street de 5 a 7 p.m. El mi\u00e9rcoles.<\/p>\n\n\n\n<p>Los residentes tendr\u00e1n la oportunidad de salir y hablar personalmente con el personal de la ciudad y el Departamento de Transporte sobre problemas de tr\u00e1fico.<\/p>\n\n\n\n<p>La reuni\u00f3n se llevar\u00e1 a cabo en Mountain Street entre las avenidas Los Robles y Fair Oaks.<\/p>\n\n\n\n<p>El Programa de Manejo del Tr\u00e1fico Vecinal de Mountain Street es un proyecto para mejorar la accesibilidad de los peatones y calmar el tr\u00e1fico en Mountain Street entre las avenidas Fair Oaks y Los Robles.<\/p>\n\n\n\n<p>Esta secci\u00f3n de Mountain Street es un conector de dos carriles en una comunidad residencial que tambi\u00e9n sirve como una ruta que cruza la ciudad de este a oeste.<\/p>\n\n\n\n<p>El programa utiliza un proceso centrado en el vecindario que se ha utilizado en toda la Ciudad para desarrollar mejoras efectivas en la seguridad vial. Este proceso depende en gran medida de la participaci\u00f3n y los aportes de la comunidad.<\/p>\n\n\n\n<p>La ciudad se encuentra actualmente al comienzo del proceso y est\u00e1 buscando la opini\u00f3n del p\u00fablico.<\/p>\n\n\n\n<p>Actualmente, la ciudad est\u00e1 realizando una encuesta para las personas que viven y trabajan en el \u00e1rea.<\/p>\n\n\n\n<p>Se puede acceder a la encuesta haciendo <a href=\"https:\/\/streaklinks.com\/BBjWHnHGhrf64SGI1AFJbGbs\/https%3A%2F%2Ft.sidekickopen90.com%2Fs3t%2Fc%2F5%2Ff18dQhb0S7kv8cp85kW21GymG59hl3kW7_k2847sCHKtMtftXPvM6wGW1Hnf132bzNKBf9hCY6701%3Fte%3DW3R5hFj4cm2zwW4mKLS-3F7-WDW43Qh8y4cGmMkW41Pyvz3K9y3KW49HS6Q45SB6dW3zhs7S41pSX0W3zd-9v43Whc3W4fJg0T1GCt5gW49PHth3_SNwqW4cgzQJ4hJWkGW3T1d394fM_pZW4fd_R74hLzpLf4r509C04%26si%3D6034060113739776%26pi%3D19d1ef37-18b8-448e-9a00-1b0db762352f\">clic aqu\u00ed.<\/a><\/p>\n","protected":false},"excerpt":{"rendered":"<p>La ciudad llevar\u00e1 a cabo una reuni\u00f3n comunitaria sobre problemas de tr\u00e1fico en Mountain Street de 5 a 7 p.m. El mi\u00e9rcoles. Los residentes tendr\u00e1n la oportunidad de salir y hablar personalmente con el personal de la ciudad y el Departamento de Transporte sobre problemas de tr\u00e1fico. La reuni\u00f3n se llevar\u00e1 a cabo en Mountain Street entre las avenidas Los Robles y Fair Oaks. El Programa de Manejo del Tr\u00e1fico Vecinal de Mountain Street es un proyecto para mejorar la [&hellip;]<\/p>\n","protected":false},"author":4,"featured_media":0,"comment_status":"open","ping_status":"closed","sticky":false,"template":"","format":"standard","meta":[],"categories":[4],"tags":[],"acf":[],"_links":{"self":[{"href":"http:\/\/www.pasadenahoy.com\/primero\/wp-json\/wp\/v2\/posts\/16128"}],"collection":[{"href":"http:\/\/www.pasadenahoy.com\/primero\/wp-json\/wp\/v2\/posts"}],"about":[{"href":"http:\/\/www.pasadenahoy.com\/primero\/wp-json\/wp\/v2\/types\/post"}],"author":[{"embeddable":true,"href":"http:\/\/www.pasadenahoy.com\/primero\/wp-json\/wp\/v2\/users\/4"}],"replies":[{"embeddable":true,"href":"http:\/\/www.pasadenahoy.com\/primero\/wp-json\/wp\/v2\/comments?post=16128"}],"version-history":[{"count":2,"href":"http:\/\/www.pasadenahoy.com\/primero\/wp-json\/wp\/v2\/posts\/16128\/revisions"}],"predecessor-version":[{"id":16131,"href":"http:\/\/www.pasadenahoy.com\/primero\/wp-json\/wp\/v2\/posts\/16128\/revisions\/16131"}],"wp:attachment":[{"href":"http:\/\/www.pasadenahoy.com\/primero\/wp-json\/wp\/v2\/media?parent=16128"}],"wp:term":[{"taxonomy":"category","embeddable":true,"href":"http:\/\/www.pasadenahoy.com\/primero\/wp-json\/wp\/v2\/categories?post=16128"},{"taxonomy":"post_tag","embeddable":true,"href":"http:\/\/www.pasadenahoy.com\/primero\/wp-json\/wp\/v2\/tags?post=16128"}],"curies":[{"name":"wp","href":"https:\/\/api.w.org\/{rel}","templated":true}]}}