{"id":16132,"date":"2022-04-27T15:42:09","date_gmt":"2022-04-27T15:42:09","guid":{"rendered":"http:\/\/www.pasadenahoy.com\/primero\/?p=16132"},"modified":"2022-04-27T15:42:10","modified_gmt":"2022-04-27T15:42:10","slug":"exempleada-del-jpl-se-convertira-en-la-primera-mujer-negra-en-la-tripulacion-de-la-estacion-espacial","status":"publish","type":"post","link":"http:\/\/www.pasadenahoy.com\/primero\/la-comunidad\/exempleada-del-jpl-se-convertira-en-la-primera-mujer-negra-en-la-tripulacion-de-la-estacion-espacial\/","title":{"rendered":"Exempleada del JPL se convertir\u00e1 en la primera mujer negra en la tripulaci\u00f3n de la estaci\u00f3n espacial"},"content":{"rendered":"\n<figure class=\"wp-block-image alignnone size-large\"><img loading=\"lazy\" width=\"740\" height=\"400\" src=\"http:\/\/www.pasadenahoy.com\/primero\/wp-content\/uploads\/2022\/04\/pi5.jpg\" alt=\"\" class=\"wp-image-16133\" srcset=\"http:\/\/www.pasadenahoy.com\/primero\/wp-content\/uploads\/2022\/04\/pi5.jpg 740w, http:\/\/www.pasadenahoy.com\/primero\/wp-content\/uploads\/2022\/04\/pi5-300x162.jpg 300w, http:\/\/www.pasadenahoy.com\/primero\/wp-content\/uploads\/2022\/04\/pi5-241x130.jpg 241w, http:\/\/www.pasadenahoy.com\/primero\/wp-content\/uploads\/2022\/04\/pi5-333x180.jpg 333w, http:\/\/www.pasadenahoy.com\/primero\/wp-content\/uploads\/2022\/04\/pi5-700x378.jpg 700w, http:\/\/www.pasadenahoy.com\/primero\/wp-content\/uploads\/2022\/04\/pi5-360x195.jpg 360w, http:\/\/www.pasadenahoy.com\/primero\/wp-content\/uploads\/2022\/04\/pi5-720x389.jpg 720w\" sizes=\"100vw\" \/><figcaption>Dra.Jessica Watkins. [Foto cortes\u00eda de la NASA]\n<\/figcaption><\/figure>\n\n\n\n<p>La astronauta novata de la NASA Jessica Watkins, quien tiene un doctorado de UCLA y trabaj\u00f3 anteriormente en el Laboratorio de Propulsi\u00f3n a Chorro en Pasadena, har\u00e1 historia aeroespacial el mi\u00e9rcoles cuando se lance en una misi\u00f3n que la convertir\u00e1 en la primera mujer negra en servir como miembro de la tripulaci\u00f3n. en la Estaci\u00f3n Espacial Internacional.<br>SpaceX, con sede en Hawthorne, est\u00e1 programado para lanzar la misi\u00f3n desde Cabo Ca\u00f1averal en Florida a las 12:52 a. m. del mi\u00e9rcoles. Watkins y los otros tres miembros de \u201cCrew-4\u201d, la cuarta tripulaci\u00f3n operativa lanzada por SpaceX a la estaci\u00f3n en virtud de un contrato con la NASA, volar\u00e1n a bordo de una nueva nave espacial Crew Dragon denominada Freedom.<\/p>\n\n\n\n<p>Si bien la nave espacial Dragon es nueva, la primera etapa del cohete Falcon 9 que impulsar\u00e1 a la tripulaci\u00f3n en su camino se ha utilizado en tres misiones anteriores. SpaceX intentar\u00e1 recuperar el cohete nuevamente aterriz\u00e1ndolo en una barcaza llamada &#8220;A Shortfall of Gravitas&#8221; que flota en el Oc\u00e9ano Atl\u00e1ntico.<\/p>\n\n\n\n<p>SpaceX se ha acostumbrado a recuperar y reutilizar los propulsores de cohetes como una forma de reducir dr\u00e1sticamente el costo de futuras misiones.<\/p>\n\n\n\n<p>Ge\u00f3logo de oficio, Watkins se desempe\u00f1ar\u00e1 como especialista de misi\u00f3n como miembro de Crew-4, seg\u00fan la NASA. Volando con Watkins en la misi\u00f3n estar\u00e1n los astronautas de la NASA Kjell Lindgren y Robert Hines y la astronauta de la Agencia Espacial Europea Samantha Cristoforetti.<\/p>\n\n\n\n<p>La tripulaci\u00f3n pasar\u00e1 seis meses en la estaci\u00f3n espacial, lo que convierte a Watkins en la primera mujer negra en cumplir un servicio prolongado en el espacio exterior. Otras mujeres negras han volado al espacio, pero nunca han sido miembros a largo plazo de la tripulaci\u00f3n de la estaci\u00f3n espacial.<\/p>\n\n\n\n<p>Seg\u00fan la NASA, Watkins naci\u00f3 en Maryland pero creci\u00f3 en Lafayette, Colorado. Tiene una licenciatura en ciencias geol\u00f3gicas y ambientales de la Universidad de Stanford y un doctorado en geolog\u00eda de la UCLA, donde se gradu\u00f3 en investigaci\u00f3n centrada en &#8220;los mecanismos de emplazamiento de grandes deslizamientos de tierra en Marte y la Tierra&#8221;.<\/p>\n\n\n\n<p>Hizo una pasant\u00eda en la NASA y luego trabaj\u00f3 en el Centro de Investigaci\u00f3n Ames de la agencia espacial y en el JPL. Tambi\u00e9n fue becaria postdoctoral en la Divisi\u00f3n de Ciencias Geol\u00f3gicas y Planetarias de Caltech, trabajando en el rover Curiosity de Marte. Tambi\u00e9n fue entrenadora asistente voluntaria del equipo de baloncesto femenino de Caltech.<\/p>\n","protected":false},"excerpt":{"rendered":"<p>La astronauta novata de la NASA Jessica Watkins, quien tiene un doctorado de UCLA y trabaj\u00f3 anteriormente en el Laboratorio de Propulsi\u00f3n a Chorro en Pasadena, har\u00e1 historia aeroespacial el mi\u00e9rcoles cuando se lance en una misi\u00f3n que la convertir\u00e1 en la primera mujer negra en servir como miembro de la tripulaci\u00f3n. en la Estaci\u00f3n Espacial Internacional.SpaceX, con sede en Hawthorne, est\u00e1 programado para lanzar la misi\u00f3n desde Cabo Ca\u00f1averal en Florida a las 12:52 a. m. del mi\u00e9rcoles. Watkins [&hellip;]<\/p>\n","protected":false},"author":4,"featured_media":0,"comment_status":"open","ping_status":"closed","sticky":false,"template":"","format":"standard","meta":[],"categories":[4],"tags":[],"acf":[],"_links":{"self":[{"href":"http:\/\/www.pasadenahoy.com\/primero\/wp-json\/wp\/v2\/posts\/16132"}],"collection":[{"href":"http:\/\/www.pasadenahoy.com\/primero\/wp-json\/wp\/v2\/posts"}],"about":[{"href":"http:\/\/www.pasadenahoy.com\/primero\/wp-json\/wp\/v2\/types\/post"}],"author":[{"embeddable":true,"href":"http:\/\/www.pasadenahoy.com\/primero\/wp-json\/wp\/v2\/users\/4"}],"replies":[{"embeddable":true,"href":"http:\/\/www.pasadenahoy.com\/primero\/wp-json\/wp\/v2\/comments?post=16132"}],"version-history":[{"count":2,"href":"http:\/\/www.pasadenahoy.com\/primero\/wp-json\/wp\/v2\/posts\/16132\/revisions"}],"predecessor-version":[{"id":16135,"href":"http:\/\/www.pasadenahoy.com\/primero\/wp-json\/wp\/v2\/posts\/16132\/revisions\/16135"}],"wp:attachment":[{"href":"http:\/\/www.pasadenahoy.com\/primero\/wp-json\/wp\/v2\/media?parent=16132"}],"wp:term":[{"taxonomy":"category","embeddable":true,"href":"http:\/\/www.pasadenahoy.com\/primero\/wp-json\/wp\/v2\/categories?post=16132"},{"taxonomy":"post_tag","embeddable":true,"href":"http:\/\/www.pasadenahoy.com\/primero\/wp-json\/wp\/v2\/tags?post=16132"}],"curies":[{"name":"wp","href":"https:\/\/api.w.org\/{rel}","templated":true}]}}