{"id":16153,"date":"2022-04-28T15:14:18","date_gmt":"2022-04-28T15:14:18","guid":{"rendered":"http:\/\/www.pasadenahoy.com\/primero\/?p=16153"},"modified":"2022-04-28T15:14:19","modified_gmt":"2022-04-28T15:14:19","slug":"lyon-promociona-la-experiencia-del-mundo-real-en-la-busqueda-del-asiento-del-distrito-7","status":"publish","type":"post","link":"http:\/\/www.pasadenahoy.com\/primero\/el-gobierno-local\/lyon-promociona-la-experiencia-del-mundo-real-en-la-busqueda-del-asiento-del-distrito-7\/","title":{"rendered":"Lyon promociona la experiencia del mundo real en la b\u00fasqueda del asiento del Distrito 7"},"content":{"rendered":"\n<figure class=\"wp-block-image alignnone size-large\"><figure class=\"alignnone\"><img loading=\"lazy\" width=\"740\" height=\"400\" src=\"http:\/\/www.pasadenahoy.com\/primero\/wp-content\/uploads\/2022\/04\/pic-3-8.jpg\" alt=\"\" class=\"wp-image-16154\" srcset=\"http:\/\/www.pasadenahoy.com\/primero\/wp-content\/uploads\/2022\/04\/pic-3-8.jpg 740w, http:\/\/www.pasadenahoy.com\/primero\/wp-content\/uploads\/2022\/04\/pic-3-8-300x162.jpg 300w, http:\/\/www.pasadenahoy.com\/primero\/wp-content\/uploads\/2022\/04\/pic-3-8-241x130.jpg 241w, http:\/\/www.pasadenahoy.com\/primero\/wp-content\/uploads\/2022\/04\/pic-3-8-333x180.jpg 333w, http:\/\/www.pasadenahoy.com\/primero\/wp-content\/uploads\/2022\/04\/pic-3-8-700x378.jpg 700w, http:\/\/www.pasadenahoy.com\/primero\/wp-content\/uploads\/2022\/04\/pic-3-8-360x195.jpg 360w, http:\/\/www.pasadenahoy.com\/primero\/wp-content\/uploads\/2022\/04\/pic-3-8-720x389.jpg 720w\" sizes=\"100vw\" \/><\/figure><\/figure>\n\n\n\n<p>Pasadena Now envi\u00f3 varias preguntas a los candidatos al Concejo Municipal que compiten por los esca\u00f1os en las elecciones de junio. Las respuestas se ejecutar\u00e1n a medida que lleguen.<\/p>\n\n\n\n<p>En el Distrito 7, Jason Lyon compite contra Ciran Hadjian y Allen Shay para ocupar el puesto que actualmente ocupa el vicealcalde Andy Wilson.<\/p>\n\n\n\n<p>Lyon ha sido residente del sur de California durante 24 a\u00f1os. Durante la \u00faltima d\u00e9cada, ha formado parte de las juntas directivas de varias organizaciones locales sin fines de lucro, como Young &amp; Healthy y San Gabriel Valley Economic Partnership. En 2017, Lyon se uni\u00f3 a la Comisi\u00f3n de Preservaci\u00f3n Hist\u00f3rica de Pasadena. En 2019, Wilson nombr\u00f3 a Lyon para la Comisi\u00f3n de Planificaci\u00f3n. Lyon fue elegido vicepresidente de la comisi\u00f3n en 2021.<\/p>\n\n\n\n<p>Lyon es socio del bufete de abogados Hahn &amp; Hahn de Pasadena de 123 a\u00f1os. Vive en el vecindario de Madison Heights con su esposo, Tim, un agente de bienes ra\u00edces y sus dos hijos.<\/p>\n\n\n\n<p>\u00bfCu\u00e1les son los principales problemas que enfrenta su distrito?<\/p>\n\n\n\n<p>He estado recorriendo el distrito y reuni\u00e9ndome con votantes durante los \u00faltimos ocho meses, y hay tres temas que surgen en casi todas las conversaciones. En la parte superior de la lista est\u00e1 c\u00f3mo logramos un equilibrio entre nuestra necesidad muy real de viviendas que las personas de todos los niveles de ingresos puedan pagar y el deseo de preservar el car\u00e1cter de nuestra comunidad y mantener a Pasadena como una ciudad habitable y transitable. El segundo es c\u00f3mo sacar a nuestros vecinos sin hogar de la calle y llevarlos a una vivienda. El tercero es c\u00f3mo hacer de Pasadena una ciudad ambientalmente m\u00e1s sostenible a largo plazo.<\/p>\n\n\n\n<p>En cuanto al tema de la vivienda, no creo que podamos salir de este problema \u00fanicamente dependiendo de los desarrolladores de viviendas a precio de mercado para reservar un peque\u00f1o porcentaje de unidades asequibles en cada proyecto. Necesitamos una combinaci\u00f3n de inversi\u00f3n p\u00fablica y sin fines de lucro en vivienda. En la medida en que necesitemos nuevas construcciones, debemos dirigirlas a nuestros corredores de tr\u00e1nsito y v\u00edas principales. Pero lo que m\u00e1s me entusiasma es la perspectiva de la reutilizaci\u00f3n adaptativa de edificios existentes e infrautilizados. Tenemos una buena cantidad de espacio vacante comercial y de oficinas que podr\u00eda convertirse en vivienda. Es un enfoque prometedor que nos permitir\u00e1 preservar el perfil y el car\u00e1cter de nuestra ciudad mientras creamos opciones de vivienda.<\/p>\n\n\n\n<p>Con respecto a las personas sin hogar, debemos comprometernos a involucrarnos directamente con las personas sin hogar para poder ofrecer soluciones personalizadas. Podemos hacerlo a trav\u00e9s de un Equipo de Respuesta de Alcance de Pasadena de tiempo completo, un personal de asistente social ampliado y profundizando nuestras asociaciones con la comunidad sin fines de lucro. M\u00e1s de la mitad de nuestra poblaci\u00f3n sin hogar en Pasadena no est\u00e1 cr\u00f3nicamente sin hogar. Deber\u00edamos trabajar para conectarlos con los servicios y devolverlos a la vivienda lo m\u00e1s r\u00e1pido posible.<\/p>\n\n\n\n<p>En cuanto a convertirnos en una ciudad ambientalmente sostenible, hay varios cambios bastante simples que me gustar\u00eda hacer. Deber\u00edamos acelerar el cronograma para lograr una cartera mayoritaria de energ\u00eda renovable; plantar \u00e1rboles nativos tolerantes a la sequ\u00eda para combatir las islas de calor; restaurar y mejorar nuestros programas de incentivos para la conservaci\u00f3n; fomentar una participaci\u00f3n m\u00e1s amplia en nuestro nuevo programa de reciclaje de desperdicios de alimentos; y verificar la precisi\u00f3n de las m\u00e9tricas que utilizamos en nuestros estudios ambientales de nuevos desarrollos.<\/p>\n\n\n\n<p>\u00bfQu\u00e9 aportas al Ayuntamiento?<\/p>\n\n\n\n<p>Tengo experiencia actual en el mundo real al tratar con los problemas que enfrenta nuestro distrito. Como Vicepresidenta de la Comisi\u00f3n de Planificaci\u00f3n de la Ciudad, he lidiado con la complejidad de equilibrar los intereses contrapuestos para que podamos desarrollar una ciudad donde todos puedan prosperar. He tenido la suerte de participar activamente en la planificaci\u00f3n urbana en este fascinante momento de la historia. El mundo ha cambiado en la econom\u00eda post-Amazon, post-servicio, post-COVID. Nuestra necesidad decreciente de espacio comercial y de oficinas ha presentado a la ciudad desaf\u00edos y oportunidades que realmente no exist\u00edan antes de la \u00faltima d\u00e9cada m\u00e1s o menos. Tengo experiencia de primera mano en enfrentar esas oportunidades y desaf\u00edos.<\/p>\n\n\n\n<p>Tambi\u00e9n aporto tres d\u00e9cadas de experiencia en la gesti\u00f3n de presupuestos y el pensamiento estrat\u00e9gico en los negocios. Comenc\u00e9 mi carrera como productor de documentales y luego pas\u00e9 a ser due\u00f1o de mi propio negocio en la industria de comerciales de televisi\u00f3n. En ambos trabajos, tuve que administrar presupuestos ajustados en plazos exigentes y anticipar las necesidades cambiantes de la industria. M\u00e1s tarde asist\u00ed a la Facultad de Derecho de la UCLA y ahora soy socio del bufete de abogados m\u00e1s antiguo de Pasadena, Hahn &amp; Hahn. En esa capacidad, trabajo en estrecha colaboraci\u00f3n con mis compa\u00f1eros propietarios-socios para administrar nuestras finanzas y establecer pol\u00edticas para garantizar el \u00e9xito continuo de la empresa en su segundo siglo y m\u00e1s all\u00e1. Tambi\u00e9n ocup\u00e9 roles de liderazgo en varias juntas sin fines de lucro donde fui responsable de la supervisi\u00f3n fiduciaria de presupuestos que van desde $ 1 mill\u00f3n a $ 20 millones, as\u00ed como tambi\u00e9n de la planificaci\u00f3n estrat\u00e9gica y la visualizaci\u00f3n del futuro de las organizaciones.<\/p>\n\n\n\n<p>\u00bfCu\u00e1l es la cualidad m\u00e1s valiosa que debe poseer el pr\u00f3ximo administrador de la ciudad?<\/p>\n\n\n\n<p>Visi\u00f3n\/humanidad\/insight. Por supuesto, nuestro administrador de la ciudad debe tener e <\/p>\n\n\n\n<p>Excelentes habilidades de gesti\u00f3n fiscal y experiencia demostrada en la supervisi\u00f3n de operaciones grandes y diversas. Esos son un hecho. Pero creo que la cualidad que hace a un gran administrador de la ciudad es una comprensi\u00f3n profunda de las personas y la capacidad de dar cuenta del impacto humano real de las decisiones de la ciudad. Nuestro pr\u00f3ximo administrador de la ciudad debe poder abordar no solo nuestras necesidades actuales, sino tambi\u00e9n mirar hacia el futuro para nuestras necesidades en los pr\u00f3ximos a\u00f1os.<\/p>\n\n\n\n<p>El Concejo Municipal no elegir\u00e1 al jefe de polic\u00eda, pero \u00bfc\u00f3mo puede el pr\u00f3ximo jefe tranquilizar a los cr\u00edticos a la luz del tiroteo de McClain?<\/p>\n\n\n\n<p>La reconciliaci\u00f3n comienza con el di\u00e1logo. Necesitamos un jefe que est\u00e9 dispuesto a comprometerse con la comunidad incluso en las conversaciones m\u00e1s dif\u00edciles. Como ciudad, debemos ser lo m\u00e1s transparentes posible en cada paso del proceso. Si existen l\u00edmites en la capacidad de la ciudad para ser transparente, debemos explicarlos con claridad y hacer todo lo posible para establecer un cronograma realista para la toma de decisiones y la divulgaci\u00f3n de informaci\u00f3n.<\/p>\n\n\n\n<p>Los alquileres est\u00e1n en su punto m\u00e1s alto, \u00bfc\u00f3mo mantenemos a las personas en sus hogares?<\/p>\n\n\n\n<p>Como mencion\u00e9, no creo que podamos salir del problema de la asequibilidad con viviendas a &#8220;tasa de mercado&#8221; y un 20% reservado para unidades de precios m\u00e1s modestos. Necesitamos asociarnos con organizaciones sin fines de lucro para establecer un stock m\u00e1s amplio de viviendas que sean asequibles para varios niveles de ingresos. Idealmente, lo haremos principalmente a trav\u00e9s de la reutilizaci\u00f3n adaptativa de edificios existentes e infrautilizados.<\/p>\n\n\n\n<p>Si pudieras cambiar algo en la Carta de la Ciudad, \u00bfqu\u00e9 ser\u00eda?<\/p>\n\n\n\n<p>No creo que necesitemos tanto un cambio como una aclaraci\u00f3n de las l\u00edneas de autoridad en el gobierno de la ciudad. La Carta dice que \u201ctodos los poderes de la Ciudad recaer\u00e1n en el Concejo Municipal\u201d. Aunque creo que esa disposici\u00f3n es bastante clara, a veces ha habido confusi\u00f3n sobre la autoridad del Concejo para dirigir o anular ciertas decisiones tomadas por el Administrador de la Ciudad. Si fu\u00e9ramos a enmendar la Carta, dejar\u00eda en claro que todas las decisiones en la ciudad son, en \u00faltima instancia, responsabilidad de nuestros funcionarios electos.<\/p>\n\n\n\n<p>\u00bfPor qu\u00e9 los residentes locales de su distrito deber\u00edan darle su voto?<\/p>\n\n\n\n<p>Yo amo esta ciudad. Creo que tengo la experiencia y la perspectiva adecuadas para este momento de nuestra historia. El liderazgo debe tener que ver con el servicio, no con uno mismo. He servido al Distrito 7 como comisionado de la ciudad durante los \u00faltimos cinco a\u00f1os y he servido a la ciudad en varias funciones sin fines de lucro durante m\u00e1s de una d\u00e9cada. En ese tiempo, he demostrado que adopto un enfoque reflexivo y hol\u00edstico para la toma de decisiones, y tengo una gran capacidad para elaborar soluciones sensatas que re\u00fanen perspectivas que a veces pueden ser muy dispares. Si soy elegido, dar\u00e9 la bienvenida a todas las voces a nuestro di\u00e1logo c\u00edvico y trabajar\u00e9 para encontrar puntos en com\u00fan en lugar de centrarme en nuestras diferencias. Ser\u00eda un honor representar al Distrito 7.<\/p>\n\n\n\n<p><\/p>\n","protected":false},"excerpt":{"rendered":"<p>Pasadena Now envi\u00f3 varias preguntas a los candidatos al Concejo Municipal que compiten por los esca\u00f1os en las elecciones de junio. Las respuestas se ejecutar\u00e1n a medida que lleguen. En el Distrito 7, Jason Lyon compite contra Ciran Hadjian y Allen Shay para ocupar el puesto que actualmente ocupa el vicealcalde Andy Wilson. Lyon ha sido residente del sur de California durante 24 a\u00f1os. Durante la \u00faltima d\u00e9cada, ha formado parte de las juntas directivas de varias organizaciones locales sin [&hellip;]<\/p>\n","protected":false},"author":4,"featured_media":16154,"comment_status":"open","ping_status":"closed","sticky":false,"template":"","format":"standard","meta":[],"categories":[6],"tags":[],"acf":[],"_links":{"self":[{"href":"http:\/\/www.pasadenahoy.com\/primero\/wp-json\/wp\/v2\/posts\/16153"}],"collection":[{"href":"http:\/\/www.pasadenahoy.com\/primero\/wp-json\/wp\/v2\/posts"}],"about":[{"href":"http:\/\/www.pasadenahoy.com\/primero\/wp-json\/wp\/v2\/types\/post"}],"author":[{"embeddable":true,"href":"http:\/\/www.pasadenahoy.com\/primero\/wp-json\/wp\/v2\/users\/4"}],"replies":[{"embeddable":true,"href":"http:\/\/www.pasadenahoy.com\/primero\/wp-json\/wp\/v2\/comments?post=16153"}],"version-history":[{"count":2,"href":"http:\/\/www.pasadenahoy.com\/primero\/wp-json\/wp\/v2\/posts\/16153\/revisions"}],"predecessor-version":[{"id":16156,"href":"http:\/\/www.pasadenahoy.com\/primero\/wp-json\/wp\/v2\/posts\/16153\/revisions\/16156"}],"wp:featuredmedia":[{"embeddable":true,"href":"http:\/\/www.pasadenahoy.com\/primero\/wp-json\/wp\/v2\/media\/16154"}],"wp:attachment":[{"href":"http:\/\/www.pasadenahoy.com\/primero\/wp-json\/wp\/v2\/media?parent=16153"}],"wp:term":[{"taxonomy":"category","embeddable":true,"href":"http:\/\/www.pasadenahoy.com\/primero\/wp-json\/wp\/v2\/categories?post=16153"},{"taxonomy":"post_tag","embeddable":true,"href":"http:\/\/www.pasadenahoy.com\/primero\/wp-json\/wp\/v2\/tags?post=16153"}],"curies":[{"name":"wp","href":"https:\/\/api.w.org\/{rel}","templated":true}]}}