{"id":16181,"date":"2022-04-29T15:15:18","date_gmt":"2022-04-29T15:15:18","guid":{"rendered":"http:\/\/www.pasadenahoy.com\/primero\/?p=16181"},"modified":"2022-04-29T15:15:32","modified_gmt":"2022-04-29T15:15:32","slug":"el-pcc-iniciara-oficialmente-la-construccion-del-reemplazo-del-edificio-armen-sarafian","status":"publish","type":"post","link":"http:\/\/www.pasadenahoy.com\/primero\/la-comunidad\/el-pcc-iniciara-oficialmente-la-construccion-del-reemplazo-del-edificio-armen-sarafian\/","title":{"rendered":"El PCC iniciar\u00e1 oficialmente la construcci\u00f3n del reemplazo del edificio Armen Sarafian"},"content":{"rendered":"\n<figure class=\"wp-block-image alignnone size-large\"><figure class=\"alignnone\"><img loading=\"lazy\" width=\"741\" height=\"400\" src=\"http:\/\/www.pasadenahoy.com\/primero\/wp-content\/uploads\/2022\/04\/pic-3-9.jpg\" alt=\"\" class=\"wp-image-16182\" srcset=\"http:\/\/www.pasadenahoy.com\/primero\/wp-content\/uploads\/2022\/04\/pic-3-9.jpg 741w, http:\/\/www.pasadenahoy.com\/primero\/wp-content\/uploads\/2022\/04\/pic-3-9-300x162.jpg 300w, http:\/\/www.pasadenahoy.com\/primero\/wp-content\/uploads\/2022\/04\/pic-3-9-241x130.jpg 241w, http:\/\/www.pasadenahoy.com\/primero\/wp-content\/uploads\/2022\/04\/pic-3-9-333x180.jpg 333w, http:\/\/www.pasadenahoy.com\/primero\/wp-content\/uploads\/2022\/04\/pic-3-9-700x378.jpg 700w, http:\/\/www.pasadenahoy.com\/primero\/wp-content\/uploads\/2022\/04\/pic-3-9-360x194.jpg 360w, http:\/\/www.pasadenahoy.com\/primero\/wp-content\/uploads\/2022\/04\/pic-3-9-720x389.jpg 720w\" sizes=\"100vw\" \/><\/figure><\/figure>\n\n\n\n<p>Pasadena City College inaugurar\u00e1 oficialmente la construcci\u00f3n de su nuevo edificio de ciencia y tecnolog\u00eda, el edificio Armen Sarafian, el viernes por la ma\u00f1ana con una ceremonia de celebraci\u00f3n.<\/p>\n\n\n\n<p>El nuevo edificio de 5 pisos y 104,000 pies cuadrados reemplazar\u00e1 una estructura anterior que se consider\u00f3 s\u00edsmicamente insegura en 2012.<\/p>\n\n\n\n<p>Armen Sarafian fue un ex presidente de PCC que muri\u00f3 en 1989. En un obituario, Los Angeles Times describi\u00f3 a Sarafian como un &#8220;maestro, administrador, presidente de la universidad, miembro de la Junta Estatal de Educaci\u00f3n, innovador en educaci\u00f3n&#8221;.<\/p>\n\n\n\n<p>El nuevo edificio albergar\u00e1 aulas y espacio de laboratorio para los programas de PCC en ciencias naturales y ciencias de la salud, as\u00ed como la oficina de Servicios de Salud Estudiantil.<\/p>\n\n\n\n<p>El proyecto representa el primer paso para que la universidad cumpla con la visi\u00f3n de su Plan Maestro de Instalaciones, que pretende realizar mejoras operativas y de infraestructura en el campus de Colorado de 49 acres de PCC y sus tres campus sat\u00e9lites en todo el Valle de San Fernando.<\/p>\n\n\n\n<p>La universidad estim\u00f3 que el edificio se completar\u00e1 en el oto\u00f1o de 2024.<\/p>\n","protected":false},"excerpt":{"rendered":"<p>Pasadena City College inaugurar\u00e1 oficialmente la construcci\u00f3n de su nuevo edificio de ciencia y tecnolog\u00eda, el edificio Armen Sarafian, el viernes por la ma\u00f1ana con una ceremonia de celebraci\u00f3n. El nuevo edificio de 5 pisos y 104,000 pies cuadrados reemplazar\u00e1 una estructura anterior que se consider\u00f3 s\u00edsmicamente insegura en 2012. Armen Sarafian fue un ex presidente de PCC que muri\u00f3 en 1989. En un obituario, Los Angeles Times describi\u00f3 a Sarafian como un &#8220;maestro, administrador, presidente de la universidad, miembro [&hellip;]<\/p>\n","protected":false},"author":4,"featured_media":16182,"comment_status":"open","ping_status":"closed","sticky":false,"template":"","format":"standard","meta":[],"categories":[4],"tags":[],"acf":[],"_links":{"self":[{"href":"http:\/\/www.pasadenahoy.com\/primero\/wp-json\/wp\/v2\/posts\/16181"}],"collection":[{"href":"http:\/\/www.pasadenahoy.com\/primero\/wp-json\/wp\/v2\/posts"}],"about":[{"href":"http:\/\/www.pasadenahoy.com\/primero\/wp-json\/wp\/v2\/types\/post"}],"author":[{"embeddable":true,"href":"http:\/\/www.pasadenahoy.com\/primero\/wp-json\/wp\/v2\/users\/4"}],"replies":[{"embeddable":true,"href":"http:\/\/www.pasadenahoy.com\/primero\/wp-json\/wp\/v2\/comments?post=16181"}],"version-history":[{"count":3,"href":"http:\/\/www.pasadenahoy.com\/primero\/wp-json\/wp\/v2\/posts\/16181\/revisions"}],"predecessor-version":[{"id":16185,"href":"http:\/\/www.pasadenahoy.com\/primero\/wp-json\/wp\/v2\/posts\/16181\/revisions\/16185"}],"wp:featuredmedia":[{"embeddable":true,"href":"http:\/\/www.pasadenahoy.com\/primero\/wp-json\/wp\/v2\/media\/16182"}],"wp:attachment":[{"href":"http:\/\/www.pasadenahoy.com\/primero\/wp-json\/wp\/v2\/media?parent=16181"}],"wp:term":[{"taxonomy":"category","embeddable":true,"href":"http:\/\/www.pasadenahoy.com\/primero\/wp-json\/wp\/v2\/categories?post=16181"},{"taxonomy":"post_tag","embeddable":true,"href":"http:\/\/www.pasadenahoy.com\/primero\/wp-json\/wp\/v2\/tags?post=16181"}],"curies":[{"name":"wp","href":"https:\/\/api.w.org\/{rel}","templated":true}]}}