{"id":16195,"date":"2022-04-29T15:30:31","date_gmt":"2022-04-29T15:30:31","guid":{"rendered":"http:\/\/www.pasadenahoy.com\/primero\/?p=16195"},"modified":"2022-04-29T15:36:44","modified_gmt":"2022-04-29T15:36:44","slug":"profesor-de-caltech-elegido-para-la-academia-estadounidense-de-las-artes-y-las-ciencias","status":"publish","type":"post","link":"http:\/\/www.pasadenahoy.com\/primero\/la-comunidad\/profesor-de-caltech-elegido-para-la-academia-estadounidense-de-las-artes-y-las-ciencias\/","title":{"rendered":"Profesor de Caltech elegido para la Academia Estadounidense de las Artes y las Ciencias"},"content":{"rendered":"\n<div class=\"wp-block-image alignright\"><figure class=\"alignright size-large\"><img loading=\"lazy\" width=\"300\" height=\"400\" src=\"http:\/\/www.pasadenahoy.com\/primero\/wp-content\/uploads\/2022\/04\/pic-6-6.jpg\" alt=\"\" class=\"wp-image-16196\" srcset=\"http:\/\/www.pasadenahoy.com\/primero\/wp-content\/uploads\/2022\/04\/pic-6-6.jpg 300w, http:\/\/www.pasadenahoy.com\/primero\/wp-content\/uploads\/2022\/04\/pic-6-6-225x300.jpg 225w, http:\/\/www.pasadenahoy.com\/primero\/wp-content\/uploads\/2022\/04\/pic-6-6-98x130.jpg 98w, http:\/\/www.pasadenahoy.com\/primero\/wp-content\/uploads\/2022\/04\/pic-6-6-135x180.jpg 135w\" sizes=\"100vw\" \/><figcaption><span class=\"caption-text\">steve mayo<\/span><\/figcaption><\/figure><\/div>\n\n\n\n<p><a href=\"https:\/\/www.bbe.caltech.edu\/people\/stephen-l-steve-mayo\">Stephen Mayo<\/a> (PhD &#8217;87), Profesor Bren de Biolog\u00eda y Qu\u00edmica y Profesor del Instituto Merkin, ha sido elegido miembro de la Academia Estadounidense de las Artes y las Ciencias, una de las sociedades honorarias m\u00e1s antiguas del pa\u00eds. Este a\u00f1o, se eligieron 261 nuevos miembros, incluidos cinco ex alumnos de Caltech: Rena Bizios (MS &#8217;71), Robert Calderbank (PhD &#8217;80), Karen Oegema (BS &#8217;89), Shannon Stahl (PhD &#8217;97) y Virginia Trimble ( Maestr\u00eda &#8217;65, Doctorado &#8217;68).<\/p>\n\n\n\n<p>Mayo ha sido miembro de la facultad de Caltech desde 1992 y se desempe\u00f1\u00f3 como vicerrector de investigaci\u00f3n de 2007 a 2010 y presidente de la Divisi\u00f3n de Biolog\u00eda e Ingenier\u00eda Biol\u00f3gica de 2010 a 2020. La investigaci\u00f3n de Mayo se centra en el desarrollo de enfoques computacionales para la ingenier\u00eda de prote\u00ednas, un campo que tiene amplias aplicaciones que van desde biocombustibles avanzados hasta terapias humanas. Fue elegido miembro de la Academia Nacional de Ciencias en 2004 por sus contribuciones pioneras en el campo del dise\u00f1o de prote\u00ednas y fue designado por el presidente Obama en marzo de 2013 para formar parte de la Junta Nacional de Ciencias.<\/p>\n\n\n\n<p>Mayo recibi\u00f3 su licenciatura en qu\u00edmica de la Universidad Estatal de Pensilvania en 1983 y su doctorado en qu\u00edmica de Caltech en 1987.<\/p>\n\n\n\n<p>Fundada en 1780, la academia tiene como objetivo servir a la naci\u00f3n mediante el cultivo de \u201ctodas las artes y ciencias que tiendan a promover el inter\u00e9s, el honor, la dignidad y la felicidad de un pueblo libre, independiente y virtuoso\u201d.<\/p>\n\n\n\n<p>Una lista completa de nuevos miembros est\u00e1 disponible en el sitio web de la academia.<\/p>\n\n\n\n<p>Los becarios recientes de Caltech incluyen a Jonas Peters (2021), profesor Bren de Qu\u00edmica en la Divisi\u00f3n de Qu\u00edmica e Ingenier\u00eda Qu\u00edmica y director del Instituto de Sostenibilidad Resnick; Dianne Newman (2021), Profesora Gordon M. Binder\/Amgen de Biolog\u00eda y Geobiolog\u00eda en la Divisi\u00f3n de Biolog\u00eda e Ingenier\u00eda Biol\u00f3gica y funcionaria ejecutiva de biolog\u00eda e ingenier\u00eda biol\u00f3gica; Li Lu (2020), fideicomisario de Caltech y fundador y presidente de Himalaya Capital; Victoria Orphan (2020), Profesora James Irvine de Ciencias Ambientales y Geobiolog\u00eda y directora del Centro de Interacciones Microbianas Ambientales (CEMI); y John Grotzinger (2019), profesor de geolog\u00eda de la c\u00e1tedra Fletcher Jones y presidente de liderazgo de Ted y Ginger Jenkins de la Divisi\u00f3n de Ciencias Geol\u00f3gicas y Planetarias.<\/p>\n\n\n\n<p>Puede encontrar una lista completa de los becarios Caltech AAAS<a href=\"https:\/\/www.caltech.edu\/about\/legacy\/awards-and-honors\/american-academy-arts-and-sciences-fellows\"> aqu\u00ed.<\/a><\/p>\n","protected":false},"excerpt":{"rendered":"<p>Stephen Mayo (PhD &#8217;87), Profesor Bren de Biolog\u00eda y Qu\u00edmica y Profesor del Instituto Merkin, ha sido elegido miembro de la Academia Estadounidense de las Artes y las Ciencias, una de las sociedades honorarias m\u00e1s antiguas del pa\u00eds. Este a\u00f1o, se eligieron 261 nuevos miembros, incluidos cinco ex alumnos de Caltech: Rena Bizios (MS &#8217;71), Robert Calderbank (PhD &#8217;80), Karen Oegema (BS &#8217;89), Shannon Stahl (PhD &#8217;97) y Virginia Trimble ( Maestr\u00eda &#8217;65, Doctorado &#8217;68). Mayo ha sido miembro de [&hellip;]<\/p>\n","protected":false},"author":4,"featured_media":0,"comment_status":"open","ping_status":"closed","sticky":false,"template":"","format":"standard","meta":[],"categories":[4],"tags":[],"acf":[],"_links":{"self":[{"href":"http:\/\/www.pasadenahoy.com\/primero\/wp-json\/wp\/v2\/posts\/16195"}],"collection":[{"href":"http:\/\/www.pasadenahoy.com\/primero\/wp-json\/wp\/v2\/posts"}],"about":[{"href":"http:\/\/www.pasadenahoy.com\/primero\/wp-json\/wp\/v2\/types\/post"}],"author":[{"embeddable":true,"href":"http:\/\/www.pasadenahoy.com\/primero\/wp-json\/wp\/v2\/users\/4"}],"replies":[{"embeddable":true,"href":"http:\/\/www.pasadenahoy.com\/primero\/wp-json\/wp\/v2\/comments?post=16195"}],"version-history":[{"count":3,"href":"http:\/\/www.pasadenahoy.com\/primero\/wp-json\/wp\/v2\/posts\/16195\/revisions"}],"predecessor-version":[{"id":16203,"href":"http:\/\/www.pasadenahoy.com\/primero\/wp-json\/wp\/v2\/posts\/16195\/revisions\/16203"}],"wp:attachment":[{"href":"http:\/\/www.pasadenahoy.com\/primero\/wp-json\/wp\/v2\/media?parent=16195"}],"wp:term":[{"taxonomy":"category","embeddable":true,"href":"http:\/\/www.pasadenahoy.com\/primero\/wp-json\/wp\/v2\/categories?post=16195"},{"taxonomy":"post_tag","embeddable":true,"href":"http:\/\/www.pasadenahoy.com\/primero\/wp-json\/wp\/v2\/tags?post=16195"}],"curies":[{"name":"wp","href":"https:\/\/api.w.org\/{rel}","templated":true}]}}