{"id":16204,"date":"2022-05-02T15:21:02","date_gmt":"2022-05-02T15:21:02","guid":{"rendered":"http:\/\/www.pasadenahoy.com\/primero\/?p=16204"},"modified":"2022-05-02T15:21:04","modified_gmt":"2022-05-02T15:21:04","slug":"el-comandante-jason-clawson-se-convierte-en-el-jefe-de-policia-de-la-ciudad","status":"publish","type":"post","link":"http:\/\/www.pasadenahoy.com\/primero\/la-comunidad\/el-comandante-jason-clawson-se-convierte-en-el-jefe-de-policia-de-la-ciudad\/","title":{"rendered":"El comandante Jason Clawson se convierte en el jefe de polic\u00eda de la ciudad"},"content":{"rendered":"\n<div class=\"wp-block-image alignright\"><figure class=\"alignright size-large\"><img loading=\"lazy\" width=\"367\" height=\"400\" src=\"http:\/\/www.pasadenahoy.com\/primero\/wp-content\/uploads\/2022\/05\/pic-1.png\" alt=\"\" class=\"wp-image-16205\" srcset=\"http:\/\/www.pasadenahoy.com\/primero\/wp-content\/uploads\/2022\/05\/pic-1.png 367w, http:\/\/www.pasadenahoy.com\/primero\/wp-content\/uploads\/2022\/05\/pic-1-275x300.png 275w, http:\/\/www.pasadenahoy.com\/primero\/wp-content\/uploads\/2022\/05\/pic-1-119x130.png 119w, http:\/\/www.pasadenahoy.com\/primero\/wp-content\/uploads\/2022\/05\/pic-1-165x180.png 165w, http:\/\/www.pasadenahoy.com\/primero\/wp-content\/uploads\/2022\/05\/pic-1-360x392.png 360w\" sizes=\"100vw\" \/><figcaption><span class=\"caption-text\">Jefe de polic\u00eda interino Jason Clawson<\/span><\/figcaption><\/figure><\/div>\n\n\n\n<p>El comandante de la polic\u00eda de Pasadena, Jason Clawson, se convirti\u00f3 el lunes en el jefe de polic\u00eda de la ciudad.<\/p>\n\n\n\n<p>\u201cMe siento honrado, pero humilde, de comenzar este viaje como Jefe de Polic\u00eda interino de la gran ciudad de Pasadena\u201d, dijo Clawson a Pasadena Now.<\/p>\n\n\n\n<p>\u201cMe gustar\u00eda agradecer a la jefa Cheryl Moody por sus tres d\u00e9cadas en la aplicaci\u00f3n de la ley, sus logros y los caminos que ha allanado para que todos sigan. Muchos aplausos para ella por una larga y exitosa carrera. A medida que avanzamos, nuestros objetivos departamentales siguen siendo contempor\u00e1neos a medida que continuamos enfoc\u00e1ndonos en reducir el crimen, mantener el orden, brindar esperanza y calmar los temores. Esto se puede hacer a trav\u00e9s de una comunicaci\u00f3n estrat\u00e9gica, aplicando la l\u00f3gica, algo de sentido com\u00fan y una verdadera preocupaci\u00f3n por las personas. Necesitamos conectarnos m\u00e1s profundamente en la comunidad y construir vecindarios m\u00e1s seguros a trav\u00e9s de asociaciones colaborativas con organizaciones comunitarias. Uno de mis objetivos personales es esforzarme por mantener mi empat\u00eda a medida que avanzamos colectivamente en el departamento hacia el futuro, en una ciudad y una comunidad que todos amamos\u201d.<\/p>\n\n\n\n<p>Clawson, quien tiene 30 a\u00f1os de experiencia en el departamento, planea dirigirse al departamento el lunes.<\/p>\n\n\n\n<p>Bajo el exjefe John P\u00e9rez, se desempe\u00f1\u00f3 como oficial de informaci\u00f3n de prensa del departamento, donde dirigi\u00f3 y coordin\u00f3 las actividades dentro de la oficina del jefe de polic\u00eda, incluidas auditor\u00edas e inspecciones y la revisi\u00f3n continua de pol\u00edticas y procedimientos.<\/p>\n\n\n\n<p>P\u00e9rez se retir\u00f3 a principios de este a\u00f1o y se espera que la ciudad pronto publique el puesto. Sin embargo, el puesto no se cubrir\u00e1 hasta que el Concejo Municipal elija al pr\u00f3ximo Administrador de la Ciudad. A su vez, el Administrador de la Ciudad seleccionar\u00e1 al pr\u00f3ximo jefe de polic\u00eda.<\/p>\n\n\n\n<p>Si ambos candidatos son elegidos fuera de Pasadena, ser\u00e1 la primera vez que un administrador de la ciudad de afuera elige a un jefe de polic\u00eda externo desde 2010 cuando Michael Beck, que vino de Claremont, eligi\u00f3 al subjefe de polic\u00eda de Santa M\u00f3nica, Phillip Sanchez.<\/p>\n\n\n\n<p>Se espera que el Concejo Municipal comience a entrevistar a los candidatos a Gerente Municipal en junio. Clawson ocupar\u00e1 el cargo hasta que se elija al pr\u00f3ximo jefe.<\/p>\n\n\n\n<p>El a\u00f1o pasado, la administradora de la ciudad, Cynthia Kurtz, anunci\u00f3 que Clawson y la jefa adjunta Cheryl Moody rotar\u00edan para ocupar el puesto de jefa interina. Moody sirvi\u00f3 desde enero hasta la semana pasada.<\/p>\n\n\n\n<p>Clawson se desempe\u00f1\u00f3 como Director de Proyecto de una subvenci\u00f3n de $2.5 millones de d\u00f3lares de la Oficina de Correcciones Estatales y Comunitarias que se enfoca en los esfuerzos de reintegraci\u00f3n de miembros de la comunidad previamente encarcelados que regresan a la sociedad. Particip\u00f3 en el desarrollo de metas, objetivos e indicadores clave de desempe\u00f1o para las funciones divisionales asignadas, as\u00ed como en el desarrollo y la administraci\u00f3n de los presupuestos divisionales, para incluir iniciativas de salud mental y personas sin hogar, adquisici\u00f3n de tecnolog\u00eda e investigaciones.<\/p>\n\n\n\n<p>Clawson es un veterano de la Marina de los EE. UU. y tiene 30 a\u00f1os de experiencia en operaciones policiales municipales, trabajando en muchos rangos en varias divisiones que incluyen operaciones de patrulla e investigaciones.<\/p>\n\n\n\n<p>Tambi\u00e9n dirigi\u00f3 una Fuerza de Trabajo de Calles Seguras mientras estaba asignado como Supervisor de la Fuerza de Trabajo en la Oficina Federal de Investigaciones, enfoc\u00e1ndose en el problema de las pandillas transnacionales. Clawson ha coordinado las operaciones del Equipo de Respuesta a Incidentes Cr\u00edticos y Ayuda Mutua jurisdiccional, y se ha centrado en ubicaciones problem\u00e1ticas a trav\u00e9s de esfuerzos de vigilancia comunitaria en zonas de alta criminalidad.<\/p>\n","protected":false},"excerpt":{"rendered":"<p>El comandante de la polic\u00eda de Pasadena, Jason Clawson, se convirti\u00f3 el lunes en el jefe de polic\u00eda de la ciudad. \u201cMe siento honrado, pero humilde, de comenzar este viaje como Jefe de Polic\u00eda interino de la gran ciudad de Pasadena\u201d, dijo Clawson a Pasadena Now. \u201cMe gustar\u00eda agradecer a la jefa Cheryl Moody por sus tres d\u00e9cadas en la aplicaci\u00f3n de la ley, sus logros y los caminos que ha allanado para que todos sigan. Muchos aplausos para ella [&hellip;]<\/p>\n","protected":false},"author":4,"featured_media":16205,"comment_status":"open","ping_status":"closed","sticky":false,"template":"","format":"standard","meta":[],"categories":[4],"tags":[],"acf":[],"_links":{"self":[{"href":"http:\/\/www.pasadenahoy.com\/primero\/wp-json\/wp\/v2\/posts\/16204"}],"collection":[{"href":"http:\/\/www.pasadenahoy.com\/primero\/wp-json\/wp\/v2\/posts"}],"about":[{"href":"http:\/\/www.pasadenahoy.com\/primero\/wp-json\/wp\/v2\/types\/post"}],"author":[{"embeddable":true,"href":"http:\/\/www.pasadenahoy.com\/primero\/wp-json\/wp\/v2\/users\/4"}],"replies":[{"embeddable":true,"href":"http:\/\/www.pasadenahoy.com\/primero\/wp-json\/wp\/v2\/comments?post=16204"}],"version-history":[{"count":2,"href":"http:\/\/www.pasadenahoy.com\/primero\/wp-json\/wp\/v2\/posts\/16204\/revisions"}],"predecessor-version":[{"id":16207,"href":"http:\/\/www.pasadenahoy.com\/primero\/wp-json\/wp\/v2\/posts\/16204\/revisions\/16207"}],"wp:featuredmedia":[{"embeddable":true,"href":"http:\/\/www.pasadenahoy.com\/primero\/wp-json\/wp\/v2\/media\/16205"}],"wp:attachment":[{"href":"http:\/\/www.pasadenahoy.com\/primero\/wp-json\/wp\/v2\/media?parent=16204"}],"wp:term":[{"taxonomy":"category","embeddable":true,"href":"http:\/\/www.pasadenahoy.com\/primero\/wp-json\/wp\/v2\/categories?post=16204"},{"taxonomy":"post_tag","embeddable":true,"href":"http:\/\/www.pasadenahoy.com\/primero\/wp-json\/wp\/v2\/tags?post=16204"}],"curies":[{"name":"wp","href":"https:\/\/api.w.org\/{rel}","templated":true}]}}