{"id":16208,"date":"2022-05-02T15:26:09","date_gmt":"2022-05-02T15:26:09","guid":{"rendered":"http:\/\/www.pasadenahoy.com\/primero\/?p=16208"},"modified":"2022-05-02T15:26:10","modified_gmt":"2022-05-02T15:26:10","slug":"las-audiencias-publicas-comenzaran-el-lunes-sobre-el-presupuesto-operativo-de-la-ciudad","status":"publish","type":"post","link":"http:\/\/www.pasadenahoy.com\/primero\/el-gobierno-local\/las-audiencias-publicas-comenzaran-el-lunes-sobre-el-presupuesto-operativo-de-la-ciudad\/","title":{"rendered":"Las audiencias p\u00fablicas comenzar\u00e1n el lunes sobre el presupuesto operativo de la ciudad"},"content":{"rendered":"\n<figure class=\"wp-block-image alignnone size-large\"><figure class=\"alignnone\"><img loading=\"lazy\" width=\"740\" height=\"400\" src=\"http:\/\/www.pasadenahoy.com\/primero\/wp-content\/uploads\/2022\/05\/pic-2.jpg\" alt=\"\" class=\"wp-image-16209\" srcset=\"http:\/\/www.pasadenahoy.com\/primero\/wp-content\/uploads\/2022\/05\/pic-2.jpg 740w, http:\/\/www.pasadenahoy.com\/primero\/wp-content\/uploads\/2022\/05\/pic-2-300x162.jpg 300w, http:\/\/www.pasadenahoy.com\/primero\/wp-content\/uploads\/2022\/05\/pic-2-241x130.jpg 241w, http:\/\/www.pasadenahoy.com\/primero\/wp-content\/uploads\/2022\/05\/pic-2-333x180.jpg 333w, http:\/\/www.pasadenahoy.com\/primero\/wp-content\/uploads\/2022\/05\/pic-2-700x378.jpg 700w, http:\/\/www.pasadenahoy.com\/primero\/wp-content\/uploads\/2022\/05\/pic-2-360x195.jpg 360w, http:\/\/www.pasadenahoy.com\/primero\/wp-content\/uploads\/2022\/05\/pic-2-720x389.jpg 720w\" sizes=\"100vw\" \/><\/figure><\/figure>\n\n\n\n<p>Se espera que el Concejo Municipal abra el lunes una serie de audiencias p\u00fablicas en curso sobre el presupuesto operativo de la ciudad, que continuar\u00e1 hasta el 13 de junio, justo antes del inicio del a\u00f1o fiscal el 1 de julio.<\/p>\n\n\n\n<p>El presupuesto operativo propuesto, incluidas las agencias afiliadas a la ciudad y los Proyectos de mejora de capital de la ciudad, alcanza un m\u00e1ximo de $ 955,3 millones.<\/p>\n\n\n\n<p>El presupuesto operativo recomendado para el a\u00f1o fiscal 2023 incluye $295,5 millones en asignaciones del fondo general.<\/p>\n\n\n\n<p>\u201cEl estatuto de la ciudad de Pasadena Charter, Secci\u00f3n 902, requiere que el tercer lunes de mayo o antes, el Administrador de la Ciudad presente al Concejo Municipal un presupuesto operativo anual para el a\u00f1o fiscal siguiente\u201d, seg\u00fan un informe del personal de la ciudad.<\/p>\n\n\n\n<p>Los presupuestos del a\u00f1o fiscal 2021 y 2022 se mantuvieron relativamente estables con la expectativa de que los departamentos necesitar\u00edan mantener el control de los gastos y costos de personal. El a\u00f1o fiscal 2023 se considera algo as\u00ed como un reinicio.<\/p>\n\n\n\n<p>La ciudad tampoco contribuir\u00e1 a Rose Bowl Operating Company (RBOC) este a\u00f1o fiscal debido en gran parte a una subvenci\u00f3n de $ 10 millones para lugares cerrados y un pron\u00f3stico futuro ligeramente mejor.<\/p>\n\n\n\n<p>En una carta al Concejo Municipal presentando el presupuesto, la administradora de la ciudad, Cynthia Kurtz, dijo que el presupuesto se ha desarrollado con la expectativa de que los programas, servicios y eventos contin\u00faen en una trayectoria de recuperaci\u00f3n con las fuentes de ingresos relacionadas que tambi\u00e9n buscan mejorar.<\/p>\n\n\n\n<p>\u201cSer\u00eda ingenuo sugerir que todo ha vuelto a la normalidad\u201d, escribi\u00f3 Kurtz. \u201cPero desde una perspectiva presupuestaria y operativa, el desarrollo de este presupuesto incluye la expectativa de que debemos planificar una nueva l\u00ednea de base al restablecer los pron\u00f3sticos de ingresos y gastos con las realidades actuales\u201d.<\/p>\n\n\n\n<p>Seg\u00fan Kurtz, la ciudad us\u00f3 aproximadamente $21,7 millones en fondos de la Ley del Plan de Rescate Estadounidense (American Rescue Plan Act, ARPA) en el a\u00f1o fiscal 2022 para reemplazar la p\u00e9rdida de ingresos y aprob\u00f3 otros $4,6 millones para apoyar varios esfuerzos de respuesta directa al COVID-19, vivienda y salud p\u00fablica.<\/p>\n\n\n\n<p>En el presupuesto operativo recomendado para el a\u00f1o fiscal 2023 se incluye la asignaci\u00f3n adicional de $3,8 millones de fondos APRA para proyectos clave en la ciudad, incluidos $3 millones para el Departamento de Vivienda para la futura adquisici\u00f3n de viviendas asequibles.<\/p>\n\n\n\n<p>Se utilizar\u00e1n $500,000 adicionales para completar una encuesta de recursos hist\u00f3ricos.<\/p>\n\n\n\n<p>Kurtz escribi\u00f3 que $250,000 para implementar un programa de seguridad vial enfocado en la concientizaci\u00f3n de conductores y peatones a la luz de las recientes muertes de peatones.<\/p>\n\n\n\n<p>\u201cEste financiamiento proporcionar\u00e1 una campa\u00f1a de un a\u00f1o que incluye tres o cuatro mensajes y campa\u00f1as distintos dirigidos a audiencias \u00fanicas en funci\u00f3n de los datos que la Ciudad ha recopilado para aumentar la conciencia y la educaci\u00f3n sobre la seguridad vial. Esto incluye mensajes multimedia a trav\u00e9s de las redes sociales, marquesinas de autobuses, eventos en persona y otras actividades de divulgaci\u00f3n espec\u00edficas\u201d.<\/p>\n\n\n\n<p>Luego de la adopci\u00f3n del presupuesto para el a\u00f1o fiscal 2023 y la colocaci\u00f3n del administrador municipal permanente, se desarrollar\u00e1 un proceso para futuras recomendaciones sobre c\u00f3mo asignar los aproximadamente $22,0 millones de fondos ARPA restantes.<\/p>\n\n\n\n<p>La ciudad tambi\u00e9n gastar\u00e1 $141,000 para mejorar las iniciativas de reclutamiento del \u00e1rea local del Departamento de Bomberos de Pasadena a trav\u00e9s de un programa de pasant\u00edas param\u00e9dicos.<\/p>\n\n\n\n<p>Se gastar\u00e1n $224,000 en financiamiento continuo para el Equipo de Respuesta de Extensi\u00f3n de Pasadena (PORT). El programa administrado por el Departamento de Salud P\u00fablica de Pasadena (PPHD) est\u00e1 respaldado por una subvenci\u00f3n que finaliza en septiembre de 2022.<\/p>\n\n\n\n<p>El equipo brinda apoyo y defensa en el campo para personas sin hogar que viven con condiciones de salud cr\u00f3nicas, experimentan problemas de salud mental y\/o uso de sustancias.<\/p>\n\n\n\n<p>El equipo est\u00e1 compuesto por un bombero, un trabajador social\/administrador de casos de PPHD y un navegador de recursos de vivienda de Union Station Homeless Services. PORT utiliza un enfoque proactivo para generar confianza a lo largo del tiempo con los participantes que le permite al equipo facilitar las conexiones con los servicios necesarios que incluyen vivienda estable.<\/p>\n\n\n\n<p>\u201cBajo el liderazgo del Alcalde y el Concejo Municipal y con una gesti\u00f3n financiera prudente, la Ciudad de Pasadena ha abordado con \u00e9xito los desaf\u00edos \u00fanicos que ha enfrentado en los \u00faltimos dos a\u00f1os y medio sin reducir la calidad de los servicios brindados a la comunidad. \u201d seg\u00fan Kurtz. \u201cEl presupuesto operativo recomendado para el a\u00f1o fiscal 2023 promueve la misi\u00f3n de la Ciudad de brindar servicios municipales ejemplares que respondan a toda nuestra comunidad y sean consistentes con nuestra historia, cultura y car\u00e1cter \u00fanico\u201d.<\/p>\n","protected":false},"excerpt":{"rendered":"<p>Se espera que el Concejo Municipal abra el lunes una serie de audiencias p\u00fablicas en curso sobre el presupuesto operativo de la ciudad, que continuar\u00e1 hasta el 13 de junio, justo antes del inicio del a\u00f1o fiscal el 1 de julio. El presupuesto operativo propuesto, incluidas las agencias afiliadas a la ciudad y los Proyectos de mejora de capital de la ciudad, alcanza un m\u00e1ximo de $ 955,3 millones. El presupuesto operativo recomendado para el a\u00f1o fiscal 2023 incluye $295,5 [&hellip;]<\/p>\n","protected":false},"author":4,"featured_media":16209,"comment_status":"open","ping_status":"closed","sticky":false,"template":"","format":"standard","meta":[],"categories":[6],"tags":[],"acf":[],"_links":{"self":[{"href":"http:\/\/www.pasadenahoy.com\/primero\/wp-json\/wp\/v2\/posts\/16208"}],"collection":[{"href":"http:\/\/www.pasadenahoy.com\/primero\/wp-json\/wp\/v2\/posts"}],"about":[{"href":"http:\/\/www.pasadenahoy.com\/primero\/wp-json\/wp\/v2\/types\/post"}],"author":[{"embeddable":true,"href":"http:\/\/www.pasadenahoy.com\/primero\/wp-json\/wp\/v2\/users\/4"}],"replies":[{"embeddable":true,"href":"http:\/\/www.pasadenahoy.com\/primero\/wp-json\/wp\/v2\/comments?post=16208"}],"version-history":[{"count":2,"href":"http:\/\/www.pasadenahoy.com\/primero\/wp-json\/wp\/v2\/posts\/16208\/revisions"}],"predecessor-version":[{"id":16211,"href":"http:\/\/www.pasadenahoy.com\/primero\/wp-json\/wp\/v2\/posts\/16208\/revisions\/16211"}],"wp:featuredmedia":[{"embeddable":true,"href":"http:\/\/www.pasadenahoy.com\/primero\/wp-json\/wp\/v2\/media\/16209"}],"wp:attachment":[{"href":"http:\/\/www.pasadenahoy.com\/primero\/wp-json\/wp\/v2\/media?parent=16208"}],"wp:term":[{"taxonomy":"category","embeddable":true,"href":"http:\/\/www.pasadenahoy.com\/primero\/wp-json\/wp\/v2\/categories?post=16208"},{"taxonomy":"post_tag","embeddable":true,"href":"http:\/\/www.pasadenahoy.com\/primero\/wp-json\/wp\/v2\/tags?post=16208"}],"curies":[{"name":"wp","href":"https:\/\/api.w.org\/{rel}","templated":true}]}}