{"id":16212,"date":"2022-05-02T15:30:37","date_gmt":"2022-05-02T15:30:37","guid":{"rendered":"http:\/\/www.pasadenahoy.com\/primero\/?p=16212"},"modified":"2022-05-02T15:30:38","modified_gmt":"2022-05-02T15:30:38","slug":"el-acuerdo-del-talon-710-se-presentara-ante-el-concejo-municipal-el-lunes","status":"publish","type":"post","link":"http:\/\/www.pasadenahoy.com\/primero\/el-gobierno-local\/el-acuerdo-del-talon-710-se-presentara-ante-el-concejo-municipal-el-lunes\/","title":{"rendered":"El acuerdo del tal\u00f3n 710 se presentar\u00e1 ante el Concejo Municipal el lunes"},"content":{"rendered":"\n<figure class=\"wp-block-image alignnone size-large\"><figure class=\"alignnone\"><img loading=\"lazy\" width=\"740\" height=\"400\" src=\"http:\/\/www.pasadenahoy.com\/primero\/wp-content\/uploads\/2022\/05\/pic3.jpg\" alt=\"\" class=\"wp-image-16213\" srcset=\"http:\/\/www.pasadenahoy.com\/primero\/wp-content\/uploads\/2022\/05\/pic3.jpg 740w, http:\/\/www.pasadenahoy.com\/primero\/wp-content\/uploads\/2022\/05\/pic3-300x162.jpg 300w, http:\/\/www.pasadenahoy.com\/primero\/wp-content\/uploads\/2022\/05\/pic3-241x130.jpg 241w, http:\/\/www.pasadenahoy.com\/primero\/wp-content\/uploads\/2022\/05\/pic3-333x180.jpg 333w, http:\/\/www.pasadenahoy.com\/primero\/wp-content\/uploads\/2022\/05\/pic3-700x378.jpg 700w, http:\/\/www.pasadenahoy.com\/primero\/wp-content\/uploads\/2022\/05\/pic3-360x195.jpg 360w, http:\/\/www.pasadenahoy.com\/primero\/wp-content\/uploads\/2022\/05\/pic3-720x389.jpg 720w\" sizes=\"100vw\" \/><\/figure><\/figure>\n\n\n\n<p>El Concejo Municipal podr\u00eda aprobar un acuerdo para el trozo de la Autopista 710 en la reuni\u00f3n del Concejo Municipal del lunes.<\/p>\n\n\n\n<p>Seg\u00fan un informe del personal de la ciudad, Caltrans propone ceder la ruta estatal (SR) 710 entre Union Street y Columbia Street a la ciudad de Pasadena, incluidos nueve sem\u00e1foros y cuatro puentes de cruce.<\/p>\n\n\n\n<p>Hace m\u00e1s de 50 a\u00f1os, Caltrans se apoder\u00f3 de cientos de casas en el suroeste de Pasadena, la ciudad de South Pasadena y el vecindario de El Sereno en Los \u00c1ngeles a trav\u00e9s del dominio eminente en lo que finalmente se convirti\u00f3 en un esfuerzo fallido para conectar las autopistas Long Beach 710 y Foothill 210.<\/p>\n\n\n\n<p>Caltrans demoli\u00f3 docenas de casas propiedad de afroamericanos en el oeste de Pasadena para el proyecto.<\/p>\n\n\n\n<p>Seg\u00fan la Radio P\u00fablica Nacional, la Ley de Carreteras de Ayuda Federal de 1956 enrut\u00f3 algunas carreteras directamente a trav\u00e9s de las comunidades negras y latinas y, como Caltrans, tom\u00f3 las casas de las familias a trav\u00e9s del dominio eminente.<\/p>\n\n\n\n<p>La agencia estatal de tr\u00e1nsito ocup\u00f3 el terreno durante a\u00f1os y, durante la \u00faltima d\u00e9cada, el ramal 710, a solo unas pocas millas de Old Pasadena, sirvi\u00f3 como poco m\u00e1s que un punto de entrega para los conductores que se dirig\u00edan al sur y una cantera de roca para Caltrans.<\/p>\n\n\n\n<p>El concejal John Kennedy habl\u00f3 con Pasadena Now sobre los impactos en el vecindario negro en 2020.<\/p>\n\n\n\n<p>\u201cTiene que haber una manera no solo de mejorar, sino de pagar por esas injusticias pasadas\u201d, dijo. \u201cY de qu\u00e9 manera mejor ser\u00eda si pudi\u00e9ramos proporcionar viviendas muy necesarias en los niveles de ingresos extremadamente bajos, muy bajos y bajos, mezcladas con una gran cantidad de otros tipos de viviendas en un nivel superior para abordar esos males pasados \u200b\u200b\u200b\u200by malas decisiones pol\u00edticas. de la ciudad de Pasadena. Eso ser\u00eda extraordinario.<\/p>\n\n\n\n<p>Adem\u00e1s, la ciudad necesita con urgencia viviendas para personas de bajos ingresos, dijo.<\/p>\n\n\n\n<p>Ya se ha completado un an\u00e1lisis de viabilidad t\u00e9cnica y un an\u00e1lisis de tr\u00e1fico complementario.<\/p>\n\n\n\n<p>\u201cUna vez que esta carretera sea cedida a la Ciudad, la Ciudad asumir\u00e1 la propiedad, la responsabilidad, el mantenimiento y el control total del \u00e1rea 710 cedida\u201d, seg\u00fan un informe del personal de la ciudad.<\/p>\n\n\n\n<p>Luego de que el Estado cediera a la Ciudad el \u00e1rea norte de la ruta SR 710, el personal dijo que se llevar\u00e1 a cabo una divulgaci\u00f3n p\u00fablica \u201cpara volver a trabajar la ruta en el tejido de la ciudad\u201d.<\/p>\n\n\n\n<p>Se prev\u00e9 que este esfuerzo para dise\u00f1ar el futuro uso de la tierra, la red de transporte y la red de infraestructura de servicios p\u00fablicos necesarios para volver a conectar Pasadena comience en 2022, seg\u00fan el informe del personal.<\/p>\n","protected":false},"excerpt":{"rendered":"<p>El Concejo Municipal podr\u00eda aprobar un acuerdo para el trozo de la Autopista 710 en la reuni\u00f3n del Concejo Municipal del lunes. Seg\u00fan un informe del personal de la ciudad, Caltrans propone ceder la ruta estatal (SR) 710 entre Union Street y Columbia Street a la ciudad de Pasadena, incluidos nueve sem\u00e1foros y cuatro puentes de cruce. Hace m\u00e1s de 50 a\u00f1os, Caltrans se apoder\u00f3 de cientos de casas en el suroeste de Pasadena, la ciudad de South Pasadena y [&hellip;]<\/p>\n","protected":false},"author":4,"featured_media":16213,"comment_status":"open","ping_status":"closed","sticky":false,"template":"","format":"standard","meta":[],"categories":[6],"tags":[],"acf":[],"_links":{"self":[{"href":"http:\/\/www.pasadenahoy.com\/primero\/wp-json\/wp\/v2\/posts\/16212"}],"collection":[{"href":"http:\/\/www.pasadenahoy.com\/primero\/wp-json\/wp\/v2\/posts"}],"about":[{"href":"http:\/\/www.pasadenahoy.com\/primero\/wp-json\/wp\/v2\/types\/post"}],"author":[{"embeddable":true,"href":"http:\/\/www.pasadenahoy.com\/primero\/wp-json\/wp\/v2\/users\/4"}],"replies":[{"embeddable":true,"href":"http:\/\/www.pasadenahoy.com\/primero\/wp-json\/wp\/v2\/comments?post=16212"}],"version-history":[{"count":2,"href":"http:\/\/www.pasadenahoy.com\/primero\/wp-json\/wp\/v2\/posts\/16212\/revisions"}],"predecessor-version":[{"id":16215,"href":"http:\/\/www.pasadenahoy.com\/primero\/wp-json\/wp\/v2\/posts\/16212\/revisions\/16215"}],"wp:featuredmedia":[{"embeddable":true,"href":"http:\/\/www.pasadenahoy.com\/primero\/wp-json\/wp\/v2\/media\/16213"}],"wp:attachment":[{"href":"http:\/\/www.pasadenahoy.com\/primero\/wp-json\/wp\/v2\/media?parent=16212"}],"wp:term":[{"taxonomy":"category","embeddable":true,"href":"http:\/\/www.pasadenahoy.com\/primero\/wp-json\/wp\/v2\/categories?post=16212"},{"taxonomy":"post_tag","embeddable":true,"href":"http:\/\/www.pasadenahoy.com\/primero\/wp-json\/wp\/v2\/tags?post=16212"}],"curies":[{"name":"wp","href":"https:\/\/api.w.org\/{rel}","templated":true}]}}