{"id":16224,"date":"2022-05-02T15:44:34","date_gmt":"2022-05-02T15:44:34","guid":{"rendered":"http:\/\/www.pasadenahoy.com\/primero\/?p=16224"},"modified":"2022-05-02T15:44:35","modified_gmt":"2022-05-02T15:44:35","slug":"el-patio-del-ayuntamiento-podria-llevar-el-nombre-del-ex-alcalde-bogaard-esposa","status":"publish","type":"post","link":"http:\/\/www.pasadenahoy.com\/primero\/la-comunidad\/el-patio-del-ayuntamiento-podria-llevar-el-nombre-del-ex-alcalde-bogaard-esposa\/","title":{"rendered":"El patio del ayuntamiento podr\u00eda llevar el nombre del ex alcalde Bogaard, esposa"},"content":{"rendered":"\n<figure class=\"wp-block-image alignnone size-large\"><figure class=\"alignnone\"><img loading=\"lazy\" width=\"740\" height=\"400\" src=\"http:\/\/www.pasadenahoy.com\/primero\/wp-content\/uploads\/2022\/05\/pic-6.jpg\" alt=\"\" class=\"wp-image-16225\" srcset=\"http:\/\/www.pasadenahoy.com\/primero\/wp-content\/uploads\/2022\/05\/pic-6.jpg 740w, http:\/\/www.pasadenahoy.com\/primero\/wp-content\/uploads\/2022\/05\/pic-6-300x162.jpg 300w, http:\/\/www.pasadenahoy.com\/primero\/wp-content\/uploads\/2022\/05\/pic-6-241x130.jpg 241w, http:\/\/www.pasadenahoy.com\/primero\/wp-content\/uploads\/2022\/05\/pic-6-333x180.jpg 333w, http:\/\/www.pasadenahoy.com\/primero\/wp-content\/uploads\/2022\/05\/pic-6-700x378.jpg 700w, http:\/\/www.pasadenahoy.com\/primero\/wp-content\/uploads\/2022\/05\/pic-6-360x195.jpg 360w, http:\/\/www.pasadenahoy.com\/primero\/wp-content\/uploads\/2022\/05\/pic-6-720x389.jpg 720w\" sizes=\"100vw\" \/><\/figure><\/figure>\n\n\n\n<p>El Concejo Municipal considerar\u00e1 nombrar el patio del Ayuntamiento en honor al ex alcalde Bill Bogaard y su esposa Claire.<\/p>\n\n\n\n<p>En 1999, Bogaard se convirti\u00f3 en el primer alcalde electo de la ciudad en los tiempos modernos y ocup\u00f3 ese cargo hasta 2015.<\/p>\n\n\n\n<p>Anteriormente, se desempe\u00f1\u00f3 en la Junta Directiva de Pasadena de 1978 a 1986, tiempo durante el cual se desempe\u00f1\u00f3 como alcalde rotatorio de 1984 a 1986.<\/p>\n\n\n\n<p>Bogaard contin\u00faa apoyando a la comunidad desde que dej\u00f3 el cargo a trav\u00e9s de una serie de nombramientos en juntas asesoras, grupos de trabajo y organizaciones sin fines de lucro.<\/p>\n\n\n\n<p>\u201cDurante su mandato, la ciudad marc\u00f3 el comienzo de la llegada del Sistema de Tr\u00e1nsito del Tren Ligero Gold Line, realiz\u00f3 una nueva inversi\u00f3n significativa en viviendas, complet\u00f3 la construcci\u00f3n del nuevo centro de convenciones e invirti\u00f3 cientos de millones de d\u00f3lares en los vecindarios de la ciudad para crear mejores carreteras, puentes, escuelas, parques y servicios de la ciudad que enriquecieron la vida de los habitantes de Pasadena\u201d, seg\u00fan un informe del personal de la ciudad.<\/p>\n\n\n\n<p>Claire Bogaard dej\u00f3 su propia huella en la ciudad a trav\u00e9s de su pasi\u00f3n por la preservaci\u00f3n hist\u00f3rica.<\/p>\n\n\n\n<p>Miembro fundador de Pasadena Heritage, una asociaci\u00f3n de preservaci\u00f3n hist\u00f3rica basada en la comunidad, ella y sus colegas fueron fundamentales para preservar el centro hist\u00f3rico de Pasadena en un momento en que se contemplaba demolerlo y reemplazarlo con un desarrollo de gran altura.<\/p>\n\n\n\n<p>Tambi\u00e9n form\u00f3 parte de la junta de la asociaci\u00f3n de vecinos m\u00e1s antigua y m\u00e1s grande de la ciudad, la Asociaci\u00f3n de Residentes de West Pasadena, adem\u00e1s de actuar como asesora del Fideicomiso Nacional de Preservaci\u00f3n Hist\u00f3rica, la Comisi\u00f3n Hist\u00f3rica del Estado de California y otras comisiones y comit\u00e9s asesores de la ciudad, incluidos el Comit\u00e9 para la Restauraci\u00f3n del Ayuntamiento de Pasadena.<\/p>\n\n\n\n<p>Los Bogaard se mudaron a Pasadena a principios de la d\u00e9cada de 1970. Poco despu\u00e9s de su llegada a la ciudad, Bill lanz\u00f3 una oferta exitosa para representar al Distrito 6 de la ciudad en la Junta Directiva de Pasadena, que finalmente pas\u00f3 a llamarse Concejo Municipal.<\/p>\n","protected":false},"excerpt":{"rendered":"<p>El Concejo Municipal considerar\u00e1 nombrar el patio del Ayuntamiento en honor al ex alcalde Bill Bogaard y su esposa Claire. En 1999, Bogaard se convirti\u00f3 en el primer alcalde electo de la ciudad en los tiempos modernos y ocup\u00f3 ese cargo hasta 2015. Anteriormente, se desempe\u00f1\u00f3 en la Junta Directiva de Pasadena de 1978 a 1986, tiempo durante el cual se desempe\u00f1\u00f3 como alcalde rotatorio de 1984 a 1986. Bogaard contin\u00faa apoyando a la comunidad desde que dej\u00f3 el cargo [&hellip;]<\/p>\n","protected":false},"author":4,"featured_media":0,"comment_status":"open","ping_status":"closed","sticky":false,"template":"","format":"standard","meta":[],"categories":[4],"tags":[],"acf":[],"_links":{"self":[{"href":"http:\/\/www.pasadenahoy.com\/primero\/wp-json\/wp\/v2\/posts\/16224"}],"collection":[{"href":"http:\/\/www.pasadenahoy.com\/primero\/wp-json\/wp\/v2\/posts"}],"about":[{"href":"http:\/\/www.pasadenahoy.com\/primero\/wp-json\/wp\/v2\/types\/post"}],"author":[{"embeddable":true,"href":"http:\/\/www.pasadenahoy.com\/primero\/wp-json\/wp\/v2\/users\/4"}],"replies":[{"embeddable":true,"href":"http:\/\/www.pasadenahoy.com\/primero\/wp-json\/wp\/v2\/comments?post=16224"}],"version-history":[{"count":2,"href":"http:\/\/www.pasadenahoy.com\/primero\/wp-json\/wp\/v2\/posts\/16224\/revisions"}],"predecessor-version":[{"id":16227,"href":"http:\/\/www.pasadenahoy.com\/primero\/wp-json\/wp\/v2\/posts\/16224\/revisions\/16227"}],"wp:attachment":[{"href":"http:\/\/www.pasadenahoy.com\/primero\/wp-json\/wp\/v2\/media?parent=16224"}],"wp:term":[{"taxonomy":"category","embeddable":true,"href":"http:\/\/www.pasadenahoy.com\/primero\/wp-json\/wp\/v2\/categories?post=16224"},{"taxonomy":"post_tag","embeddable":true,"href":"http:\/\/www.pasadenahoy.com\/primero\/wp-json\/wp\/v2\/tags?post=16224"}],"curies":[{"name":"wp","href":"https:\/\/api.w.org\/{rel}","templated":true}]}}