{"id":16234,"date":"2022-05-02T15:54:21","date_gmt":"2022-05-02T15:54:21","guid":{"rendered":"http:\/\/www.pasadenahoy.com\/primero\/?p=16234"},"modified":"2022-05-02T15:54:21","modified_gmt":"2022-05-02T15:54:21","slug":"presupuesto-del-programa-de-mejoras-capitales-de-la-ciudad-el-enfoque-en-el-consejo-conjunto-reunion-del-comite-de-finanzas-el-lunes","status":"publish","type":"post","link":"http:\/\/www.pasadenahoy.com\/primero\/el-gobierno-local\/presupuesto-del-programa-de-mejoras-capitales-de-la-ciudad-el-enfoque-en-el-consejo-conjunto-reunion-del-comite-de-finanzas-el-lunes\/","title":{"rendered":"Presupuesto del Programa de Mejoras Capitales de la Ciudad El Enfoque en el Consejo Conjunto, Reuni\u00f3n del Comit\u00e9 de Finanzas el lunes"},"content":{"rendered":"\n<figure class=\"wp-block-image alignnone size-large\"><figure class=\"alignnone\"><img loading=\"lazy\" width=\"740\" height=\"400\" src=\"http:\/\/www.pasadenahoy.com\/primero\/wp-content\/uploads\/2022\/05\/pic-8.png\" alt=\"\" class=\"wp-image-16235\" srcset=\"http:\/\/www.pasadenahoy.com\/primero\/wp-content\/uploads\/2022\/05\/pic-8.png 740w, http:\/\/www.pasadenahoy.com\/primero\/wp-content\/uploads\/2022\/05\/pic-8-300x162.png 300w, http:\/\/www.pasadenahoy.com\/primero\/wp-content\/uploads\/2022\/05\/pic-8-241x130.png 241w, http:\/\/www.pasadenahoy.com\/primero\/wp-content\/uploads\/2022\/05\/pic-8-333x180.png 333w, http:\/\/www.pasadenahoy.com\/primero\/wp-content\/uploads\/2022\/05\/pic-8-700x378.png 700w, http:\/\/www.pasadenahoy.com\/primero\/wp-content\/uploads\/2022\/05\/pic-8-360x195.png 360w, http:\/\/www.pasadenahoy.com\/primero\/wp-content\/uploads\/2022\/05\/pic-8-720x389.png 720w\" sizes=\"100vw\" \/><\/figure><\/figure>\n\n\n\n<p>El Concejo Municipal de Pasadena y el Comit\u00e9 de Finanzas llevar\u00e1n a cabo una reuni\u00f3n conjunta especial el lunes 2 de mayo para discutir el Presupuesto del Programa de Mejoras de Capital para el A\u00f1o Fiscal 2023-2027.<\/p>\n\n\n\n<p>Las reuniones del Concejo Municipal contin\u00faan siendo solo por videoconferencia, pero est\u00e1n abiertas al p\u00fablico.<\/p>\n\n\n\n<p>La agenda del Concejo Municipal para el lunes muestra que la reuni\u00f3n especial conjunta sobre el presupuesto de la CIP comienza a las 2 p.m. pero se extender\u00e1 a una audiencia p\u00fablica a las 5 p.m.<\/p>\n\n\n\n<p>En la reuni\u00f3n conjunta, el personal de la Compa\u00f1\u00eda Operadora del Rose Bowl, la Compa\u00f1\u00eda Operadora del Centro de Pasadena y Pasadena Water and Power brindar\u00e1n presentaciones sobre los presupuestos del CIP para el Estadio Rose Bowl, el Centro de Convenciones de Pasadena y el Auditorio C\u00edvico, y los proyectos de agua y energ\u00eda. en todo Pasadena.<\/p>\n\n\n\n<p>El presupuesto del CIP tambi\u00e9n incluir\u00e1 asignaciones para los Proyectos de Parques y Paisajismo y Arroyo seg\u00fan lo recomendado por la Comisi\u00f3n de Parques y Recreaci\u00f3n, para proyectos en el Noroeste de Pasadena, espec\u00edficamente en el Parque de la Cuenca de Hahamongna, seg\u00fan lo recomendado por la Comisi\u00f3n del Noroeste, y para Calles y Paisajes Urbanos y Proyectos de transporte recomendados por la Comisi\u00f3n Asesora de Transporte.<\/p>\n\n\n\n<p>La discusi\u00f3n del presupuesto del CIP coincide con el inicio de las audiencias p\u00fablicas esta semana sobre el presupuesto operativo recomendado para el a\u00f1o fiscal 2023 de la Ciudad de Pasadena. Las audiencias p\u00fablicas comienzan el martes 3 de mayo y continuar\u00e1n durante todo el mes de mayo, seg\u00fan lo exige el estatuto de la Ciudad.<\/p>\n\n\n\n<p>En estas audiencias p\u00fablicas, los diversos departamentos y agencias afiliadas de la Ciudad presentan sus presupuestos operativos recomendados a trav\u00e9s de una serie de talleres de presupuesto, tambi\u00e9n abiertos al p\u00fablico.<\/p>\n\n\n\n<p>Se espera que estos talleres presupuestarios concluyan el 24 de mayo. Posteriormente, se determinar\u00e1 el presupuesto final y se presentar\u00e1 al pleno del Concejo Municipal para su aprobaci\u00f3n el 20 de junio.<\/p>\n\n\n\n<p>Para 2023, un informe del Departamento de Finanzas mostr\u00f3 un total de asignaciones operativas propuestas de $295,518,806 en el Fondo General y $955,339,973 en todos los fondos; \u201ctodos los fondos\u201d incluye el presupuesto de las agencias afiliadas y el CIP.<\/p>\n\n\n\n<p>El presupuesto del CIP para 2023-2027, seg\u00fan lo recomendado por el Departamento de Obras P\u00fablicas en base a los res\u00famenes del RBOC, PCOC y PWP, contiene 209 proyectos activos con un costo total estimado de $1,218,479,616. El presupuesto del CIP contiene 27 proyectos nuevos y una asignaci\u00f3n total recomendada de $99,027,410 para 120 proyectos. Una lista detallada de estos proyectos se presentar\u00e1 durante la reuni\u00f3n conjunta especial del lunes.<\/p>\n\n\n\n<p>Los miembros de la comunidad pueden acceder a la reuni\u00f3n conjunta especial a trav\u00e9s de http:\/\/pasadena.granicus.com\/MediaPlayer.php?publish_id=9 y www.pasadenamedia.org.<\/p>\n\n\n\n<p>Tambi\u00e9n pueden proporcionar comentarios p\u00fablicos en vivo al enviar una tarjeta de orador a trav\u00e9s de<br>www.cityofpasadena.net\/commissions\/public-comment.<br><\/p>\n","protected":false},"excerpt":{"rendered":"<p>El Concejo Municipal de Pasadena y el Comit\u00e9 de Finanzas llevar\u00e1n a cabo una reuni\u00f3n conjunta especial el lunes 2 de mayo para discutir el Presupuesto del Programa de Mejoras de Capital para el A\u00f1o Fiscal 2023-2027. Las reuniones del Concejo Municipal contin\u00faan siendo solo por videoconferencia, pero est\u00e1n abiertas al p\u00fablico. La agenda del Concejo Municipal para el lunes muestra que la reuni\u00f3n especial conjunta sobre el presupuesto de la CIP comienza a las 2 p.m. pero se extender\u00e1 [&hellip;]<\/p>\n","protected":false},"author":4,"featured_media":0,"comment_status":"open","ping_status":"closed","sticky":false,"template":"","format":"standard","meta":[],"categories":[6],"tags":[],"acf":[],"_links":{"self":[{"href":"http:\/\/www.pasadenahoy.com\/primero\/wp-json\/wp\/v2\/posts\/16234"}],"collection":[{"href":"http:\/\/www.pasadenahoy.com\/primero\/wp-json\/wp\/v2\/posts"}],"about":[{"href":"http:\/\/www.pasadenahoy.com\/primero\/wp-json\/wp\/v2\/types\/post"}],"author":[{"embeddable":true,"href":"http:\/\/www.pasadenahoy.com\/primero\/wp-json\/wp\/v2\/users\/4"}],"replies":[{"embeddable":true,"href":"http:\/\/www.pasadenahoy.com\/primero\/wp-json\/wp\/v2\/comments?post=16234"}],"version-history":[{"count":2,"href":"http:\/\/www.pasadenahoy.com\/primero\/wp-json\/wp\/v2\/posts\/16234\/revisions"}],"predecessor-version":[{"id":16237,"href":"http:\/\/www.pasadenahoy.com\/primero\/wp-json\/wp\/v2\/posts\/16234\/revisions\/16237"}],"wp:attachment":[{"href":"http:\/\/www.pasadenahoy.com\/primero\/wp-json\/wp\/v2\/media?parent=16234"}],"wp:term":[{"taxonomy":"category","embeddable":true,"href":"http:\/\/www.pasadenahoy.com\/primero\/wp-json\/wp\/v2\/categories?post=16234"},{"taxonomy":"post_tag","embeddable":true,"href":"http:\/\/www.pasadenahoy.com\/primero\/wp-json\/wp\/v2\/tags?post=16234"}],"curies":[{"name":"wp","href":"https:\/\/api.w.org\/{rel}","templated":true}]}}