{"id":17218,"date":"2022-06-14T14:25:18","date_gmt":"2022-06-14T14:25:18","guid":{"rendered":"http:\/\/www.pasadenahoy.com\/primero\/?p=17218"},"modified":"2022-06-14T14:25:20","modified_gmt":"2022-06-14T14:25:20","slug":"se-espera-que-se-publiquen-mas-numeros-de-votacion-primaria-el-martes","status":"publish","type":"post","link":"http:\/\/www.pasadenahoy.com\/primero\/la-comunidad\/se-espera-que-se-publiquen-mas-numeros-de-votacion-primaria-el-martes\/","title":{"rendered":"Se espera que se publiquen m\u00e1s n\u00fameros de votaci\u00f3n primaria el martes"},"content":{"rendered":"\n<figure class=\"wp-block-image alignnone size-large\"><figure class=\"alignnone\"><img loading=\"lazy\" width=\"740\" height=\"400\" src=\"http:\/\/www.pasadenahoy.com\/primero\/wp-content\/uploads\/2022\/06\/pic-2-7.jpg\" alt=\"\" class=\"wp-image-17219\" srcset=\"http:\/\/www.pasadenahoy.com\/primero\/wp-content\/uploads\/2022\/06\/pic-2-7.jpg 740w, http:\/\/www.pasadenahoy.com\/primero\/wp-content\/uploads\/2022\/06\/pic-2-7-300x162.jpg 300w, http:\/\/www.pasadenahoy.com\/primero\/wp-content\/uploads\/2022\/06\/pic-2-7-241x130.jpg 241w, http:\/\/www.pasadenahoy.com\/primero\/wp-content\/uploads\/2022\/06\/pic-2-7-333x180.jpg 333w, http:\/\/www.pasadenahoy.com\/primero\/wp-content\/uploads\/2022\/06\/pic-2-7-700x378.jpg 700w, http:\/\/www.pasadenahoy.com\/primero\/wp-content\/uploads\/2022\/06\/pic-2-7-360x195.jpg 360w, http:\/\/www.pasadenahoy.com\/primero\/wp-content\/uploads\/2022\/06\/pic-2-7-720x389.jpg 720w\" sizes=\"100vw\" \/><\/figure><\/figure>\n\n\n\n<p>Los observadores electorales podr\u00edan tener una mejor idea de c\u00f3mo resultar\u00e1n las contiendas locales despu\u00e9s de que se publiquen los \u00faltimos recuentos de votos el martes.<\/p>\n\n\n\n<p>La actualizaci\u00f3n es la segunda actualizaci\u00f3n despu\u00e9s de la elecci\u00f3n del 7 de junio en la que los votantes locales acudieron a las urnas y seleccionaron candidatos en tres carreras para el Concejo Municipal y tres carreras para la Junta de Fideicomisarios de Pasadena City College.<\/p>\n\n\n\n<p>En el Distrito 3, el titular John Kennedy mantiene una saludable ventaja sobre Brandon Lamar. En el Distrito 5. Jess Rivas corri\u00f3 sin oposici\u00f3n.<\/p>\n\n\n\n<p>La carrera del Distrito 7 actualmente est\u00e1 atrayendo la mayor atenci\u00f3n. En esa carrera, Jason Lyon lidera a Ciran Hadjian y Allen Shay. Lyon se mantiene por encima del 50 por ciento con una ventaja del 52,6%, por delante de Hadjian (36,4%). Shay tiene casi el 11 por ciento de los votos (10,92%).<\/p>\n\n\n\n<p>Si Lyon puede mantener m\u00e1s del 50% de la ventaja, evitar\u00eda una segunda vuelta y ganar\u00eda la carrera por completo.<\/p>\n\n\n\n<p>El viernes pasado, se agregaron m\u00e1s de 169,000 boletas al total general contado.<\/p>\n\n\n\n<p>Se programaron m\u00e1s recuentos para el 17 de junio, el 2 de junio, el 24 de junio y el 28 de junio, si es necesario.<\/p>\n\n\n\n<p>La ley del estado de California requiere que el registrador del condado complete y certifique los resultados dentro de los 30 d\u00edas. Esta disposici\u00f3n de la ley reconoce la complejidad de completar el conteo de votos y realizar una auditor\u00eda exhaustiva de los resultados de las elecciones para garantizar la precisi\u00f3n.<\/p>\n","protected":false},"excerpt":{"rendered":"<p>Los observadores electorales podr\u00edan tener una mejor idea de c\u00f3mo resultar\u00e1n las contiendas locales despu\u00e9s de que se publiquen los \u00faltimos recuentos de votos el martes. La actualizaci\u00f3n es la segunda actualizaci\u00f3n despu\u00e9s de la elecci\u00f3n del 7 de junio en la que los votantes locales acudieron a las urnas y seleccionaron candidatos en tres carreras para el Concejo Municipal y tres carreras para la Junta de Fideicomisarios de Pasadena City College. En el Distrito 3, el titular John Kennedy [&hellip;]<\/p>\n","protected":false},"author":4,"featured_media":17219,"comment_status":"open","ping_status":"closed","sticky":false,"template":"","format":"standard","meta":[],"categories":[4],"tags":[],"acf":[],"_links":{"self":[{"href":"http:\/\/www.pasadenahoy.com\/primero\/wp-json\/wp\/v2\/posts\/17218"}],"collection":[{"href":"http:\/\/www.pasadenahoy.com\/primero\/wp-json\/wp\/v2\/posts"}],"about":[{"href":"http:\/\/www.pasadenahoy.com\/primero\/wp-json\/wp\/v2\/types\/post"}],"author":[{"embeddable":true,"href":"http:\/\/www.pasadenahoy.com\/primero\/wp-json\/wp\/v2\/users\/4"}],"replies":[{"embeddable":true,"href":"http:\/\/www.pasadenahoy.com\/primero\/wp-json\/wp\/v2\/comments?post=17218"}],"version-history":[{"count":2,"href":"http:\/\/www.pasadenahoy.com\/primero\/wp-json\/wp\/v2\/posts\/17218\/revisions"}],"predecessor-version":[{"id":17221,"href":"http:\/\/www.pasadenahoy.com\/primero\/wp-json\/wp\/v2\/posts\/17218\/revisions\/17221"}],"wp:featuredmedia":[{"embeddable":true,"href":"http:\/\/www.pasadenahoy.com\/primero\/wp-json\/wp\/v2\/media\/17219"}],"wp:attachment":[{"href":"http:\/\/www.pasadenahoy.com\/primero\/wp-json\/wp\/v2\/media?parent=17218"}],"wp:term":[{"taxonomy":"category","embeddable":true,"href":"http:\/\/www.pasadenahoy.com\/primero\/wp-json\/wp\/v2\/categories?post=17218"},{"taxonomy":"post_tag","embeddable":true,"href":"http:\/\/www.pasadenahoy.com\/primero\/wp-json\/wp\/v2\/tags?post=17218"}],"curies":[{"name":"wp","href":"https:\/\/api.w.org\/{rel}","templated":true}]}}