{"id":17230,"date":"2022-06-14T14:52:17","date_gmt":"2022-06-14T14:52:17","guid":{"rendered":"http:\/\/www.pasadenahoy.com\/primero\/?p=17230"},"modified":"2022-06-14T14:52:18","modified_gmt":"2022-06-14T14:52:18","slug":"comienza-la-investigacion-de-verano-en-el-campus-de-caltech-caltech","status":"publish","type":"post","link":"http:\/\/www.pasadenahoy.com\/primero\/la-comunidad\/comienza-la-investigacion-de-verano-en-el-campus-de-caltech-caltech\/","title":{"rendered":"Comienza la investigaci\u00f3n de verano en el campus de Caltech CALTECH"},"content":{"rendered":"\n<figure class=\"wp-block-image alignnone size-large\"><figure class=\"alignnone\"><img loading=\"lazy\" width=\"740\" height=\"400\" src=\"http:\/\/www.pasadenahoy.com\/primero\/wp-content\/uploads\/2022\/06\/pic-5-7.jpg\" alt=\"\" class=\"wp-image-17231\" srcset=\"http:\/\/www.pasadenahoy.com\/primero\/wp-content\/uploads\/2022\/06\/pic-5-7.jpg 740w, http:\/\/www.pasadenahoy.com\/primero\/wp-content\/uploads\/2022\/06\/pic-5-7-300x162.jpg 300w, http:\/\/www.pasadenahoy.com\/primero\/wp-content\/uploads\/2022\/06\/pic-5-7-241x130.jpg 241w, http:\/\/www.pasadenahoy.com\/primero\/wp-content\/uploads\/2022\/06\/pic-5-7-333x180.jpg 333w, http:\/\/www.pasadenahoy.com\/primero\/wp-content\/uploads\/2022\/06\/pic-5-7-700x378.jpg 700w, http:\/\/www.pasadenahoy.com\/primero\/wp-content\/uploads\/2022\/06\/pic-5-7-360x195.jpg 360w, http:\/\/www.pasadenahoy.com\/primero\/wp-content\/uploads\/2022\/06\/pic-5-7-720x389.jpg 720w\" sizes=\"100vw\" \/><\/figure><\/figure>\n\n\n\n<p>Esta semana, Caltech da la bienvenida a m\u00e1s de 750 estudiantes universitarios al campus y a sus residencias universitarias para el inicio oficial de los <a href=\"https:\/\/sfp.caltech.edu\/undergraduate-research\/programs\">programas de becas WAVE y de investigaci\u00f3n de estudiantes universitarios de verano,<\/a> que se extienden hasta mediados de agosto. Este es el primer regreso completo a la programaci\u00f3n de verano en el campus desde 2019.<\/p>\n\n\n\n<p>Los estudiantes, incluidos m\u00e1s de 350 estudiantes universitarios de Caltech, pasar\u00e1n las pr\u00f3ximas 10 semanas trabajando en proyectos de investigaci\u00f3n innovadores en colaboraci\u00f3n con mentores docentes y cient\u00edficos e ingenieros del JPL. Al final del verano, presentar\u00e1n su investigaci\u00f3n.<\/p>\n\n\n\n<p>\u201cEl comienzo del verano siempre es un momento emocionante y este a\u00f1o a\u00fan m\u00e1s\u201d, dice Candace Rypisi, vicerrectora adjunta y directora de programas para estudiantes y docentes. \u201cAdem\u00e1s de la investigaci\u00f3n, una vez m\u00e1s podemos ofrecer nuestra gama completa de programas de desarrollo acad\u00e9mico y profesional este verano\u201d.<\/p>\n\n\n\n<p>Como parte de las medidas continuas de salud y seguridad del Instituto durante la pandemia, todos los estudiantes que participen en el programa deber\u00e1n enviar muestras de vigilancia dos veces por semana al programa de pruebas de vigilancia en el campus del Instituto y cumplir con los requisitos de uso de m\u00e1scaras en interiores. Este es el primer a\u00f1o que los participantes del programa tambi\u00e9n tendr\u00e1n pleno acceso a los servicios de salud y salud mental del Instituto durante su estad\u00eda.<\/p>\n\n\n\n<p>En el transcurso del verano, nos conectaremos con los estudiantes del programa de este a\u00f1o para conocer su experiencia al participar en investigaciones en Caltech.<\/p>\n","protected":false},"excerpt":{"rendered":"<p>Esta semana, Caltech da la bienvenida a m\u00e1s de 750 estudiantes universitarios al campus y a sus residencias universitarias para el inicio oficial de los programas de becas WAVE y de investigaci\u00f3n de estudiantes universitarios de verano, que se extienden hasta mediados de agosto. Este es el primer regreso completo a la programaci\u00f3n de verano en el campus desde 2019. Los estudiantes, incluidos m\u00e1s de 350 estudiantes universitarios de Caltech, pasar\u00e1n las pr\u00f3ximas 10 semanas trabajando en proyectos de investigaci\u00f3n [&hellip;]<\/p>\n","protected":false},"author":4,"featured_media":0,"comment_status":"open","ping_status":"closed","sticky":false,"template":"","format":"standard","meta":[],"categories":[4],"tags":[],"acf":[],"_links":{"self":[{"href":"http:\/\/www.pasadenahoy.com\/primero\/wp-json\/wp\/v2\/posts\/17230"}],"collection":[{"href":"http:\/\/www.pasadenahoy.com\/primero\/wp-json\/wp\/v2\/posts"}],"about":[{"href":"http:\/\/www.pasadenahoy.com\/primero\/wp-json\/wp\/v2\/types\/post"}],"author":[{"embeddable":true,"href":"http:\/\/www.pasadenahoy.com\/primero\/wp-json\/wp\/v2\/users\/4"}],"replies":[{"embeddable":true,"href":"http:\/\/www.pasadenahoy.com\/primero\/wp-json\/wp\/v2\/comments?post=17230"}],"version-history":[{"count":2,"href":"http:\/\/www.pasadenahoy.com\/primero\/wp-json\/wp\/v2\/posts\/17230\/revisions"}],"predecessor-version":[{"id":17233,"href":"http:\/\/www.pasadenahoy.com\/primero\/wp-json\/wp\/v2\/posts\/17230\/revisions\/17233"}],"wp:attachment":[{"href":"http:\/\/www.pasadenahoy.com\/primero\/wp-json\/wp\/v2\/media?parent=17230"}],"wp:term":[{"taxonomy":"category","embeddable":true,"href":"http:\/\/www.pasadenahoy.com\/primero\/wp-json\/wp\/v2\/categories?post=17230"},{"taxonomy":"post_tag","embeddable":true,"href":"http:\/\/www.pasadenahoy.com\/primero\/wp-json\/wp\/v2\/tags?post=17230"}],"curies":[{"name":"wp","href":"https:\/\/api.w.org\/{rel}","templated":true}]}}