{"id":17328,"date":"2022-06-20T16:24:13","date_gmt":"2022-06-20T16:24:13","guid":{"rendered":"http:\/\/www.pasadenahoy.com\/primero\/?p=17328"},"modified":"2022-06-20T16:24:31","modified_gmt":"2022-06-20T16:24:31","slug":"el-concejo-votara-el-lunes-sobre-la-adopcion-de-un-presupuesto-de-955-millones","status":"publish","type":"post","link":"http:\/\/www.pasadenahoy.com\/primero\/el-gobierno-local\/el-concejo-votara-el-lunes-sobre-la-adopcion-de-un-presupuesto-de-955-millones\/","title":{"rendered":"El Concejo votar\u00e1 el lunes sobre la adopci\u00f3n de un presupuesto de $955 millones"},"content":{"rendered":"\n<figure class=\"wp-block-image alignnone size-large\"><figure class=\"alignnone\"><img loading=\"lazy\" width=\"740\" height=\"400\" src=\"http:\/\/www.pasadenahoy.com\/primero\/wp-content\/uploads\/2022\/06\/pic-1-11.jpg\" alt=\"\" class=\"wp-image-17329\" srcset=\"http:\/\/www.pasadenahoy.com\/primero\/wp-content\/uploads\/2022\/06\/pic-1-11.jpg 740w, http:\/\/www.pasadenahoy.com\/primero\/wp-content\/uploads\/2022\/06\/pic-1-11-300x162.jpg 300w, http:\/\/www.pasadenahoy.com\/primero\/wp-content\/uploads\/2022\/06\/pic-1-11-241x130.jpg 241w, http:\/\/www.pasadenahoy.com\/primero\/wp-content\/uploads\/2022\/06\/pic-1-11-333x180.jpg 333w, http:\/\/www.pasadenahoy.com\/primero\/wp-content\/uploads\/2022\/06\/pic-1-11-700x378.jpg 700w, http:\/\/www.pasadenahoy.com\/primero\/wp-content\/uploads\/2022\/06\/pic-1-11-360x195.jpg 360w, http:\/\/www.pasadenahoy.com\/primero\/wp-content\/uploads\/2022\/06\/pic-1-11-720x389.jpg 720w\" sizes=\"100vw\" \/><\/figure><\/figure>\n\n\n\n<p>El Concejo Municipal votar\u00e1 el lunes para cerrar la audiencia presupuestaria y adoptar por resoluci\u00f3n el Presupuesto Operativo del A\u00f1o Fiscal (FY) 2023.<\/p>\n\n\n\n<p>El presupuesto recomendado de $955,3 tambi\u00e9n incluye las asignaciones para el Programa de mejora de capital del a\u00f1o fiscal 2023-2027 y las tres empresas operativas de la Ciudad, Rose Bowl Operating Company, Pasadena Center Operating Company y Pasadena Community Access Corporation.<\/p>\n\n\n\n<p>El presupuesto operativo recomendado para el a\u00f1o fiscal 2023 incluye $295,5 millones en asignaciones del fondo general.<\/p>\n\n\n\n<p>\u201cDado que los presupuestos operativos para el a\u00f1o fiscal 2021 y el a\u00f1o fiscal 2022 se mantuvieron relativamente estables, es importante planificar una nueva l\u00ednea de base en el a\u00f1o fiscal 2023 al restablecer los pron\u00f3sticos de ingresos y gastos con las realidades actuales\u201d, seg\u00fan un informe del personal de la ciudad. \u201cEl presupuesto operativo recomendado para el a\u00f1o fiscal 2023 incluye mejoras propuestas que reflejan las prioridades del servicio comunitario, los programas obligatorios y las necesidades administrativas\u201d.<\/p>\n\n\n\n<p>Durante las reuniones presupuestarias con los respectivos Comit\u00e9s del Consejo, se propusieron varias adiciones al Presupuesto Operativo Recomendado original en base a los comentarios p\u00fablicos y cambios en las circunstancias, los cambios incluyen:<\/p>\n\n\n\n<p>Aumentar las asignaciones recomendadas en $321,000 en el Fondo General en la Oficina del Fiscal de la Ciudad\/Fiscal\u00eda de la Ciudad para establecer un presupuesto anual continuo para servicios y suministros para la Comisi\u00f3n de Supervisi\u00f3n de la Polic\u00eda Comunitaria. Tal como se present\u00f3 al Comit\u00e9 de Pol\u00edtica Legislativa el 24 de mayo de 2022, esta mejora respaldar\u00e1 varios costos que incluyen un Auditor de Polic\u00eda Independiente, asesor\u00eda legal externa, capacitaci\u00f3n\/educaci\u00f3n y gastos generales administrativos.<\/p>\n\n\n\n<p>Aumentar las asignaciones recomendadas en $100,000 en el Fondo General del Departamento de Obras P\u00fablicas para un estudio de riego de \u00e1rboles p\u00fablicos que brindar\u00e1 una revisi\u00f3n integral del inventario de \u00e1rboles de la Ciudad dentro del derecho de paso p\u00fablico y sus necesidades de riego, especialmente durante \u00e9pocas de sequ\u00eda severa.<\/p>\n\n\n\n<p>Eliminar un Representante de Servicio al Cliente 1.0 equivalente a tiempo completo (FTE) vacante en el Departamento de Finanzas y las asignaciones correspondientes de $84,237 en el Fondo de Servicios de Construcci\u00f3n (204). El puesto ayud\u00f3 al personal del Centro de Permisos en el Edificio Hale, pero ya no es necesario debido a las mejoras tecnol\u00f3gicas y operativas facilitadas por el sistema de permisos de Energov y una gama m\u00e1s amplia de opciones de pago.<\/p>\n\n\n\n<p>El Concejo Municipal tambi\u00e9n votar\u00e1 una resoluci\u00f3n para aprobar la transferencia anual del Fondo de Luz y Energ\u00eda al Fondo General. El monto del a\u00f1o fiscal 2023 es aproximadamente el 10 por ciento de los ingresos brutos de las ventas minoristas<\/p>\n\n\n\n<p>El estatuto de la ciudad de Pasadena Charter, Secci\u00f3n 902, requiere que el tercer lunes de mayo o antes, el Administrador de la Ciudad presente al Concejo Municipal un presupuesto operativo anual para el a\u00f1o fiscal siguiente\u201d, seg\u00fan un informe del personal de la ciudad.<\/p>\n","protected":false},"excerpt":{"rendered":"<p>El Concejo Municipal votar\u00e1 el lunes para cerrar la audiencia presupuestaria y adoptar por resoluci\u00f3n el Presupuesto Operativo del A\u00f1o Fiscal (FY) 2023. El presupuesto recomendado de $955,3 tambi\u00e9n incluye las asignaciones para el Programa de mejora de capital del a\u00f1o fiscal 2023-2027 y las tres empresas operativas de la Ciudad, Rose Bowl Operating Company, Pasadena Center Operating Company y Pasadena Community Access Corporation. El presupuesto operativo recomendado para el a\u00f1o fiscal 2023 incluye $295,5 millones en asignaciones del fondo [&hellip;]<\/p>\n","protected":false},"author":4,"featured_media":17329,"comment_status":"open","ping_status":"closed","sticky":false,"template":"","format":"standard","meta":[],"categories":[6],"tags":[],"acf":[],"_links":{"self":[{"href":"http:\/\/www.pasadenahoy.com\/primero\/wp-json\/wp\/v2\/posts\/17328"}],"collection":[{"href":"http:\/\/www.pasadenahoy.com\/primero\/wp-json\/wp\/v2\/posts"}],"about":[{"href":"http:\/\/www.pasadenahoy.com\/primero\/wp-json\/wp\/v2\/types\/post"}],"author":[{"embeddable":true,"href":"http:\/\/www.pasadenahoy.com\/primero\/wp-json\/wp\/v2\/users\/4"}],"replies":[{"embeddable":true,"href":"http:\/\/www.pasadenahoy.com\/primero\/wp-json\/wp\/v2\/comments?post=17328"}],"version-history":[{"count":3,"href":"http:\/\/www.pasadenahoy.com\/primero\/wp-json\/wp\/v2\/posts\/17328\/revisions"}],"predecessor-version":[{"id":17332,"href":"http:\/\/www.pasadenahoy.com\/primero\/wp-json\/wp\/v2\/posts\/17328\/revisions\/17332"}],"wp:featuredmedia":[{"embeddable":true,"href":"http:\/\/www.pasadenahoy.com\/primero\/wp-json\/wp\/v2\/media\/17329"}],"wp:attachment":[{"href":"http:\/\/www.pasadenahoy.com\/primero\/wp-json\/wp\/v2\/media?parent=17328"}],"wp:term":[{"taxonomy":"category","embeddable":true,"href":"http:\/\/www.pasadenahoy.com\/primero\/wp-json\/wp\/v2\/categories?post=17328"},{"taxonomy":"post_tag","embeddable":true,"href":"http:\/\/www.pasadenahoy.com\/primero\/wp-json\/wp\/v2\/tags?post=17328"}],"curies":[{"name":"wp","href":"https:\/\/api.w.org\/{rel}","templated":true}]}}