{"id":17557,"date":"2022-06-28T14:25:20","date_gmt":"2022-06-28T14:25:20","guid":{"rendered":"http:\/\/www.pasadenahoy.com\/primero\/?p=17557"},"modified":"2022-06-28T14:25:21","modified_gmt":"2022-06-28T14:25:21","slug":"el-decano-de-pacific-oaks-college-es-nombrado-miembro-de-la-beca-nacional-de-liderazgo","status":"publish","type":"post","link":"http:\/\/www.pasadenahoy.com\/primero\/la-comunidad\/el-decano-de-pacific-oaks-college-es-nombrado-miembro-de-la-beca-nacional-de-liderazgo\/","title":{"rendered":"El decano de Pacific Oaks College es nombrado miembro de la Beca Nacional de Liderazgo"},"content":{"rendered":"\n<figure class=\"wp-block-image alignnone size-large\"><figure class=\"alignnone\"><img loading=\"lazy\" width=\"740\" height=\"400\" src=\"http:\/\/www.pasadenahoy.com\/primero\/wp-content\/uploads\/2022\/06\/pic6-1.jpg\" alt=\"\" class=\"wp-image-17558\" srcset=\"http:\/\/www.pasadenahoy.com\/primero\/wp-content\/uploads\/2022\/06\/pic6-1.jpg 740w, http:\/\/www.pasadenahoy.com\/primero\/wp-content\/uploads\/2022\/06\/pic6-1-300x162.jpg 300w, http:\/\/www.pasadenahoy.com\/primero\/wp-content\/uploads\/2022\/06\/pic6-1-241x130.jpg 241w, http:\/\/www.pasadenahoy.com\/primero\/wp-content\/uploads\/2022\/06\/pic6-1-333x180.jpg 333w, http:\/\/www.pasadenahoy.com\/primero\/wp-content\/uploads\/2022\/06\/pic6-1-700x378.jpg 700w, http:\/\/www.pasadenahoy.com\/primero\/wp-content\/uploads\/2022\/06\/pic6-1-360x195.jpg 360w, http:\/\/www.pasadenahoy.com\/primero\/wp-content\/uploads\/2022\/06\/pic6-1-720x389.jpg 720w\" sizes=\"100vw\" \/><figcaption><span class=\"caption-text\">Dr. Jerell Colina<\/span><\/figcaption><\/figure><\/figure>\n\n\n\n<p>El Dr. Jerell Hill, decano de la Escuela de Educaci\u00f3n y Desarrollo Humano de Pacific Oaks College en Pasadena, fue recientemente nombrado miembro de Impact Academy por la organizaci\u00f3n nacional sin fines de lucro Deans for Impact.<\/p>\n\n\n\n<p>El Dr. Hill es uno de los 20 l\u00edderes en el campo de la educaci\u00f3n que fueron elegidos como parte de la s\u00e9ptima cohorte del programa Impact Academy.<\/p>\n\n\n\n<p>\u201cMe siento honrado por la oportunidad de participar en esta beca\u201d, dijo el Dr. Hill sobre su selecci\u00f3n como becario de Impact Academy. \u201cMe siento honrado de trabajar con colegas que creen que las escuelas son espacios culturales que juegan un papel importante en la creaci\u00f3n de experiencias para desarrollar la equidad y la excelencia. Preparar maestros de alta calidad para servir a sus comunidades es una acci\u00f3n necesaria hacia la justicia educativa\u201d.<\/p>\n\n\n\n<p>Impact Academy es un programa de un a\u00f1o de duraci\u00f3n que empodera a los l\u00edderes de nivel decano con habilidades, conocimientos y estrategias para buscar la excelencia educativa frente a nuevos desaf\u00edos. El programa tiene como objetivo satisfacer la necesidad de maestros y l\u00edderes K-12 que puedan fomentar el aprendizaje individual y organizacional, y que est\u00e9n bien equipados para identificar y abordar las desigualdades educativas exacerbadas por la pandemia de COVID-19.<\/p>\n\n\n\n<p>La beca 2022-2023 Impact Academy combina sesiones virtuales mensuales y dos reuniones en persona con m\u00f3dulos de aprendizaje regulares y entrenamiento de liderazgo continuo de l\u00edderes veteranos. Los becarios fortalecen su capacidad para involucrar a la facultad, el personal y los socios escolares K-12 en una visi\u00f3n compartida para el cambio, basada en una comprensi\u00f3n cient\u00edfica profunda sobre c\u00f3mo aprenden los estudiantes.<\/p>\n\n\n\n<p>\u201cEstamos emocionados de dar la bienvenida a esta nueva cohorte de 20 becarios comprometidos a basar sus programas de preparaci\u00f3n de educadores en la equidad y mejorar el campo de la educaci\u00f3n de manera m\u00e1s amplia\u201d, dijo Valerie Sakimura, vicepresidenta de programas de Deans for Impact. \u201cA medida que continuamos apoyando a l\u00edderes destacados en la preparaci\u00f3n de educadores para impulsar un cambio transformador, Deans for Impact tiene como objetivo hacer realidad nuestra visi\u00f3n a largo plazo de construir un colectivo nacional de l\u00edderes que creen y mantengan las condiciones para que los maestros creen experiencias rigurosas, equitativas e inclusivas. aulas donde todos los estudiantes prosperan\u201d.<\/p>\n\n\n\n<p>Como Decano y Coordinador de Evaluaci\u00f3n en la Escuela de Desarrollo Humano y Educaci\u00f3n, el Dr. Hill se desempe\u00f1a como asesor de la facultad para los candidatos a Credenciales de M\u00faltiples Materias. Sus responsabilidades incluyen el desarrollo de programas, el apoyo a profesores adjuntos, acreditaci\u00f3n, elaboraci\u00f3n de presupuestos y supervisi\u00f3n de programas. Las \u00e1reas de inter\u00e9s de investigaci\u00f3n de la Dra. Hill incluyen experiencias infantiles adversas, motivaci\u00f3n estudiantil, administraci\u00f3n educativa, educaci\u00f3n especial y escuelas urbanas.<\/p>\n\n\n\n<p>Hill obtuvo su licenciatura en la Universidad de California, Irvine; su maestr\u00eda de la Universidad de Phoenix y la Universidad Point Loma Nazarene en San Diego, y su doctorado en educaci\u00f3n de la Universidad Taft en Denver, Colorado.<\/p>\n\n\n\n<p>Las membres\u00edas profesionales de Hill incluyen la Asociaci\u00f3n Estadounidense de Investigaci\u00f3n Educativa (AERA), la Asociaci\u00f3n de Superintendentes y Administradores Afroamericanos de California, la Sociedad Internacional para Estudios de Estr\u00e9s Traum\u00e1tico (Copresidente del Comit\u00e9 de Diversidad y Competencia Cultural) y el Consejo de Ni\u00f1os Excepcionales.<\/p>\n\n\n\n<p>El Dr. Hill ha sido orador principal y presentador en el Congreso Internacional de Educadores en Lima, Per\u00fa.<\/p>\n\n\n\n<p>Deans for Impact, a trav\u00e9s del programa Impact Academy, ha desarrollado la capacidad de m\u00e1s de 100 l\u00edderes de programas de preparaci\u00f3n de educadores desde 2015.<\/p>\n\n\n\n<p>Deans for Impact describe sus programas como comprometidos a reflejar la amplia diversidad de programas para preparar nuevos educadores. El treinta por ciento de los becarios son l\u00edderes de color y representan instituciones en m\u00e1s de 15 estados, incluidas universidades p\u00fablicas y privadas, el 35 por ciento MSI (instituciones al servicio de las minor\u00edas) y programas no tradicionales.<\/p>\n\n\n\n<p>Para obtener m\u00e1s informaci\u00f3n, visite <a href=\"http:\/\/www.deansforimpact.org\/\">www.deansforimpact.org.<\/a><\/p>\n","protected":false},"excerpt":{"rendered":"<p>El Dr. Jerell Hill, decano de la Escuela de Educaci\u00f3n y Desarrollo Humano de Pacific Oaks College en Pasadena, fue recientemente nombrado miembro de Impact Academy por la organizaci\u00f3n nacional sin fines de lucro Deans for Impact. El Dr. Hill es uno de los 20 l\u00edderes en el campo de la educaci\u00f3n que fueron elegidos como parte de la s\u00e9ptima cohorte del programa Impact Academy. \u201cMe siento honrado por la oportunidad de participar en esta beca\u201d, dijo el Dr. Hill [&hellip;]<\/p>\n","protected":false},"author":4,"featured_media":0,"comment_status":"open","ping_status":"closed","sticky":false,"template":"","format":"standard","meta":[],"categories":[4],"tags":[],"acf":[],"_links":{"self":[{"href":"http:\/\/www.pasadenahoy.com\/primero\/wp-json\/wp\/v2\/posts\/17557"}],"collection":[{"href":"http:\/\/www.pasadenahoy.com\/primero\/wp-json\/wp\/v2\/posts"}],"about":[{"href":"http:\/\/www.pasadenahoy.com\/primero\/wp-json\/wp\/v2\/types\/post"}],"author":[{"embeddable":true,"href":"http:\/\/www.pasadenahoy.com\/primero\/wp-json\/wp\/v2\/users\/4"}],"replies":[{"embeddable":true,"href":"http:\/\/www.pasadenahoy.com\/primero\/wp-json\/wp\/v2\/comments?post=17557"}],"version-history":[{"count":2,"href":"http:\/\/www.pasadenahoy.com\/primero\/wp-json\/wp\/v2\/posts\/17557\/revisions"}],"predecessor-version":[{"id":17560,"href":"http:\/\/www.pasadenahoy.com\/primero\/wp-json\/wp\/v2\/posts\/17557\/revisions\/17560"}],"wp:attachment":[{"href":"http:\/\/www.pasadenahoy.com\/primero\/wp-json\/wp\/v2\/media?parent=17557"}],"wp:term":[{"taxonomy":"category","embeddable":true,"href":"http:\/\/www.pasadenahoy.com\/primero\/wp-json\/wp\/v2\/categories?post=17557"},{"taxonomy":"post_tag","embeddable":true,"href":"http:\/\/www.pasadenahoy.com\/primero\/wp-json\/wp\/v2\/tags?post=17557"}],"curies":[{"name":"wp","href":"https:\/\/api.w.org\/{rel}","templated":true}]}}