{"id":17573,"date":"2022-06-29T14:26:00","date_gmt":"2022-06-29T14:26:00","guid":{"rendered":"http:\/\/www.pasadenahoy.com\/primero\/?p=17573"},"modified":"2022-06-29T14:26:01","modified_gmt":"2022-06-29T14:26:01","slug":"la-ciudad-de-pasadena-anuncia-cierres-y-recordatorios-del-dia-de-la-independencia","status":"publish","type":"post","link":"http:\/\/www.pasadenahoy.com\/primero\/la-comunidad\/la-ciudad-de-pasadena-anuncia-cierres-y-recordatorios-del-dia-de-la-independencia\/","title":{"rendered":"La ciudad de Pasadena anuncia cierres y recordatorios del D\u00eda de la Independencia"},"content":{"rendered":"\n<figure class=\"wp-block-image alignnone size-large\"><figure class=\"alignnone\"><img loading=\"lazy\" width=\"740\" height=\"400\" src=\"http:\/\/www.pasadenahoy.com\/primero\/wp-content\/uploads\/2022\/06\/pic-3-12.jpg\" alt=\"\" class=\"wp-image-17574\" srcset=\"http:\/\/www.pasadenahoy.com\/primero\/wp-content\/uploads\/2022\/06\/pic-3-12.jpg 740w, http:\/\/www.pasadenahoy.com\/primero\/wp-content\/uploads\/2022\/06\/pic-3-12-300x162.jpg 300w, http:\/\/www.pasadenahoy.com\/primero\/wp-content\/uploads\/2022\/06\/pic-3-12-241x130.jpg 241w, http:\/\/www.pasadenahoy.com\/primero\/wp-content\/uploads\/2022\/06\/pic-3-12-333x180.jpg 333w, http:\/\/www.pasadenahoy.com\/primero\/wp-content\/uploads\/2022\/06\/pic-3-12-700x378.jpg 700w, http:\/\/www.pasadenahoy.com\/primero\/wp-content\/uploads\/2022\/06\/pic-3-12-360x195.jpg 360w, http:\/\/www.pasadenahoy.com\/primero\/wp-content\/uploads\/2022\/06\/pic-3-12-720x389.jpg 720w\" sizes=\"100vw\" \/><\/figure><\/figure>\n\n\n\n<p>Se recuerda a los residentes y negocios de Pasadena que el Ayuntamiento y muchos servicios y oficinas administrativas de la Ciudad estar\u00e1n cerrados el lunes 4 de julio en conmemoraci\u00f3n del D\u00eda de la Independencia. Los cierres espec\u00edficos y las excepciones se indican a continuaci\u00f3n.<\/p>\n\n\n\n<p>Los departamentos de polic\u00eda y bomberos de Pasadena contar\u00e1n con personal para todos los servicios de patrulla, c\u00e1rcel, bomberos, param\u00e9dicos y otros servicios de emergencia, pero las oficinas administrativas estar\u00e1n cerradas. Si ves algo, di algo; reporte cualquier actividad sospechosa a la Polic\u00eda de Pasadena al (626) 744-4241. Para emergencias que pongan en peligro la vida, marque el 9-1-1.<\/p>\n\n\n\n<p>Los residentes y negocios de Pasadena que experimenten emergencias el\u00e9ctricas deben llamar al Departamento de Agua y Energ\u00eda de Pasadena (PWP) al (626) 744-4673. Para emergencias relacionadas con el agua, llame al (626) 744-4138. El Centro de Atenci\u00f3n al Cliente habitual de PWP estar\u00e1 cerrado durante las vacaciones, pero los clientes pueden acceder a sus cuentas y pagar facturas en l\u00ednea en <a href=\"https:\/\/ww5.cityofpasadena.net\/water-and-power\/\">www.PWPweb.com<\/a> o llamando al (626) 744-4005.<\/p>\n\n\n\n<p>La recolecci\u00f3n de basura de la ciudad se llevar\u00e1 a cabo el lunes 4 de julio. No habr\u00e1 demoras en la recolecci\u00f3n de basura, reciclaje y desechos de jard\u00edn.<\/p>\n\n\n\n<p>El Ce<a href=\"https:\/\/streaklinks.com\/BGp6PvnV1c-LqgpmGAnWp4s-\/https%3A%2F%2Ft.sidekickopen90.com%2Fs3t%2Fc%2F5%2Ff18dQhb0S7kv8cp85kW21GymG59hl3kW7_k2847sCHKtMtftXPvM6wGW1Hnf132bzNKBf9hCY6701%3Fte%3DW3R5hFj26QkHmW4mKDsV3T3SB9W3M6w3p3z8PbPW3yMkmh4ff5rmW4fJg-S41p0TNW49SzG13JF3Yff41YyllV3%26si%3D6034060113739776%26pi%3Db22b928c-dc96-48e6-d011-1ee0e4239de8\">ntro de Servicio al Ciudadano<\/a> (CSC) de la ciudad estar\u00e1 cerrado el viernes 1 de julio y el lunes 4 de julio. Durante este tiempo, las solicitudes de CSC se pueden enviar a trav\u00e9s de <a href=\"https:\/\/streaklinks.com\/BGp6Pvrnp2Bdr8p4uAOj4tG_\/https%3A%2F%2Ft.sidekickopen90.com%2Fs3t%2Fc%2F5%2Ff18dQhb0S7kv8cp85kW21GymG59hl3kW7_k2847sCHKtMtftXPvM6wGW1Hnf132bzNKBf9hCY6701%3Fte%3DW3R5hFj26QkHmW4mKDsV3T3SB9W3M6w3p3z8PbPW3yMkmh4ff5rmW4fJg-S41p0TNW49SzG13JF3Yff41YyllV3%26si%3D6034060113739776%26pi%3Db22b928c-dc96-48e6-d011-1ee0e4239de8\">la web<\/a> y llamando al (626) 744-7311. Todas las solicitudes de CSC, mensajes de voz y correos electr\u00f3nicos ser\u00e1n monitoreados. El CSC volver\u00e1 a su horario normal de trabajo el martes 5 de julio, abriendo a las 8 a.m.<\/p>\n\n\n\n<p>El Centro de Pago de Servicios Municipales de la Ciudad y la Oficina de Estacionamiento en el Ayuntamiento estar\u00e1n cerrados. Todos los parqu\u00edmetros que no est\u00e9n marcados como una zona de &#8220;No estacionar&#8221; estar\u00e1n libres el lunes 4 de julio y no se aplicar\u00e1n los l\u00edmites de tiempo. Se har\u00e1n cumplir las infracciones por estacionamiento nocturno, estacionamiento en la acera roja, zonas de &#8220;No estacionar&#8221; y bloqueo de hidrantes contra incendios. Se advierte especialmente a los automovilistas sobre las restricciones de estacionamiento en el \u00e1rea de Arroyo Seco, cerca del estadio Rose Bowl. Toda la aplicaci\u00f3n regular se reanuda el martes 5 de julio.<\/p>\n\n\n\n<p>Los autobuses de Pasadena Transit y Dial-A-Ride no operar\u00e1n el lunes 4 de julio.<\/p>\n\n\n\n<p>Todas las bibliotecas p\u00fablicas de Pasadena estar\u00e1n cerradas el domingo 3 y el lunes 4 de julio. Los centros comunitarios operados por el Departamento de Parques, Recreaci\u00f3n y Servicios Comunitarios tambi\u00e9n estar\u00e1n cerrados el 3 y 4 de julio; sin embargo, todos los parques estar\u00e1n abiertos para picnics, diversi\u00f3n y juegos. No se aceptar\u00e1n reservas de sitio para las vacaciones.<\/p>\n\n\n\n<p>La ciudad de Pasadena les desea a todos unas vacaciones seguras del 4 de julio. Recuerde, todos los fuegos artificiales son ilegales en Pasadena. Los infractores est\u00e1n sujetos a arresto, incautaci\u00f3n de sus veh\u00edculos y hasta un a\u00f1o de c\u00e1rcel con multas de hasta $50,000. Llame a la polic\u00eda de Pasadena al (626) 744-4241 para denunciar fuegos artificiales ilegales y otras actividades sospechosas. Los residentes tambi\u00e9n pueden usar la aplicaci\u00f3n m\u00f3vil Pasadena CSC, disponible en Google Play y App Store, para denunciar fuegos artificiales ilegales.<\/p>\n\n\n\n<p>La ciudad de Pasadena lo invita a celebrar el 4 de julio de manera responsable y unirse a nosotros en el 96.\u00ba AmericaFest anual en el Rose Bowl Stadium, una de las mejores celebraciones familiares y espect\u00e1culos profesionales de fuegos artificiales en el sur de California. Para obtener informaci\u00f3n sobre boletos y eventos, visite<a href=\"https:\/\/gcc02.safelinks.protection.outlook.com\/?url=https%3A%2F%2Frosebowlstadium.com%2Fevents%2Fdetails%2F204%2Fthe-96th-annual-americafest&amp;data=05%7C01%7Clderderian%40cityofpasadena.net%7C7fad02569dbd4884361b08da594a99f5%7C82d9fc002c664402a28fc6bcdc32e491%7C1%7C0%7C637920474461260789%7CUnknown%7CTWFpbGZsb3d8eyJWIjoiMC4wLjAwMDAiLCJQIjoiV2luMzIiLCJBTiI6Ik1haWwiLCJXVCI6Mn0%3D%7C3000%7C%7C%7C&amp;sdata=xm0kmqBfuF6%2BnDXWhCCua2wesm9mqFZLP370dNI8xb8%3D&amp;reserved=0\"> www.rosebowlstadium.com.<\/a><\/p>\n\n\n\n<p>La transmisi\u00f3n de COVID-19 contin\u00faa siendo generalizada y en aumento. El condado de Los \u00c1ngeles se mantiene en el <a href=\"https:\/\/streaklinks.com\/BGp6PvzWlir1m4qbSwRITHeP\/https%3A%2F%2Ft.sidekickopen90.com%2Fs3t%2Fc%2F5%2Ff18dQhb0S7kv8cp85kW21GymG59hl3kW7_k2847sCHKtMtftXPvM6wGW1Hnf132bzNKBf9hCY6701%3Fte%3DW3R5hFj4cm2zwW3N_FyF1S0G7cW3M1YQr41TRgPW45TRgW3K2B2XW43Tw8Z4hMntNW43SfLS43T4N9W4hLywB3R5hFjW4cbjZB1mp7wVW1SbD6L4kFl1WW3F5V0v3P4GX3W1SbD6L4kFl1VW3H3bCk1GJ2MDW3F8PxF1mp7wVW1S2K5N4hJWl5W1GJTXh4m4v-qW3ZWWls3vkYjRW3K2B2L4cQgwlW3JzGX23zd6CLW4cQgwl3K95JsW1_nDJX4fD5DmW3ZVc243vchCkW41YB3L1V8kw6W3ZRKbc4hJWkQW3K95Js1_khb-W3yLXqt45NhBJW2vJcR13_-r5hW4fQTxS4kCHTBW1mp67n4hJ2GmW1V8gTZ3_X5XxW3T3Szx3KbsMRW4cbjTF3ZWWlsW3vkYjR3K2B2LW3_R5N_3H3bCkW3vhrtb49PylmW2w0HVb49Pys0W3zhrq_1N6lBJW2szGRD21260dW3K8PNr49M7P6W1mpYy_3T3SB9W3M6w3p3z8PbPW3yMkmh4f8TQNW21jGG61N56zFW25dXP-1X1QJlW1V2qFz1N7Jz1W1Z0Nl124X1K_W1mrcF81Sr1HlW3DK7T23DMGdjW1W-tnJ1S4PLXW1_jsqW3DLptmW1X2cyw2120QmW2120KD2121fkW20ZT801X1nTMW1-X-SW1N7cc3W1mrcFJ41TQThW4mFTnL2sSKg2W45M58K4cGJXFW23gRN-3bd4PGW3SNxjx4mnRjDW4mp9s53SN5SjW2-nQNy3SSf5FW4hs99V3SN5SjW2qVblf1_63f7W3QZl3_3SN5SjW3dh_1r1_7LpTW1mpyR12120_2W1N4gcy2sv57JW1mrcDR4cHCXgW3yTBr13J-jZxW1Z73x44cHD49W4rvGX33GZlDCW3R0K7V4rkxffW4cKfd945SWt_W3yXQx72xr9Q6W1pTn7N3K8RlN4n49g1%26si%3D6034060113739776%26pi%3Db22b928c-dc96-48e6-d011-1ee0e4239de8\">nivel comunitario medio<\/a> en el marco de nivel comunitario COVID-19 de los Centros para el Control y la Prevenci\u00f3n de Enfermedades (CDC). Los funcionarios de salud recomiendan que <a href=\"https:\/\/streaklinks.com\/BGp6Pvn8fNxSidR3SwoFVaQy\/https%3A%2F%2Ft.sidekickopen90.com%2Fs3t%2Fc%2F5%2Ff18dQhb0S7kv8cp85kW21GymG59hl3kW7_k2847sCHKtMtftXPvM6wGW1Hnf132bzNKBf9hCY6701%3Fte%3DW3R5hFj4cm2zwW3N_FyF1S0G7cW3M1YQr41TRgPW45TRgW3K2B2XW43Tw8Z4hMntNW43SfLS43T4N9W4hLywB3R5hFjW4cbjZB1mp7wVW1SbF0k4fPf-FW1JxvHz3P4GX3W1SbwNl3zhrq_W1N6lBJ2szGRDW21260d3K8PNrW49M7P61mpYy_W3T3SB93M6w3pW3z8PbP3yMkmhW4f8TQN21jGG6W1N56zF25dXP-W1X1QJl1V2qFzW1N7Jz11Z0Nl1W24X1K_1mrcF8W1Sr1Hl3DK7T2W3DMGdj1W-tnJW1S4PLX1_jsqWW3DLptm1X2cywW2120Qm2120KDW2121fk20ZT80W1X1nTM1-X-SWW1N7cc31mrcFJW41TQTh4mFTnLW2sSKg245M58KW4cGJXF23gRN-W3bd4PG3SNxjxW4mnRjD4mp9s5W3SN5Sj2-nQNyW3SSf5F4hs99VW3SN5Sj2qVblfW1_63f73QZl3_W3SN5Sj3dh_1rW1_7LpT1mpyR1W2120_21N4gcyW2sv57J1mrcDRW4cHCXg3yTwH5W322RMY3Y1G5HW3b2y4v2WGJHJW2p1jD62KpqSyW38BRN52TKY7vW30JJyV21rMYCW3CcXq_1V8dkxW3K9cl24kCH7G1W3%26si%3D6034060113739776%26pi%3Db22b928c-dc96-48e6-d011-1ee0e4239de8\">todas las personas mayores de 6 meses se vacunen<\/a> y reciban dosis de refuerzo y refuerzos adicionales cuando sean elegibles para protegerse contra el COVID-19. Qu\u00e9dese en casa y evite las reuniones cuando est\u00e9 enfermo, y contin\u00fae usando m\u00e1scaras en situaciones de mayor riesgo, como en lugares p\u00fablicos en lugares cerrados donde no conoce el estado de vacunaci\u00f3n de todos.<\/p>\n","protected":false},"excerpt":{"rendered":"<p>Se recuerda a los residentes y negocios de Pasadena que el Ayuntamiento y muchos servicios y oficinas administrativas de la Ciudad estar\u00e1n cerrados el lunes 4 de julio en conmemoraci\u00f3n del D\u00eda de la Independencia. Los cierres espec\u00edficos y las excepciones se indican a continuaci\u00f3n. Los departamentos de polic\u00eda y bomberos de Pasadena contar\u00e1n con personal para todos los servicios de patrulla, c\u00e1rcel, bomberos, param\u00e9dicos y otros servicios de emergencia, pero las oficinas administrativas estar\u00e1n cerradas. Si ves algo, di [&hellip;]<\/p>\n","protected":false},"author":4,"featured_media":17574,"comment_status":"open","ping_status":"closed","sticky":false,"template":"","format":"standard","meta":[],"categories":[4],"tags":[],"acf":[],"_links":{"self":[{"href":"http:\/\/www.pasadenahoy.com\/primero\/wp-json\/wp\/v2\/posts\/17573"}],"collection":[{"href":"http:\/\/www.pasadenahoy.com\/primero\/wp-json\/wp\/v2\/posts"}],"about":[{"href":"http:\/\/www.pasadenahoy.com\/primero\/wp-json\/wp\/v2\/types\/post"}],"author":[{"embeddable":true,"href":"http:\/\/www.pasadenahoy.com\/primero\/wp-json\/wp\/v2\/users\/4"}],"replies":[{"embeddable":true,"href":"http:\/\/www.pasadenahoy.com\/primero\/wp-json\/wp\/v2\/comments?post=17573"}],"version-history":[{"count":2,"href":"http:\/\/www.pasadenahoy.com\/primero\/wp-json\/wp\/v2\/posts\/17573\/revisions"}],"predecessor-version":[{"id":17576,"href":"http:\/\/www.pasadenahoy.com\/primero\/wp-json\/wp\/v2\/posts\/17573\/revisions\/17576"}],"wp:featuredmedia":[{"embeddable":true,"href":"http:\/\/www.pasadenahoy.com\/primero\/wp-json\/wp\/v2\/media\/17574"}],"wp:attachment":[{"href":"http:\/\/www.pasadenahoy.com\/primero\/wp-json\/wp\/v2\/media?parent=17573"}],"wp:term":[{"taxonomy":"category","embeddable":true,"href":"http:\/\/www.pasadenahoy.com\/primero\/wp-json\/wp\/v2\/categories?post=17573"},{"taxonomy":"post_tag","embeddable":true,"href":"http:\/\/www.pasadenahoy.com\/primero\/wp-json\/wp\/v2\/tags?post=17573"}],"curies":[{"name":"wp","href":"https:\/\/api.w.org\/{rel}","templated":true}]}}