{"id":17577,"date":"2022-06-29T14:37:35","date_gmt":"2022-06-29T14:37:35","guid":{"rendered":"http:\/\/www.pasadenahoy.com\/primero\/?p=17577"},"modified":"2022-06-29T14:37:37","modified_gmt":"2022-06-29T14:37:37","slug":"funcionarios-aumentan-los-esfuerzos-para-suprimir-el-uso-de-fuegos-artificiales-ilegales-en-medio-de-un-clima-de-incendios-cada-vez-mas-preocupante","status":"publish","type":"post","link":"http:\/\/www.pasadenahoy.com\/primero\/la-comunidad\/funcionarios-aumentan-los-esfuerzos-para-suprimir-el-uso-de-fuegos-artificiales-ilegales-en-medio-de-un-clima-de-incendios-cada-vez-mas-preocupante\/","title":{"rendered":"Funcionarios aumentan los esfuerzos para suprimir el uso de fuegos artificiales ilegales en medio de un clima de incendios cada vez m\u00e1s preocupante"},"content":{"rendered":"\n<figure class=\"wp-block-image alignnone size-large\"><figure class=\"alignnone\"><img loading=\"lazy\" width=\"740\" height=\"396\" src=\"http:\/\/www.pasadenahoy.com\/primero\/wp-content\/uploads\/2022\/06\/pic-4-13.jpg\" alt=\"\" class=\"wp-image-17578\" srcset=\"http:\/\/www.pasadenahoy.com\/primero\/wp-content\/uploads\/2022\/06\/pic-4-13.jpg 740w, http:\/\/www.pasadenahoy.com\/primero\/wp-content\/uploads\/2022\/06\/pic-4-13-300x161.jpg 300w, http:\/\/www.pasadenahoy.com\/primero\/wp-content\/uploads\/2022\/06\/pic-4-13-243x130.jpg 243w, http:\/\/www.pasadenahoy.com\/primero\/wp-content\/uploads\/2022\/06\/pic-4-13-336x180.jpg 336w, http:\/\/www.pasadenahoy.com\/primero\/wp-content\/uploads\/2022\/06\/pic-4-13-700x375.jpg 700w, http:\/\/www.pasadenahoy.com\/primero\/wp-content\/uploads\/2022\/06\/pic-4-13-360x193.jpg 360w, http:\/\/www.pasadenahoy.com\/primero\/wp-content\/uploads\/2022\/06\/pic-4-13-720x385.jpg 720w\" sizes=\"100vw\" \/><figcaption><span class=\"caption-text\">Fuegos artificiales ilegales exhibidos por funcionarios de la ciudad en una conferencia de prensa sobre seguridad, actividades y cumplimiento frente al Rose Bowl en Pasadena, el jueves 3 de junio de 2021. (Foto de James Carbone)<\/span><\/figcaption><\/figure><\/figure>\n\n\n\n<p>El Departamento de Bomberos de Pasadena est\u00e1 adoptando un enfoque proactivo para mitigar los peligros potenciales de los fuegos artificiales ilegales durante el pr\u00f3ximo fin de semana del 4 de julio.<\/p>\n\n\n\n<p>Este a\u00f1o, el estado se encuentra en medio de severas condiciones de sequ\u00eda y, a medida que contin\u00faa el clima c\u00e1lido y seco, los incendios relacionados con los fuegos artificiales se perfilan como una preocupaci\u00f3n importante.<\/p>\n\n\n\n<p>En una reuni\u00f3n del Comit\u00e9 de Seguridad P\u00fablica el mi\u00e9rcoles pasado, el Jefe de Bomberos Chad Augustin se\u00f1al\u00f3 el Grupo de Trabajo de Fuegos Artificiales, formado anualmente como una cooperativa de los departamentos de polic\u00eda y bomberos de la ciudad.<\/p>\n\n\n\n<p>\u201cEl grupo de trabajo patrulla Pasadena todas las noches antes del feriado del 4 de julio con \u00e9nfasis en la prevenci\u00f3n, educaci\u00f3n y cumplimiento de los fuegos artificiales\u201d, dijo Augustin a Pasadena Now en una entrevista.<\/p>\n\n\n\n<p>El a\u00f1o pasado, los fuegos artificiales ilegales provocaron un incendio que atraves\u00f3 una casa de Pasadena y caus\u00f3 da\u00f1os importantes a una casa y dos apartamentos vecinos, as\u00ed como a media docena de autom\u00f3viles.<\/p>\n\n\n\n<p>Las autoridades cre\u00edan que las llamas hab\u00edan sido provocadas por dos ni\u00f1os que hab\u00edan estado jugando fuegos artificiales.<\/p>\n\n\n\n<p>La ciudad enmend\u00f3 recientemente su c\u00f3digo municipal para permitir que los propietarios o inquilinos que permiten el uso de fuegos artificiales en sus propiedades sean responsables, adem\u00e1s de aquellos que realmente los encienden.<br>La polic\u00eda y los bomberos confiscaron aproximadamente 50 libras de fuegos artificiales el a\u00f1o pasado.<\/p>\n\n\n\n<p>Hasta ahora, el departamento ha publicado 25 se\u00f1ales de advertencia en lo que va del a\u00f1o y planea colocar m\u00e1s.<\/p>\n\n\n\n<p>El departamento tambi\u00e9n inici\u00f3 lo que Augustin denomin\u00f3 \u201cuna s\u00f3lida campa\u00f1a de mensajes\u201d, inspeccion\u00f3 4,000 sitios de vegetaci\u00f3n peligrosa y coloc\u00f3 voluntarios preparados para ir de puerta en puerta en \u00e1reas donde hay quejas de fuegos artificiales.<\/p>\n\n\n\n<p>Hasta el 22 de junio, no se han reportado incendios ni lesiones relacionadas con fuegos artificiales en 2022 y hasta la fecha no se han confiscado fuegos artificiales este a\u00f1o.<\/p>\n\n\n\n<p>\u201cEste es un testimonio del gran trabajo que ha realizado el grupo de trabajo para limitar la disponibilidad de fuegos artificiales dentro de Pasadena\u201d, coment\u00f3 Augustin.<\/p>\n\n\n\n<p>A pesar de informar cero casos, los funcionarios a\u00fan est\u00e1n intensificando sus esfuerzos para prevenir los fuegos artificiales ilegales teniendo en cuenta las condiciones de sequ\u00eda y la alta probabilidad de que se inicien incendios.<\/p>\n\n\n\n<p>Augustin dijo que el departamento promover\u00e1 la concientizaci\u00f3n a trav\u00e9s de publicaciones en las redes sociales y la publicaci\u00f3n de pancartas y pancartas en los autobuses de Pasadena Transit, en los edificios p\u00fablicos de toda la ciudad y en los veh\u00edculos de la polic\u00eda, los bomberos y las obras p\u00fablicas de la ciudad.<\/p>\n\n\n\n<p>El departamento tambi\u00e9n aumentar\u00e1 las patrullas en los d\u00edas previos al 4 de julio, dijo Augustin.<\/p>\n\n\n\n<p>La supresi\u00f3n de fuegos artificiales tambi\u00e9n contin\u00faa en toda la regi\u00f3n.<\/p>\n\n\n\n<p>El lunes, la polic\u00eda evacu\u00f3 a los residentes de Azusa luego de que las autoridades descubrieran un alijo de fuegos artificiales ilegales dentro de una residencia. Se llam\u00f3 a la escena a un escuadr\u00f3n antibombas del Departamento del Sheriff del condado de Los \u00c1ngeles para que los fuegos artificiales fueran seguros.<\/p>\n","protected":false},"excerpt":{"rendered":"<p>El Departamento de Bomberos de Pasadena est\u00e1 adoptando un enfoque proactivo para mitigar los peligros potenciales de los fuegos artificiales ilegales durante el pr\u00f3ximo fin de semana del 4 de julio. Este a\u00f1o, el estado se encuentra en medio de severas condiciones de sequ\u00eda y, a medida que contin\u00faa el clima c\u00e1lido y seco, los incendios relacionados con los fuegos artificiales se perfilan como una preocupaci\u00f3n importante. En una reuni\u00f3n del Comit\u00e9 de Seguridad P\u00fablica el mi\u00e9rcoles pasado, el Jefe [&hellip;]<\/p>\n","protected":false},"author":4,"featured_media":0,"comment_status":"open","ping_status":"closed","sticky":false,"template":"","format":"standard","meta":[],"categories":[4],"tags":[],"acf":[],"_links":{"self":[{"href":"http:\/\/www.pasadenahoy.com\/primero\/wp-json\/wp\/v2\/posts\/17577"}],"collection":[{"href":"http:\/\/www.pasadenahoy.com\/primero\/wp-json\/wp\/v2\/posts"}],"about":[{"href":"http:\/\/www.pasadenahoy.com\/primero\/wp-json\/wp\/v2\/types\/post"}],"author":[{"embeddable":true,"href":"http:\/\/www.pasadenahoy.com\/primero\/wp-json\/wp\/v2\/users\/4"}],"replies":[{"embeddable":true,"href":"http:\/\/www.pasadenahoy.com\/primero\/wp-json\/wp\/v2\/comments?post=17577"}],"version-history":[{"count":2,"href":"http:\/\/www.pasadenahoy.com\/primero\/wp-json\/wp\/v2\/posts\/17577\/revisions"}],"predecessor-version":[{"id":17580,"href":"http:\/\/www.pasadenahoy.com\/primero\/wp-json\/wp\/v2\/posts\/17577\/revisions\/17580"}],"wp:attachment":[{"href":"http:\/\/www.pasadenahoy.com\/primero\/wp-json\/wp\/v2\/media?parent=17577"}],"wp:term":[{"taxonomy":"category","embeddable":true,"href":"http:\/\/www.pasadenahoy.com\/primero\/wp-json\/wp\/v2\/categories?post=17577"},{"taxonomy":"post_tag","embeddable":true,"href":"http:\/\/www.pasadenahoy.com\/primero\/wp-json\/wp\/v2\/tags?post=17577"}],"curies":[{"name":"wp","href":"https:\/\/api.w.org\/{rel}","templated":true}]}}