{"id":9530,"date":"2021-07-05T16:20:15","date_gmt":"2021-07-05T16:20:15","guid":{"rendered":"http:\/\/www.pasadenahoy.com\/primero\/?p=9530"},"modified":"2021-07-05T16:20:17","modified_gmt":"2021-07-05T16:20:17","slug":"17-citaciones-de-fuegos-artificiales-emitidas-en-pasadena-el-4-de-julio","status":"publish","type":"post","link":"http:\/\/www.pasadenahoy.com\/primero\/la-comunidad\/17-citaciones-de-fuegos-artificiales-emitidas-en-pasadena-el-4-de-julio\/","title":{"rendered":"17 citaciones de fuegos artificiales emitidas en Pasadena el 4 de julio"},"content":{"rendered":"\n<figure class=\"wp-block-image alignnone size-large\"><figure class=\"alignnone\"><img loading=\"lazy\" width=\"740\" height=\"396\" src=\"http:\/\/www.pasadenahoy.com\/primero\/wp-content\/uploads\/2021\/07\/pic-9.jpg\" alt=\"\" class=\"wp-image-9531\" srcset=\"http:\/\/www.pasadenahoy.com\/primero\/wp-content\/uploads\/2021\/07\/pic-9.jpg 740w, http:\/\/www.pasadenahoy.com\/primero\/wp-content\/uploads\/2021\/07\/pic-9-300x161.jpg 300w, http:\/\/www.pasadenahoy.com\/primero\/wp-content\/uploads\/2021\/07\/pic-9-243x130.jpg 243w, http:\/\/www.pasadenahoy.com\/primero\/wp-content\/uploads\/2021\/07\/pic-9-336x180.jpg 336w, http:\/\/www.pasadenahoy.com\/primero\/wp-content\/uploads\/2021\/07\/pic-9-700x375.jpg 700w, http:\/\/www.pasadenahoy.com\/primero\/wp-content\/uploads\/2021\/07\/pic-9-360x193.jpg 360w, http:\/\/www.pasadenahoy.com\/primero\/wp-content\/uploads\/2021\/07\/pic-9-720x385.jpg 720w\" sizes=\"100vw\" \/><figcaption><span class=\"caption-text\">Fuegos artificiales ilegales exhibidos por funcionarios de la ciudad en una conferencia de prensa sobre seguridad, actividades y cumplimiento frente al Rose Bowl en Pasadena, el jueves 3 de junio de 2021. (Foto de James Carbone)<\/span><\/figcaption><\/figure><\/figure>\n\n\n\n<p>Las autoridades emitieron 17 citaciones por violaciones a la prohibici\u00f3n de los fuegos artificiales en Pasadena el D\u00eda de la Independencia, dijeron las autoridades.<\/p>\n\n\n\n<p>Adem\u00e1s de las 17 multas emitidas a las 2 a.m. del 4 de julio, se escribieron otras tres en los d\u00edas previos al feriado, dijo la portavoz de la ciudad Lisa Derderian. Fueron posibles citaciones adicionales ya que la aplicaci\u00f3n continu\u00f3 el lunes.<\/p>\n\n\n\n<p>La ciudad enmend\u00f3 recientemente su c\u00f3digo municipal para permitir que los propietarios o inquilinos que permiten el uso de fuegos artificiales en sus propiedades sean responsables, adem\u00e1s de los que realmente los encienden.<\/p>\n\n\n\n<p>La polic\u00eda y los bomberos confiscaron aproximadamente 50 libras de fuegos artificiales esta temporada, agreg\u00f3.<\/p>\n\n\n\n<p>No se reportaron heridos o incendios relacionados con los fuegos artificiales el domingo, dijo Derderian. Pero tres residentes de Pasadena perdieron su hogar en 894 N. Summit Ave. el 8 de junio <a href=\"https:\/\/www.pasadenanow.com\/main\/neighbors-raise-funds-for-pasadena-family-after-blaze-sparked-by-fireworks-destroys-their-home\/\">en un incendio atribuido a los fuegos artificiales <\/a>encendidos por un ni\u00f1o que vive al lado.<\/p>\n\n\n\n<p>La polic\u00eda no inform\u00f3 de incidentes significativos durante el espect\u00e1culo de fuegos artificiales AmericaFest en el Rose Bowl.<\/p>\n","protected":false},"excerpt":{"rendered":"<p>Las autoridades emitieron 17 citaciones por violaciones a la prohibici\u00f3n de los fuegos artificiales en Pasadena el D\u00eda de la Independencia, dijeron las autoridades. Adem\u00e1s de las 17 multas emitidas a las 2 a.m. del 4 de julio, se escribieron otras tres en los d\u00edas previos al feriado, dijo la portavoz de la ciudad Lisa Derderian. Fueron posibles citaciones adicionales ya que la aplicaci\u00f3n continu\u00f3 el lunes. La ciudad enmend\u00f3 recientemente su c\u00f3digo municipal para permitir que los propietarios o [&hellip;]<\/p>\n","protected":false},"author":4,"featured_media":0,"comment_status":"open","ping_status":"closed","sticky":false,"template":"","format":"standard","meta":[],"categories":[4],"tags":[],"acf":[],"_links":{"self":[{"href":"http:\/\/www.pasadenahoy.com\/primero\/wp-json\/wp\/v2\/posts\/9530"}],"collection":[{"href":"http:\/\/www.pasadenahoy.com\/primero\/wp-json\/wp\/v2\/posts"}],"about":[{"href":"http:\/\/www.pasadenahoy.com\/primero\/wp-json\/wp\/v2\/types\/post"}],"author":[{"embeddable":true,"href":"http:\/\/www.pasadenahoy.com\/primero\/wp-json\/wp\/v2\/users\/4"}],"replies":[{"embeddable":true,"href":"http:\/\/www.pasadenahoy.com\/primero\/wp-json\/wp\/v2\/comments?post=9530"}],"version-history":[{"count":2,"href":"http:\/\/www.pasadenahoy.com\/primero\/wp-json\/wp\/v2\/posts\/9530\/revisions"}],"predecessor-version":[{"id":9533,"href":"http:\/\/www.pasadenahoy.com\/primero\/wp-json\/wp\/v2\/posts\/9530\/revisions\/9533"}],"wp:attachment":[{"href":"http:\/\/www.pasadenahoy.com\/primero\/wp-json\/wp\/v2\/media?parent=9530"}],"wp:term":[{"taxonomy":"category","embeddable":true,"href":"http:\/\/www.pasadenahoy.com\/primero\/wp-json\/wp\/v2\/categories?post=9530"},{"taxonomy":"post_tag","embeddable":true,"href":"http:\/\/www.pasadenahoy.com\/primero\/wp-json\/wp\/v2\/tags?post=9530"}],"curies":[{"name":"wp","href":"https:\/\/api.w.org\/{rel}","templated":true}]}}