{"id":9551,"date":"2021-07-06T16:09:33","date_gmt":"2021-07-06T16:09:33","guid":{"rendered":"http:\/\/www.pasadenahoy.com\/primero\/?p=9551"},"modified":"2021-07-06T16:09:35","modified_gmt":"2021-07-06T16:09:35","slug":"la-defensora-de-pasadena-organizacion-local-de-derechos-civiles-nombro-a-la-ywca-2021-women-for-racial-justice","status":"publish","type":"post","link":"http:\/\/www.pasadenahoy.com\/primero\/la-comunidad\/la-defensora-de-pasadena-organizacion-local-de-derechos-civiles-nombro-a-la-ywca-2021-women-for-racial-justice\/","title":{"rendered":"La defensora de Pasadena, organizaci\u00f3n local de derechos civiles, nombr\u00f3 a la YWCA 2021 Women for Racial Justice"},"content":{"rendered":"\n<figure class=\"wp-block-image alignnone size-large\"><figure class=\"alignnone\"><img loading=\"lazy\" width=\"740\" height=\"400\" src=\"http:\/\/www.pasadenahoy.com\/primero\/wp-content\/uploads\/2021\/07\/pic-2-2.png\" alt=\"\" class=\"wp-image-9552\" srcset=\"http:\/\/www.pasadenahoy.com\/primero\/wp-content\/uploads\/2021\/07\/pic-2-2.png 740w, http:\/\/www.pasadenahoy.com\/primero\/wp-content\/uploads\/2021\/07\/pic-2-2-300x162.png 300w, http:\/\/www.pasadenahoy.com\/primero\/wp-content\/uploads\/2021\/07\/pic-2-2-241x130.png 241w, http:\/\/www.pasadenahoy.com\/primero\/wp-content\/uploads\/2021\/07\/pic-2-2-333x180.png 333w, http:\/\/www.pasadenahoy.com\/primero\/wp-content\/uploads\/2021\/07\/pic-2-2-700x378.png 700w, http:\/\/www.pasadenahoy.com\/primero\/wp-content\/uploads\/2021\/07\/pic-2-2-360x195.png 360w, http:\/\/www.pasadenahoy.com\/primero\/wp-content\/uploads\/2021\/07\/pic-2-2-720x389.png 720w\" sizes=\"100vw\" \/><\/figure><\/figure>\n\n\n\n<p>Juliana Serrano, nativa de Pasadena, y la sucursal de Pasadena de la Asociaci\u00f3n Nacional para el Avance de las Personas de Color (NAACP) se encuentran entre las ganadoras de este a\u00f1o de YWCA Glendale y Pasadena Women for Racial Justice.<\/p>\n\n\n\n<p>Serrano y NAACP Pasadena, junto con la representante federal Karen Bass, dem\u00f3crata por Los \u00c1ngeles y la abogada de inmigraci\u00f3n Angeline Chen, ser\u00e1n honrados durante una celebraci\u00f3n en el pr\u00f3ximo Desayuno de Mujeres por la Justicia Racial de la YWCA el 20 de octubre.<\/p>\n\n\n\n<p>La presentadora de noticias ganadora del premio Emmy Cher Calvin ser\u00e1 la anfitriona del evento virtual, con el tema &#8220;Verdad, Sanaci\u00f3n y Transformaci\u00f3n&#8221;.<\/p>\n\n\n\n<p>La poeta de renombre mundial Nikki Giovanni es la oradora principal de este a\u00f1o.<\/p>\n\n\n\n<p>Serrano es actualmente vicepresidente de defensa y equidad en Planned Parenthood Pasadena y San Gabriel Valley, y miembro del Comit\u00e9 Asesor Comunitario del Jefe de Polic\u00eda de Pasadena.<\/p>\n\n\n\n<p>&#8220;Estoy muy emocionado de estar entre Karen Bass y Angelina Ten, que es simplemente una l\u00edder local incre\u00edble&#8221;, dijo Serrano. \u201cSer premiado por una organizaci\u00f3n en la que he trabajado mucho en los \u00faltimos a\u00f1os y tengo tanto respeto por la rama de Pasadena de la NAACP, es muy emocionante. Dir\u00e9 que el hecho de que Nikki Giovanni sea la oradora principal es enorme &#8220;.<\/p>\n\n\n\n<p>Serrano dijo que quedan muchos problemas urgentes de justicia racial.<\/p>\n\n\n\n<p>\u201cNuestro pa\u00eds todav\u00eda est\u00e1 luchando mucho contra el racismo y su impacto en una variedad de aspectos de nuestra vida, que incluyen, entre otros, la atenci\u00f3n m\u00e9dica\u201d, contin\u00faa. \u201cEntonces, cuando hice la transici\u00f3n para trabajar con un proveedor de atenci\u00f3n m\u00e9dica, s\u00e9 que parte de lo que har\u00e9 es trabajar con un equipo de l\u00edderes incre\u00edbles para asegurarme de que continuamos brindando atenci\u00f3n m\u00e9dica equitativa a los miembros de nuestra comunidad que la necesitan y la hacen. que la prestaci\u00f3n de asistencia sanitaria sea respetuosa y reconozca las diferencias culturales de las personas cuando ingresan a los centros de salud. No hay suficiente medicina haciendo eso en estos d\u00edas y eso es lo que pretendemos hacer en Planned Parenthood &#8220;.<\/p>\n\n\n\n<p>Otro tema que considera muy importante es la aplicaci\u00f3n de la ley y su relaci\u00f3n con la comunidad.<\/p>\n\n\n\n<p>\u201cNuestra naci\u00f3n, en su conjunto, ha podido cambiar la conversaci\u00f3n en torno a la vigilancia y lo que esperamos exigir de nuestros departamentos de polic\u00eda en todo el pa\u00eds, como resultado de lo que le sucedi\u00f3 al Sr. George Floyd\u201d, dijo Serrano. \u201cHa habido muchos otros antes que \u00e9l y desde \u00e9l tambi\u00e9n, pero estamos cambiando esta conversaci\u00f3n y es algo con lo que no podemos bajar la guardia. Estoy muy emocionado de que Pasadena haya comenzado su primera comisi\u00f3n de supervisi\u00f3n policial comunitaria. Y habiendo sido nombrados para esa comisi\u00f3n, pronto podremos comenzar con ese trabajo realmente cr\u00edtico &#8220;.<\/p>\n\n\n\n<p>Este a\u00f1o, la YWCA de Pasadena-Foothill Valley se fusion\u00f3 con la YWCA de Glendale despu\u00e9s de m\u00e1s de un a\u00f1o de planificaci\u00f3n, dijo Tara Peterson, directora ejecutiva de YWCA Glendale y Pasadena. En septiembre, la organizaci\u00f3n planea reabrir la oficina de Pasadena en el Western Justice Center en 55 S. Grand Ave.<\/p>\n\n\n\n<p>\u201cLa junta directiva de la YWCA Pasadena ha estado dirigiendo la antigua organizaci\u00f3n all\u00ed sin un director ejecutivo durante un par de a\u00f1os\u201d, dijo Peterson. \u201cEsos miembros de la junta ahora forman parte de nuestro comit\u00e9 de recaudaci\u00f3n de fondos de Pasadena y su prop\u00f3sito es ayudarnos a continuar recaudando fondos para apoyar los programas que planeamos ejecutar en Pasadena. Por lo tanto, est\u00e1n b\u00e1sicamente encargados de armar este legado continuo de la YWCA Pasadena y ayudarnos a desarrollar la agenda y seleccionar a los homenajeados para el desayuno cada a\u00f1o &#8220;.<\/p>\n\n\n\n<p>Para obtener m\u00e1s informaci\u00f3n y reservar boletos para el desayuno anual, visite www.glendaleywca.org.<\/p>\n","protected":false},"excerpt":{"rendered":"<p>Juliana Serrano, nativa de Pasadena, y la sucursal de Pasadena de la Asociaci\u00f3n Nacional para el Avance de las Personas de Color (NAACP) se encuentran entre las ganadoras de este a\u00f1o de YWCA Glendale y Pasadena Women for Racial Justice. Serrano y NAACP Pasadena, junto con la representante federal Karen Bass, dem\u00f3crata por Los \u00c1ngeles y la abogada de inmigraci\u00f3n Angeline Chen, ser\u00e1n honrados durante una celebraci\u00f3n en el pr\u00f3ximo Desayuno de Mujeres por la Justicia Racial de la YWCA [&hellip;]<\/p>\n","protected":false},"author":4,"featured_media":9552,"comment_status":"open","ping_status":"closed","sticky":false,"template":"","format":"standard","meta":[],"categories":[4],"tags":[],"acf":[],"_links":{"self":[{"href":"http:\/\/www.pasadenahoy.com\/primero\/wp-json\/wp\/v2\/posts\/9551"}],"collection":[{"href":"http:\/\/www.pasadenahoy.com\/primero\/wp-json\/wp\/v2\/posts"}],"about":[{"href":"http:\/\/www.pasadenahoy.com\/primero\/wp-json\/wp\/v2\/types\/post"}],"author":[{"embeddable":true,"href":"http:\/\/www.pasadenahoy.com\/primero\/wp-json\/wp\/v2\/users\/4"}],"replies":[{"embeddable":true,"href":"http:\/\/www.pasadenahoy.com\/primero\/wp-json\/wp\/v2\/comments?post=9551"}],"version-history":[{"count":2,"href":"http:\/\/www.pasadenahoy.com\/primero\/wp-json\/wp\/v2\/posts\/9551\/revisions"}],"predecessor-version":[{"id":9554,"href":"http:\/\/www.pasadenahoy.com\/primero\/wp-json\/wp\/v2\/posts\/9551\/revisions\/9554"}],"wp:featuredmedia":[{"embeddable":true,"href":"http:\/\/www.pasadenahoy.com\/primero\/wp-json\/wp\/v2\/media\/9552"}],"wp:attachment":[{"href":"http:\/\/www.pasadenahoy.com\/primero\/wp-json\/wp\/v2\/media?parent=9551"}],"wp:term":[{"taxonomy":"category","embeddable":true,"href":"http:\/\/www.pasadenahoy.com\/primero\/wp-json\/wp\/v2\/categories?post=9551"},{"taxonomy":"post_tag","embeddable":true,"href":"http:\/\/www.pasadenahoy.com\/primero\/wp-json\/wp\/v2\/tags?post=9551"}],"curies":[{"name":"wp","href":"https:\/\/api.w.org\/{rel}","templated":true}]}}