{"id":9555,"date":"2021-07-06T16:15:07","date_gmt":"2021-07-06T16:15:07","guid":{"rendered":"http:\/\/www.pasadenahoy.com\/primero\/?p=9555"},"modified":"2021-07-06T16:15:10","modified_gmt":"2021-07-06T16:15:10","slug":"pasadena-city-college-alivia-las-restricciones-de-covid-19-y-reanudara-la-aplicacion-de-la-ley-de-estacionamiento-en-el-semestre-de-otono","status":"publish","type":"post","link":"http:\/\/www.pasadenahoy.com\/primero\/la-comunidad\/pasadena-city-college-alivia-las-restricciones-de-covid-19-y-reanudara-la-aplicacion-de-la-ley-de-estacionamiento-en-el-semestre-de-otono\/","title":{"rendered":"Pasadena City College alivia las restricciones de COVID-19 y reanudar\u00e1 la aplicaci\u00f3n de la ley de estacionamiento en el semestre de oto\u00f1o"},"content":{"rendered":"\n<figure class=\"wp-block-image alignnone size-large\"><figure class=\"alignnone\"><img loading=\"lazy\" width=\"740\" height=\"400\" src=\"http:\/\/www.pasadenahoy.com\/primero\/wp-content\/uploads\/2021\/07\/pic3.jpg\" alt=\"\" class=\"wp-image-9556\" srcset=\"http:\/\/www.pasadenahoy.com\/primero\/wp-content\/uploads\/2021\/07\/pic3.jpg 740w, http:\/\/www.pasadenahoy.com\/primero\/wp-content\/uploads\/2021\/07\/pic3-300x162.jpg 300w, http:\/\/www.pasadenahoy.com\/primero\/wp-content\/uploads\/2021\/07\/pic3-241x130.jpg 241w, http:\/\/www.pasadenahoy.com\/primero\/wp-content\/uploads\/2021\/07\/pic3-333x180.jpg 333w, http:\/\/www.pasadenahoy.com\/primero\/wp-content\/uploads\/2021\/07\/pic3-700x378.jpg 700w, http:\/\/www.pasadenahoy.com\/primero\/wp-content\/uploads\/2021\/07\/pic3-360x195.jpg 360w, http:\/\/www.pasadenahoy.com\/primero\/wp-content\/uploads\/2021\/07\/pic3-720x389.jpg 720w\" sizes=\"100vw\" \/><figcaption><span class=\"caption-text\">Foto cortes\u00eda de Facebook de Pasadena City College<\/span><\/figcaption><\/figure><\/figure>\n\n\n\n<p>Pasadena City College relajar\u00e1 las restricciones de salud en el campus, siguiendo la orden ejecutiva del gobernador Gavin Newsom el 11 de junio y la acci\u00f3n reciente de la Divisi\u00f3n de Seguridad y Salud Ocupacional de California (Cal \/ OSHA).<\/p>\n\n\n\n<p>\u201cEl 6 de julio de 2021, la universidad levantar\u00e1 todas las restricciones de capacidad y distanciamiento social para sus instalaciones, con excepciones en el Centro de Desarrollo Infantil, instalaciones m\u00e9dicas, ciertos laboratorios y espacios de aprendizaje comunitarios, veh\u00edculos de transporte de PCC y ciertos eventos grandes\u201d, dijo un aviso de PCC publicado en Facebook el s\u00e1bado.<\/p>\n\n\n\n<p>Si bien los controles de temperatura y las pulseras ya no ser\u00e1n necesarios a partir del martes, cualquier persona que venga al campus deber\u00e1 completar una encuesta diaria de s\u00edntomas de COVID-19 y proporcionar prueba del resultado a pedido, dijo PCC en el aviso.<\/p>\n\n\n\n<p>La polic\u00eda del campus de PCC tambi\u00e9n abrir\u00e1 todos los edificios para uso regular a partir del martes. La aplicaci\u00f3n del estacionamiento se reanudar\u00e1 al comienzo del semestre de oto\u00f1o, lo que significa que todos los veh\u00edculos estacionados en la universidad deben proporcionar un permiso de estacionamiento v\u00e1lido, dec\u00eda el aviso.<\/p>\n\n\n\n<p>En el aviso, PCC tambi\u00e9n enfatiz\u00f3 la necesidad de que todos los miembros de la comunidad de PCC est\u00e9n vacunados contra COVID-19.<\/p>\n\n\n\n<p>&#8220;M\u00e1s all\u00e1 de los beneficios para la salud p\u00fablica y la seguridad bien establecida de las vacunas COVID-19, fomentar la vacunaci\u00f3n es un paso que todos podemos tomar para ayudar a las comunidades de color a evitar las graves consecuencias de una enfermedad que ha afectado de manera desproporcionada a estas poblaciones&#8221;, dijo PCC. . &#8220;Adem\u00e1s, las personas no vacunadas ser\u00e1n m\u00e1s susceptibles a los brotes o brotes y las posteriores respuestas de salud p\u00fablica, si las hay, que se produzcan en nuestra comunidad&#8221;.<\/p>\n\n\n\n<p>Ya no se requerir\u00e1 que las personas vacunadas usen m\u00e1scaras mientras est\u00e9n en el PCC a partir del martes. Las personas no vacunadas, por otro lado, deben continuar usando m\u00e1scaras en el interior. Tambi\u00e9n se requerir\u00e1n m\u00e1scaras en el interior del Centro de Desarrollo Infantil, el Centro de Salud Estudiantil, la cl\u00ednica dental y mientras se viaja en los veh\u00edculos de transporte del PCC, continu\u00f3 el aviso.<\/p>\n\n\n\n<p>\u201cEn el contexto del aumento de casos relacionados con la variante Delta, la universidad recomienda encarecidamente que las personas usen m\u00e1scaras con otras personas cuyo estado de vacunaci\u00f3n se desconoce, ya sea en interiores en espacios p\u00fablicos o al aire libre en grandes multitudes\u201d, dijo PCC. \u201cDurante este per\u00edodo, es posible que algunas personas todav\u00eda prefieran usar m\u00e1scaras o cubiertas faciales como precauci\u00f3n contra las enfermedades. Lo alentamos a que respete las preferencias de los dem\u00e1s y recuerde que todos trabajamos con las mejores intenciones &#8220;.<\/p>\n\n\n\n<p>Para cumplir con el requisito de la encuesta diaria de s\u00edntomas COVID-19, visite <a href=\"https:\/\/pasadena.sjc1.qualtrics.com\/\u2026\/SV_8jg7cfMTFjqewst.\">https:\/\/pasadena.sjc1.qualtrics.com\/\u2026\/SV_8jg7cfMTFjqewst.<\/a><\/p>\n\n\n\n<p>Para obtener la informaci\u00f3n m\u00e1s reciente, visite la p\u00e1gina de transici\u00f3n del coronavirus del PCC, <a href=\"https:\/\/pasadena.edu\/...\/coronavirus-updates\/index.php\">www.pasadena.edu\/\u2026\/coronavirus-updates\/index.php.<\/a><\/p>\n","protected":false},"excerpt":{"rendered":"<p>Pasadena City College relajar\u00e1 las restricciones de salud en el campus, siguiendo la orden ejecutiva del gobernador Gavin Newsom el 11 de junio y la acci\u00f3n reciente de la Divisi\u00f3n de Seguridad y Salud Ocupacional de California (Cal \/ OSHA). \u201cEl 6 de julio de 2021, la universidad levantar\u00e1 todas las restricciones de capacidad y distanciamiento social para sus instalaciones, con excepciones en el Centro de Desarrollo Infantil, instalaciones m\u00e9dicas, ciertos laboratorios y espacios de aprendizaje comunitarios, veh\u00edculos de transporte [&hellip;]<\/p>\n","protected":false},"author":4,"featured_media":9556,"comment_status":"open","ping_status":"closed","sticky":false,"template":"","format":"standard","meta":[],"categories":[4],"tags":[],"acf":[],"_links":{"self":[{"href":"http:\/\/www.pasadenahoy.com\/primero\/wp-json\/wp\/v2\/posts\/9555"}],"collection":[{"href":"http:\/\/www.pasadenahoy.com\/primero\/wp-json\/wp\/v2\/posts"}],"about":[{"href":"http:\/\/www.pasadenahoy.com\/primero\/wp-json\/wp\/v2\/types\/post"}],"author":[{"embeddable":true,"href":"http:\/\/www.pasadenahoy.com\/primero\/wp-json\/wp\/v2\/users\/4"}],"replies":[{"embeddable":true,"href":"http:\/\/www.pasadenahoy.com\/primero\/wp-json\/wp\/v2\/comments?post=9555"}],"version-history":[{"count":2,"href":"http:\/\/www.pasadenahoy.com\/primero\/wp-json\/wp\/v2\/posts\/9555\/revisions"}],"predecessor-version":[{"id":9558,"href":"http:\/\/www.pasadenahoy.com\/primero\/wp-json\/wp\/v2\/posts\/9555\/revisions\/9558"}],"wp:featuredmedia":[{"embeddable":true,"href":"http:\/\/www.pasadenahoy.com\/primero\/wp-json\/wp\/v2\/media\/9556"}],"wp:attachment":[{"href":"http:\/\/www.pasadenahoy.com\/primero\/wp-json\/wp\/v2\/media?parent=9555"}],"wp:term":[{"taxonomy":"category","embeddable":true,"href":"http:\/\/www.pasadenahoy.com\/primero\/wp-json\/wp\/v2\/categories?post=9555"},{"taxonomy":"post_tag","embeddable":true,"href":"http:\/\/www.pasadenahoy.com\/primero\/wp-json\/wp\/v2\/tags?post=9555"}],"curies":[{"name":"wp","href":"https:\/\/api.w.org\/{rel}","templated":true}]}}